{"id":1208,"date":"2021-04-30T23:14:55","date_gmt":"2021-05-01T02:14:55","guid":{"rendered":"http:\/\/focotocantinense.com.br\/?p=1208"},"modified":"2021-04-30T23:15:55","modified_gmt":"2021-05-01T02:15:55","slug":"gurupienses-integram-o-movimento-vidas-idosas-importam","status":"publish","type":"post","link":"https:\/\/focotocantinense.com.br\/?p=1208","title":{"rendered":"Gurupienses integram o Movimento Vidas Idosas Importam"},"content":{"rendered":"\n<p>O Movimento Vidas Idosas Importam, criado no dia 10 de dezembro, Dia Internacional dos Direitos Humanos, em 2020, nasceu com o objetivo principal de valorizar a pessoa idosa na defesa de seus direitos e na promo\u00e7\u00e3o de sua participa\u00e7\u00e3o na sociedade. Inspirado no norte-americano&nbsp;<em>Black Life Matter&nbsp;<\/em>(Vidas Negras Importam), o movimento \u00e9 apartid\u00e1rio, tem abrang\u00eancia nacional e presen\u00e7a no exterior (Portugal, Su\u00ed\u00e7a e Espanha) e surgiu a partir da iniciativa do gerontologista Crismedio Costa, ativista dos Direitos Humanos da Pessoa Idosa. Tem \u00e0 frente a coordenadora nacional Sandra Regina Gomes (SP), a coordenadora nacional adjunta Sandra Rabello (RJ) e o articulador nacional Crism\u00e9dio Costa (AL).<\/p>\n\n\n\n<p>Os gurupienses Wylker Saraiva, Mestre em Educa\u00e7\u00e3o e Vin\u00edcius Martins Diretor Municipal do Idoso integram o movimento ativista pelo direito da pessoa idosa.<\/p>\n\n\n\n<p><em>\u201cSer ativista pelo direito da pessoa idosa \u00e9 respeitar a vida. Levanto essa bandeira em busca de uma melhor qualidade de vida para as pessoas que j\u00e1 se dedicaram muito pela sociedade, o meu instrumento \u00e9 o exerc\u00edcio f\u00edsico atuando diretamente no resgate de capacidades funcionais dos idosos, trazendo mais independ\u00eancia em atividades b\u00e1sicas da vida di\u00e1ria. Um idoso ainda continua com seu papel social ativo, mesmo sendo protagonista de todas as esferas que o envelhecimento pode trazer\u201d<\/em>, disse Wylker Saraiva.<\/p>\n\n\n\n<p><em>\u201cOs principais objetivos do Movimento Vidas Idosas Importam s\u00e3o a valoriza\u00e7\u00e3o, inclus\u00e3o e defesa da diversidade do envelhecimento. Para tanto, o projeto potencializa a\u00e7\u00f5es que contribuam para o protagonismo da pessoa idosa e a efetiva prote\u00e7\u00e3o contra a discrimina\u00e7\u00e3o et\u00e1ria, denominada idadismo\u201d<\/em>, explicou &nbsp;Vinicius Martins.<\/p>\n\n\n\n<p>O Diretor Municipal do Idoso, Vin\u00edcius Martins, ressalta ainda que o trabalho realizado pela atual administra\u00e7\u00e3o da Prefeitura de Gurupi vai ao encontro do Movimento Vida Idosas Importam e destaca a\u00e7\u00f5es realizadas nesses 100 dias de gest\u00e3o como, &nbsp;o alinhamento com o Conselho Estadual do Idoso sobre pol\u00edticas p\u00fablicas voltadas para o idoso em Gurupi; Atualiza\u00e7\u00e3o de cadastro e cria\u00e7\u00e3o de um banco de dados; Campanha contra o golpe \u201c<em>Fila da Vacina<\/em>\u201d aplicado em idosos devido a pandemia, onde se passavam por funcion\u00e1rios da Prefeitura; Campanha Declare Seu Amor &#8211; para incentivar pessoas f\u00edsicas e jur\u00eddicas a fazerem doa\u00e7\u00f5es ao Fundo Municipal dos Direitos da Crian\u00e7a e do Adolescente e ao Fundo Municipal do Idoso, deduzidos do Imposto de Renda, com apoio do Minist\u00e9rio P\u00fablico; Doa\u00e7\u00e3o de R$ 30.000,00 do Banco da Amaz\u00f4nia ao Fundo Municipal do Idoso; Atendimento domiciliar as fam\u00edlias dos acolhidos na casa do idoso; Alinhamento estrat\u00e9gico das a\u00e7\u00f5es de enfrentamento a Covid_ 19 e assist\u00eancia em parceria com o CRAS e CREAS; Reativa\u00e7\u00e3o do Conselho Municipal dos Direitos da Pessoa Idosa; dentre outras.<\/p>\n\n\n\n<figure class=\"wp-block-image size-large\"><img loading=\"lazy\" decoding=\"async\" width=\"556\" height=\"370\" src=\"http:\/\/focotocantinense.com.br\/wp-content\/uploads\/2021\/04\/image-6.png\" alt=\"\" class=\"wp-image-1209\" srcset=\"https:\/\/focotocantinense.com.br\/wp-content\/uploads\/2021\/04\/image-6.png 556w, https:\/\/focotocantinense.com.br\/wp-content\/uploads\/2021\/04\/image-6-300x200.png 300w, https:\/\/focotocantinense.com.br\/wp-content\/uploads\/2021\/04\/image-6-310x205.png 310w\" sizes=\"auto, (max-width: 556px) 100vw, 556px\" \/><\/figure>\n","protected":false},"excerpt":{"rendered":"<p>O Movimento Vidas Idosas Importam, criado no dia 10 de dezembro, Dia Internacional dos Direitos Humanos, em 2020, nasceu com o objetivo principal de valorizar a pessoa idosa na defesa de seus direitos e na promo\u00e7\u00e3o de sua participa\u00e7\u00e3o na sociedade. Inspirado no norte-americano&nbsp;Black Life Matter&nbsp;(Vidas Negras Importam), o movimento \u00e9 apartid\u00e1rio, tem abrang\u00eancia nacional &hellip;<\/p>\n","protected":false},"author":5,"featured_media":1211,"comment_status":"open","ping_status":"open","sticky":true,"template":"","format":"standard","meta":{"footnotes":""},"categories":[38,1],"tags":[],"class_list":["post-1208","post","type-post","status-publish","format-standard","has-post-thumbnail","","category-gurupi","category-sem-categoria"],"_links":{"self":[{"href":"https:\/\/focotocantinense.com.br\/index.php?rest_route=\/wp\/v2\/posts\/1208","targetHints":{"allow":["GET"]}}],"collection":[{"href":"https:\/\/focotocantinense.com.br\/index.php?rest_route=\/wp\/v2\/posts"}],"about":[{"href":"https:\/\/focotocantinense.com.br\/index.php?rest_route=\/wp\/v2\/types\/post"}],"author":[{"embeddable":true,"href":"https:\/\/focotocantinense.com.br\/index.php?rest_route=\/wp\/v2\/users\/5"}],"replies":[{"embeddable":true,"href":"https:\/\/focotocantinense.com.br\/index.php?rest_route=%2Fwp%2Fv2%2Fcomments&post=1208"}],"version-history":[{"count":2,"href":"https:\/\/focotocantinense.com.br\/index.php?rest_route=\/wp\/v2\/posts\/1208\/revisions"}],"predecessor-version":[{"id":1212,"href":"https:\/\/focotocantinense.com.br\/index.php?rest_route=\/wp\/v2\/posts\/1208\/revisions\/1212"}],"wp:featuredmedia":[{"embeddable":true,"href":"https:\/\/focotocantinense.com.br\/index.php?rest_route=\/wp\/v2\/media\/1211"}],"wp:attachment":[{"href":"https:\/\/focotocantinense.com.br\/index.php?rest_route=%2Fwp%2Fv2%2Fmedia&parent=1208"}],"wp:term":[{"taxonomy":"category","embeddable":true,"href":"https:\/\/focotocantinense.com.br\/index.php?rest_route=%2Fwp%2Fv2%2Fcategories&post=1208"},{"taxonomy":"post_tag","embeddable":true,"href":"https:\/\/focotocantinense.com.br\/index.php?rest_route=%2Fwp%2Fv2%2Ftags&post=1208"}],"curies":[{"name":"wp","href":"https:\/\/api.w.org\/{rel}","templated":true}]}}