{"id":1203,"date":"2021-04-28T21:21:50","date_gmt":"2021-04-29T00:21:50","guid":{"rendered":"https:\/\/focotocantinense.com.br\/?p=1203"},"modified":"2021-04-28T21:48:09","modified_gmt":"2021-04-29T00:48:09","slug":"secretario-de-educacao-de-tocantinia-andre-goveia-e-eleito-delegado-nacional-da-undime-tocantins","status":"publish","type":"post","link":"https:\/\/focotocantinense.com.br\/?p=1203","title":{"rendered":"Secret\u00e1rio de Educa\u00e7\u00e3o  de Tocant\u00ednia, Andr\u00e9 Goveia  \u00e9 eleito  Delegado Nacional da Undime Tocantins"},"content":{"rendered":"\n<p>A Uni\u00e3o dos Dirigentes Municipais de Educa\u00e7\u00e3o do Tocantins (Undime\/ TO), promoveu o XII F\u00f3rum Estadual Ordin\u00e1rio, tendo como pauta o tema &#8220;Desafios e Perspectivas da Educa\u00e7\u00e3o Municipal no Contexto da Pandemia&#8221;.<\/p>\n\n\n\n<p>O evento ocorreu nos dias 27 e 28 de abril de 2021. As palestras e debates tiveram transmiss\u00e3o pelo canal de Youtube da institui\u00e7\u00e3o e a elei\u00e7\u00e3o foi realizada pela plataforma Google Meet, em torno de 3 mil pessoas assistiram \u00e0s palestras e mais de 100 Dirigentes Regionais participaram da elei\u00e7\u00e3o.<\/p>\n\n\n\n<p>Na abertura do F\u00f3rum houve a apresenta\u00e7\u00e3o po\u00e9tica do Secret\u00e1rio de Educa\u00e7\u00e3o de Tocant\u00ednia, professor &nbsp;Andr\u00e9 Goveia que recitou a poesia&nbsp;<strong><em>N\u00f3s Vamos Vencer<\/em><\/strong>&nbsp;, onde aborda&nbsp; situa\u00e7\u00f5es adversas da pandemia que podem ser vencidas pela for\u00e7a da uni\u00e3o da humanidade.<\/p>\n\n\n\n<p>Durante o F\u00f3rum houve a elei\u00e7\u00e3o da nova diretoria da Undime Tocantins para o bi\u00eanio 2021\/2022 que elegeu o Secret\u00e1rio de Educa\u00e7\u00e3o &nbsp;de Tocant\u00ednia, Andr\u00e9 Goveia como Delegado Nacional da Undime Tocantins.<\/p>\n\n\n\n<p>Para Andr\u00e9 Goveia \u00e9 uma responsabilidade e ao mesmo tempo uma oportunidade \u00edmpar de servir aos dirigentes municipais de Educa\u00e7\u00e3o do Tocantins como delegado representativo nacional da seccional Tocantins<strong>.<\/strong><\/p>\n\n\n\n<figure class=\"wp-block-image size-large\"><img loading=\"lazy\" decoding=\"async\" width=\"886\" height=\"490\" src=\"https:\/\/focotocantinense.com.br\/wp-content\/uploads\/2021\/04\/image-5.png\" alt=\"\" class=\"wp-image-1204\" srcset=\"https:\/\/focotocantinense.com.br\/wp-content\/uploads\/2021\/04\/image-5.png 886w, https:\/\/focotocantinense.com.br\/wp-content\/uploads\/2021\/04\/image-5-300x166.png 300w, https:\/\/focotocantinense.com.br\/wp-content\/uploads\/2021\/04\/image-5-768x425.png 768w\" sizes=\"auto, (max-width: 886px) 100vw, 886px\" \/><\/figure>\n","protected":false},"excerpt":{"rendered":"<p>A Uni\u00e3o dos Dirigentes Municipais de Educa\u00e7\u00e3o do Tocantins (Undime\/ TO), promoveu o XII F\u00f3rum Estadual Ordin\u00e1rio, tendo como pauta o tema &#8220;Desafios e Perspectivas da Educa\u00e7\u00e3o Municipal no Contexto da Pandemia&#8221;. O evento ocorreu nos dias 27 e 28 de abril de 2021. As palestras e debates tiveram transmiss\u00e3o pelo canal de Youtube da &hellip;<\/p>\n","protected":false},"author":5,"featured_media":1206,"comment_status":"open","ping_status":"open","sticky":true,"template":"","format":"standard","meta":{"footnotes":""},"categories":[78],"tags":[],"class_list":["post-1203","post","type-post","status-publish","format-standard","has-post-thumbnail","","category-tocantinia"],"_links":{"self":[{"href":"https:\/\/focotocantinense.com.br\/index.php?rest_route=\/wp\/v2\/posts\/1203","targetHints":{"allow":["GET"]}}],"collection":[{"href":"https:\/\/focotocantinense.com.br\/index.php?rest_route=\/wp\/v2\/posts"}],"about":[{"href":"https:\/\/focotocantinense.com.br\/index.php?rest_route=\/wp\/v2\/types\/post"}],"author":[{"embeddable":true,"href":"https:\/\/focotocantinense.com.br\/index.php?rest_route=\/wp\/v2\/users\/5"}],"replies":[{"embeddable":true,"href":"https:\/\/focotocantinense.com.br\/index.php?rest_route=%2Fwp%2Fv2%2Fcomments&post=1203"}],"version-history":[{"count":2,"href":"https:\/\/focotocantinense.com.br\/index.php?rest_route=\/wp\/v2\/posts\/1203\/revisions"}],"predecessor-version":[{"id":1207,"href":"https:\/\/focotocantinense.com.br\/index.php?rest_route=\/wp\/v2\/posts\/1203\/revisions\/1207"}],"wp:featuredmedia":[{"embeddable":true,"href":"https:\/\/focotocantinense.com.br\/index.php?rest_route=\/wp\/v2\/media\/1206"}],"wp:attachment":[{"href":"https:\/\/focotocantinense.com.br\/index.php?rest_route=%2Fwp%2Fv2%2Fmedia&parent=1203"}],"wp:term":[{"taxonomy":"category","embeddable":true,"href":"https:\/\/focotocantinense.com.br\/index.php?rest_route=%2Fwp%2Fv2%2Fcategories&post=1203"},{"taxonomy":"post_tag","embeddable":true,"href":"https:\/\/focotocantinense.com.br\/index.php?rest_route=%2Fwp%2Fv2%2Ftags&post=1203"}],"curies":[{"name":"wp","href":"https:\/\/api.w.org\/{rel}","templated":true}]}}