{"id":11982,"date":"2026-03-16T11:14:26","date_gmt":"2026-03-16T14:14:26","guid":{"rendered":"https:\/\/focotocantinense.com.br\/?p=11982"},"modified":"2026-03-16T11:14:31","modified_gmt":"2026-03-16T14:14:31","slug":"toinho-andrade-vota-a-favor-de-projetos-que-ampliam-protecao-as-mulheres","status":"publish","type":"post","link":"https:\/\/focotocantinense.com.br\/?p=11982","title":{"rendered":"Toinho Andrade vota a favor de projetos que ampliam prote\u00e7\u00e3o \u00e0s mulheres"},"content":{"rendered":"\n<p>Durante a semana de vota\u00e7\u00f5es na C\u00e2mara dos Deputados, o deputado federal Toinho Andrade votou a favor de projetos de lei que fortalecem a prote\u00e7\u00e3o \u00e0s mulheres v\u00edtimas de viol\u00eancia e aumentam a puni\u00e7\u00e3o para agressores.<\/p>\n\n\n\n<figure class=\"wp-block-image size-large is-resized\"><img loading=\"lazy\" decoding=\"async\" width=\"1024\" height=\"576\" src=\"https:\/\/focotocantinense.com.br\/wp-content\/uploads\/2026\/03\/toinho-foto-plenario-1024x576.jpeg\" alt=\"\" class=\"wp-image-11983\" style=\"width:335px;height:auto\" srcset=\"https:\/\/focotocantinense.com.br\/wp-content\/uploads\/2026\/03\/toinho-foto-plenario-1024x576.jpeg 1024w, https:\/\/focotocantinense.com.br\/wp-content\/uploads\/2026\/03\/toinho-foto-plenario-300x169.jpeg 300w, https:\/\/focotocantinense.com.br\/wp-content\/uploads\/2026\/03\/toinho-foto-plenario-768x432.jpeg 768w, https:\/\/focotocantinense.com.br\/wp-content\/uploads\/2026\/03\/toinho-foto-plenario-1536x864.jpeg 1536w, https:\/\/focotocantinense.com.br\/wp-content\/uploads\/2026\/03\/toinho-foto-plenario.jpeg 1600w\" sizes=\"auto, (max-width: 1024px) 100vw, 1024px\" \/><\/figure>\n\n\n\n<p>Entre os projetos aprovados na Casa, destaca-se a proposta que aumenta as penas para os crimes de les\u00e3o corporal grave, grav\u00edssima ou seguida de morte praticados contra a mulher por raz\u00f5es do sexo feminino. Outra proposta permite que o juiz determine imediatamente o uso de tornozeleira eletr\u00f4nica pelo agressor quando houver risco para a mulher em situa\u00e7\u00e3o de viol\u00eancia dom\u00e9stica e familiar.<\/p>\n\n\n\n<p>Para Toinho Andrade, as medidas representam avan\u00e7os importantes no enfrentamento \u00e0 viol\u00eancia contra a mulher e no fortalecimento da prote\u00e7\u00e3o \u00e0s v\u00edtimas.<br>\u201c\u00c9 fundamental que o poder p\u00fablico atue com firmeza para proteger as mulheres e punir com rigor aqueles que cometem esse tipo de crime. Nosso compromisso \u00e9 com a vida, a dignidade e a seguran\u00e7a das fam\u00edlias brasileiras\u201d, destacou o parlamentar.<\/p>\n\n\n\n<p>As propostas aprovadas na C\u00e2mara seguem agora para an\u00e1lise do Senado Federal.<\/p>\n\n\n\n<p><\/p>\n","protected":false},"excerpt":{"rendered":"<p>Durante a semana de vota\u00e7\u00f5es na C\u00e2mara dos Deputados, o deputado federal Toinho Andrade votou a favor de projetos de lei que fortalecem a prote\u00e7\u00e3o \u00e0s mulheres v\u00edtimas de viol\u00eancia e aumentam a puni\u00e7\u00e3o para agressores. Entre os projetos aprovados na Casa, destaca-se a proposta que aumenta as penas para os crimes de les\u00e3o corporal &hellip;<\/p>\n","protected":false},"author":5,"featured_media":11866,"comment_status":"open","ping_status":"open","sticky":false,"template":"","format":"standard","meta":{"footnotes":""},"categories":[1],"tags":[],"class_list":["post-11982","post","type-post","status-publish","format-standard","has-post-thumbnail","","category-sem-categoria"],"_links":{"self":[{"href":"https:\/\/focotocantinense.com.br\/index.php?rest_route=\/wp\/v2\/posts\/11982","targetHints":{"allow":["GET"]}}],"collection":[{"href":"https:\/\/focotocantinense.com.br\/index.php?rest_route=\/wp\/v2\/posts"}],"about":[{"href":"https:\/\/focotocantinense.com.br\/index.php?rest_route=\/wp\/v2\/types\/post"}],"author":[{"embeddable":true,"href":"https:\/\/focotocantinense.com.br\/index.php?rest_route=\/wp\/v2\/users\/5"}],"replies":[{"embeddable":true,"href":"https:\/\/focotocantinense.com.br\/index.php?rest_route=%2Fwp%2Fv2%2Fcomments&post=11982"}],"version-history":[{"count":1,"href":"https:\/\/focotocantinense.com.br\/index.php?rest_route=\/wp\/v2\/posts\/11982\/revisions"}],"predecessor-version":[{"id":11984,"href":"https:\/\/focotocantinense.com.br\/index.php?rest_route=\/wp\/v2\/posts\/11982\/revisions\/11984"}],"wp:featuredmedia":[{"embeddable":true,"href":"https:\/\/focotocantinense.com.br\/index.php?rest_route=\/wp\/v2\/media\/11866"}],"wp:attachment":[{"href":"https:\/\/focotocantinense.com.br\/index.php?rest_route=%2Fwp%2Fv2%2Fmedia&parent=11982"}],"wp:term":[{"taxonomy":"category","embeddable":true,"href":"https:\/\/focotocantinense.com.br\/index.php?rest_route=%2Fwp%2Fv2%2Fcategories&post=11982"},{"taxonomy":"post_tag","embeddable":true,"href":"https:\/\/focotocantinense.com.br\/index.php?rest_route=%2Fwp%2Fv2%2Ftags&post=11982"}],"curies":[{"name":"wp","href":"https:\/\/api.w.org\/{rel}","templated":true}]}}