{"id":1198,"date":"2021-04-28T16:43:45","date_gmt":"2021-04-28T19:43:45","guid":{"rendered":"http:\/\/focotocantinense.com.br\/?p=1198"},"modified":"2021-04-28T16:45:22","modified_gmt":"2021-04-28T19:45:22","slug":"vii-anuario-da-poesia-paraense-conta-com-a-participacao-do-escritor-zacarias-martins","status":"publish","type":"post","link":"https:\/\/focotocantinense.com.br\/?p=1198","title":{"rendered":"VII Anu\u00e1rio da Poesia Paraense conta com a participa\u00e7\u00e3o do escritor Zacarias Martins"},"content":{"rendered":"\n<p><strong>Por Ribamar Souza<\/strong><\/p>\n\n\n\n<p>Natural de Bel\u00e9m do Par\u00e1, mas residindo no estado do Tocantins desde 1983, o poeta e jornalista Zacarias Martins, autor de sete livros publicados e com participa\u00e7\u00e3o em mais de 60 antologias liter\u00e1rias pelo pa\u00eds afora, &nbsp;\u00e9 um dos autores que figuram com destaque no&nbsp;\u201c<strong><em>VII Anu\u00e1rio da Poesia Paraense<\/em><\/strong>\u201d,&nbsp; publicado pela Arca&nbsp; Editora.<\/p>\n\n\n\n<p>A obra foi organizada pelo festejado escritor Airton Souza, de Marab\u00e1 (PA), e conta &nbsp;com a participa\u00e7\u00e3o especial de 105 poetas que residem no Par\u00e1 ou mesmo &nbsp;aqueles que nasceram naquele Estado, mas que&nbsp; se encontram radicados em outros localidades do pa\u00eds, como \u00e9 o caso de Zacarias Martins que ao longo dos anos, tamb\u00e9m&nbsp; se transformou numa das principais refer\u00eancias da literatura no Tocantins, sendo membro-fundador da Academia Tocantinense de Letras.<\/p>\n\n\n\n<p>O poeta est\u00e1 inserido nessa importante obra com os poemas&nbsp; \u201c<strong><em>A Procura<\/em><\/strong>\u201d e \u201d<em><strong>Prisioneiro do&nbsp;<\/strong><strong>fumo<\/strong><\/em>\u201d.&nbsp; Ele disse que se sente muito honrado &nbsp;por participar dessa iniciativa, principalmente, pela oportunidade de figurar ao lado de grandes express\u00f5es da poesia paraense contempor\u00e2nea.<\/p>\n\n\n\n<p>Para Zacarias Martins, a sua participa\u00e7\u00e3o no&nbsp;\u201c<strong><em>VII Anu\u00e1rio da Poesia Paraense<\/em><\/strong>\u201d, lhe propicia um reencontro salutar com suas ra\u00edzes culturais e, ao mesmo tempo, &nbsp;uma experi\u00eancia&nbsp; gratificante para a sua carreira liter\u00e1ria, especialmente porque o aproxima de seus conterr\u00e2neos e irm\u00e3os de letras.<\/p>\n\n\n\n<p><strong>Sobre o organizador da obra<\/strong><\/p>\n\n\n\n<p>Airton Souza \u00e9 poeta e professor. Nasceu em Marab\u00e1 (PA). J\u00e1 publicou mais de 40 livros e participou de mais de 90 antologias liter\u00e1rias. Venceu diversos pr\u00eamios liter\u00e1rios, entre eles, o Pr\u00eamio Proex de Literatura, Pr\u00eamio Dalc\u00eddio Jurandir de Literatura&nbsp;2013, Pr\u00eamio de Literatura da UFES. S\u00f3 para citar alguns. \u00c9 Doutorando em Comunica\u00e7\u00e3o, Cultura e Amaz\u00f4nia, pela Universidade Federal do Par\u00e1 (UFPA), e Mestre em Letras, com \u00eanfase em Estudos Liter\u00e1rios, na Universidade Federal do Sul e Sudeste do Par\u00e1. Possui poemas traduzidos para o Espanhol, Ingl\u00eas e Alem\u00e3o.<\/p>\n\n\n\n<figure class=\"wp-block-image\"><img decoding=\"async\" src=\"https:\/\/portaldoamaral.com.br\/wp-content\/uploads\/2021\/04\/Zacarias-Martins.jpg\" alt=\"\"\/><\/figure>\n","protected":false},"excerpt":{"rendered":"<p>Por Ribamar Souza Natural de Bel\u00e9m do Par\u00e1, mas residindo no estado do Tocantins desde 1983, o poeta e jornalista Zacarias Martins, autor de sete livros publicados e com participa\u00e7\u00e3o em mais de 60 antologias liter\u00e1rias pelo pa\u00eds afora, &nbsp;\u00e9 um dos autores que figuram com destaque no&nbsp;\u201cVII Anu\u00e1rio da Poesia Paraense\u201d,&nbsp; publicado pela Arca&nbsp; &hellip;<\/p>\n","protected":false},"author":5,"featured_media":1200,"comment_status":"open","ping_status":"open","sticky":true,"template":"","format":"standard","meta":{"footnotes":""},"categories":[38,1],"tags":[84],"class_list":["post-1198","post","type-post","status-publish","format-standard","has-post-thumbnail","","category-gurupi","category-sem-categoria","tag-zacarias-martins"],"_links":{"self":[{"href":"https:\/\/focotocantinense.com.br\/index.php?rest_route=\/wp\/v2\/posts\/1198","targetHints":{"allow":["GET"]}}],"collection":[{"href":"https:\/\/focotocantinense.com.br\/index.php?rest_route=\/wp\/v2\/posts"}],"about":[{"href":"https:\/\/focotocantinense.com.br\/index.php?rest_route=\/wp\/v2\/types\/post"}],"author":[{"embeddable":true,"href":"https:\/\/focotocantinense.com.br\/index.php?rest_route=\/wp\/v2\/users\/5"}],"replies":[{"embeddable":true,"href":"https:\/\/focotocantinense.com.br\/index.php?rest_route=%2Fwp%2Fv2%2Fcomments&post=1198"}],"version-history":[{"count":2,"href":"https:\/\/focotocantinense.com.br\/index.php?rest_route=\/wp\/v2\/posts\/1198\/revisions"}],"predecessor-version":[{"id":1202,"href":"https:\/\/focotocantinense.com.br\/index.php?rest_route=\/wp\/v2\/posts\/1198\/revisions\/1202"}],"wp:featuredmedia":[{"embeddable":true,"href":"https:\/\/focotocantinense.com.br\/index.php?rest_route=\/wp\/v2\/media\/1200"}],"wp:attachment":[{"href":"https:\/\/focotocantinense.com.br\/index.php?rest_route=%2Fwp%2Fv2%2Fmedia&parent=1198"}],"wp:term":[{"taxonomy":"category","embeddable":true,"href":"https:\/\/focotocantinense.com.br\/index.php?rest_route=%2Fwp%2Fv2%2Fcategories&post=1198"},{"taxonomy":"post_tag","embeddable":true,"href":"https:\/\/focotocantinense.com.br\/index.php?rest_route=%2Fwp%2Fv2%2Ftags&post=1198"}],"curies":[{"name":"wp","href":"https:\/\/api.w.org\/{rel}","templated":true}]}}