{"id":11976,"date":"2026-03-15T16:54:46","date_gmt":"2026-03-15T19:54:46","guid":{"rendered":"https:\/\/focotocantinense.com.br\/?p=11976"},"modified":"2026-03-15T16:57:23","modified_gmt":"2026-03-15T19:57:23","slug":"aceb-promove-em-porto-alegre-o-vii-encontro-nacional-de-cronistas-esportivos","status":"publish","type":"post","link":"https:\/\/focotocantinense.com.br\/?p=11976","title":{"rendered":"ACEB promove em Porto Alegre o VII Encontro Nacional de Cronistas Esportivos"},"content":{"rendered":"\n<p><strong><br>Por Giberto Correia<\/strong><\/p>\n\n\n\n<p>A cidade de Porto Alegre recebe, desde quinta-feira (12), o VII Encontro Nacional de Cronistas Esportivos, promovido pela Associa\u00e7\u00e3o de Cronistas Esportivos do Brasil \u2013 ACEB. O evento re\u00fane profissionais de comunica\u00e7\u00e3o de v\u00e1rias regi\u00f5es do pa\u00eds para discutir temas ligados ao jornalismo esportivo e \u00e0s rela\u00e7\u00f5es entre a imprensa e as entidades que administram o futebol brasileiro e sul-americano. A programa\u00e7\u00e3o segue at\u00e9 domingo.<\/p>\n\n\n\n<p>Entre os convidados do encontro est\u00e3o o diretor de comunica\u00e7\u00e3o da Confedera\u00e7\u00e3o Brasileira de Futebol (CBF), F\u00e1bio Seixas, o coordenador de rela\u00e7\u00f5es com a imprensa da Confedera\u00e7\u00e3o Sul-Americana de Futebol (Conmebol), Ariel Ram\u00edrez, e o assessor de imprensa da Conmebol no Brasil, Roberto Falc\u00e3o.<\/p>\n\n\n\n<figure class=\"wp-block-image is-resized\"><img decoding=\"async\" src=\"https:\/\/gurupinews.com.br\/wp-content\/uploads\/2026\/03\/aceb1-768x1024.jpg\" alt=\"\" class=\"wp-image-14255\" style=\"aspect-ratio:0.7500081155656549;width:391px;height:auto\"\/><figcaption class=\"wp-element-caption\"><strong><em>Presidente Erick Castelhero e o F\u00e1bio Seixas, diretor de comunica\u00e7\u00e3o da CBF<\/em><\/strong><\/figcaption><\/figure>\n\n\n\n<p>Durante os debates da sexta-feira, foram abordadas estrat\u00e9gias para aprimorar a atua\u00e7\u00e3o da imprensa na cobertura das competi\u00e7\u00f5es organizadas pelas entidades.<\/p>\n\n\n\n<figure class=\"wp-block-image size-full\"><img loading=\"lazy\" decoding=\"async\" width=\"960\" height=\"720\" src=\"https:\/\/focotocantinense.com.br\/wp-content\/uploads\/2026\/03\/SSSSSSSSSSSSSSSS.jpeg\" alt=\"\" class=\"wp-image-11977\" srcset=\"https:\/\/focotocantinense.com.br\/wp-content\/uploads\/2026\/03\/SSSSSSSSSSSSSSSS.jpeg 960w, https:\/\/focotocantinense.com.br\/wp-content\/uploads\/2026\/03\/SSSSSSSSSSSSSSSS-300x225.jpeg 300w, https:\/\/focotocantinense.com.br\/wp-content\/uploads\/2026\/03\/SSSSSSSSSSSSSSSS-768x576.jpeg 768w\" sizes=\"auto, (max-width: 960px) 100vw, 960px\" \/><\/figure>\n\n\n\n<p><\/p>\n\n\n\n<h3 class=\"wp-block-heading\">Rela\u00e7\u00e3o com a imprensa em pauta<\/h3>\n\n\n\n<p>Na programa\u00e7\u00e3o desta sexta-feira, o diretor de comunica\u00e7\u00e3o da CBF destacou avan\u00e7os na gest\u00e3o do presidente Samir Xaud \u00e0 frente da entidade. Segundo ele, uma das prioridades tem sido retomar o di\u00e1logo com os profissionais da imprensa. \u201cEst\u00e1vamos sem contato com a imprensa, e isso \u00e9 um problema. Estamos trabalhando para mudar essa realidade\u201d, afirmou Seixas.<\/p>\n\n\n\n<p>Entre as medidas j\u00e1 adotadas, ele destacou a amplia\u00e7\u00e3o do tempo de acesso da imprensa aos treinamentos da sele\u00e7\u00e3o brasileira, que passou de 15 para 30 minutos. Al\u00e9m disso, a CBF tem incentivado os clubes a abrirem mais os treinamentos aos jornalistas, revertendo uma tend\u00eancia de fechamento que se intensificou durante o per\u00edodo da pandemia.<\/p>\n\n\n\n<h3 class=\"wp-block-heading\">Libera\u00e7\u00e3o de imagens das cabines<\/h3>\n\n\n\n<p>Um dos temas mais debatidos no encontro foi o pedido da ACEB para que jornalistas possam gravar imagens nas cabines de imprensa durante partidas das competi\u00e7\u00f5es organizadas pela Conmebol.<\/p>\n\n\n\n<p>A diretoria da ACEB j\u00e1 havia conquistado junto \u00e0 CBF a autoriza\u00e7\u00e3o para esse tipo de grava\u00e7\u00e3o em competi\u00e7\u00f5es nacionais. Agora, a proposta \u00e9 estender a libera\u00e7\u00e3o tamb\u00e9m aos torneios sul-americanos.<\/p>\n\n\n\n<figure class=\"wp-block-image is-resized\"><img decoding=\"async\" src=\"https:\/\/gurupinews.com.br\/wp-content\/uploads\/2026\/03\/aceb2-768x1024.jpg\" alt=\"\" class=\"wp-image-14256\" style=\"width:839px;height:auto\"\/><figcaption class=\"wp-element-caption\"><strong><em>Presidente da ACEB. Erick Castelhero e o coordenador de rela\u00e7\u00e3o com a imprensa da Comembol, Ariel Ramires<\/em><\/strong><\/figcaption><\/figure>\n\n\n\n<p>Segundo Ariel Ram\u00edrez, a sugest\u00e3o ser\u00e1 levada \u00e0 dire\u00e7\u00e3o da Conmebol para an\u00e1lise. \u201cA ideia \u00e9 buscar essa libera\u00e7\u00e3o para que a imprensa possa mostrar o que acontece nas cabines durante as partidas\u201d, explicou.<\/p>\n\n\n\n<h3 class=\"wp-block-heading\">Credenciamento e transpar\u00eancia<\/h3>\n\n\n\n<p>Outro ponto levantado pela ACEB foi a necessidade de melhorias no sistema de credenciamento em competi\u00e7\u00f5es organizadas pela CBF. A proposta apresentada pela entidade \u00e9 que a confedera\u00e7\u00e3o envie \u00e0s associa\u00e7\u00f5es estaduais a lista dos profissionais credenciados, permitindo maior controle sobre quem est\u00e1 autorizado a trabalhar nos eventos.<\/p>\n\n\n\n<h3 class=\"wp-block-heading\">Assembleia e elei\u00e7\u00e3o da nova diretoria<\/h3>\n\n\n\n<p>A programa\u00e7\u00e3o do encontro continua neste s\u00e1bado com atividades no audit\u00f3rio da Associa\u00e7\u00e3o dos Cronistas Esportivos Ga\u00fachos (ACEG). Na ocasi\u00e3o, ser\u00e1 apresentada a presta\u00e7\u00e3o de contas do Conselho Fiscal referente ao mandato 2024\/2025, al\u00e9m da elei\u00e7\u00e3o da nova diretoria da ACEB para o per\u00edodo 2026\/2027.<\/p>\n\n\n\n<p>O encerramento oficial est\u00e1 previsto para as 12 horas, seguido de almo\u00e7o de confraterniza\u00e7\u00e3o entre os participantes.<\/p>\n\n\n\n<h3 class=\"wp-block-heading\">Representa\u00e7\u00e3o tocantinense<\/h3>\n\n\n\n<p>A Associa\u00e7\u00e3o dos Cronistas Esportivos do Tocantins (ACETO) est\u00e1 representada no encontro pelo presidente WPresley Jorge, que tamb\u00e9m integra a atual diretoria da ACEB.<\/p>\n\n\n\n<figure class=\"wp-block-image is-resized\"><img decoding=\"async\" src=\"https:\/\/gurupinews.com.br\/wp-content\/uploads\/2026\/03\/aceb3-768x1024.jpg\" alt=\"\" class=\"wp-image-14257\" style=\"width:840px;height:auto\"\/><figcaption class=\"wp-element-caption\"><strong><em>Presidente da ACETO, WPresley Jorge, durante a apresenta\u00e7\u00e3o do trabalho da Aceto no VII Congresso<\/em><\/strong><\/figcaption><\/figure>\n\n\n\n<p>Segundo Presley, participar do evento \u00e9 motivo de orgulho para os cronistas esportivos do Tocantins. \u201c\u00c9 uma honra representar os cronistas esportivos do nosso estado e participar de debates importantes para a categoria, ao lado de grandes nomes do jornalismo esportivo nacional\u201d, afirmou. Ele tamb\u00e9m destacou a import\u00e2ncia do trabalho da diretoria atual e manifestou expectativa de continuidade no fortalecimento da entidade.<\/p>\n\n\n\n<p>Atualmente, a ACEB conta com&nbsp;<strong>18 associa\u00e7\u00f5es estaduais filiadas<\/strong>, consolidando-se como uma das principais organiza\u00e7\u00f5es representativas dos cronistas esportivos no pa\u00eds.<\/p>\n\n\n\n<h3 class=\"wp-block-heading\">Visita t\u00e9cnica e programa\u00e7\u00e3o final<\/h3>\n\n\n\n<p>Para os participantes que permanecerem na capital ga\u00facha at\u00e9 domingo, a programa\u00e7\u00e3o prev\u00ea uma visita t\u00e9cnica ao Est\u00e1dio Beira-Rio, com acompanhamento da partida entre Sport Club Internacional e Esporte Clube Bahia, marcada para as 16 horas.<\/p>\n\n\n\n<p>O encontro refor\u00e7a o papel do jornalismo esportivo na promo\u00e7\u00e3o da transpar\u00eancia e no fortalecimento das rela\u00e7\u00f5es entre entidades esportivas, imprensa e torcedores.<\/p>\n\n\n\n<figure class=\"wp-block-image\"><img decoding=\"async\" src=\"https:\/\/gurupinews.com.br\/wp-content\/uploads\/2026\/03\/641627270_1492447072884216_3293499749256432992_n.jpg\" alt=\"\" class=\"wp-image-14258\"\/><\/figure>\n\n\n\n<p><\/p>\n\n\n\n<figure class=\"wp-block-image size-large\"><img loading=\"lazy\" decoding=\"async\" width=\"1024\" height=\"340\" src=\"https:\/\/focotocantinense.com.br\/wp-content\/uploads\/2026\/03\/OK-VINICIUS-MARTINS-2-1024x340.jpeg\" alt=\"\" class=\"wp-image-11964\" srcset=\"https:\/\/focotocantinense.com.br\/wp-content\/uploads\/2026\/03\/OK-VINICIUS-MARTINS-2-1024x340.jpeg 1024w, https:\/\/focotocantinense.com.br\/wp-content\/uploads\/2026\/03\/OK-VINICIUS-MARTINS-2-300x100.jpeg 300w, https:\/\/focotocantinense.com.br\/wp-content\/uploads\/2026\/03\/OK-VINICIUS-MARTINS-2-768x255.jpeg 768w, https:\/\/focotocantinense.com.br\/wp-content\/uploads\/2026\/03\/OK-VINICIUS-MARTINS-2.jpeg 1125w\" sizes=\"auto, (max-width: 1024px) 100vw, 1024px\" \/><\/figure>\n","protected":false},"excerpt":{"rendered":"<p>Por Giberto Correia A cidade de Porto Alegre recebe, desde quinta-feira (12), o VII Encontro Nacional de Cronistas Esportivos, promovido pela Associa\u00e7\u00e3o de Cronistas Esportivos do Brasil \u2013 ACEB. O evento re\u00fane profissionais de comunica\u00e7\u00e3o de v\u00e1rias regi\u00f5es do pa\u00eds para discutir temas ligados ao jornalismo esportivo e \u00e0s rela\u00e7\u00f5es entre a imprensa e as &hellip;<\/p>\n","protected":false},"author":5,"featured_media":11977,"comment_status":"open","ping_status":"open","sticky":false,"template":"","format":"standard","meta":{"footnotes":""},"categories":[4],"tags":[],"class_list":["post-11976","post","type-post","status-publish","format-standard","has-post-thumbnail","","category-sports"],"_links":{"self":[{"href":"https:\/\/focotocantinense.com.br\/index.php?rest_route=\/wp\/v2\/posts\/11976","targetHints":{"allow":["GET"]}}],"collection":[{"href":"https:\/\/focotocantinense.com.br\/index.php?rest_route=\/wp\/v2\/posts"}],"about":[{"href":"https:\/\/focotocantinense.com.br\/index.php?rest_route=\/wp\/v2\/types\/post"}],"author":[{"embeddable":true,"href":"https:\/\/focotocantinense.com.br\/index.php?rest_route=\/wp\/v2\/users\/5"}],"replies":[{"embeddable":true,"href":"https:\/\/focotocantinense.com.br\/index.php?rest_route=%2Fwp%2Fv2%2Fcomments&post=11976"}],"version-history":[{"count":4,"href":"https:\/\/focotocantinense.com.br\/index.php?rest_route=\/wp\/v2\/posts\/11976\/revisions"}],"predecessor-version":[{"id":11981,"href":"https:\/\/focotocantinense.com.br\/index.php?rest_route=\/wp\/v2\/posts\/11976\/revisions\/11981"}],"wp:featuredmedia":[{"embeddable":true,"href":"https:\/\/focotocantinense.com.br\/index.php?rest_route=\/wp\/v2\/media\/11977"}],"wp:attachment":[{"href":"https:\/\/focotocantinense.com.br\/index.php?rest_route=%2Fwp%2Fv2%2Fmedia&parent=11976"}],"wp:term":[{"taxonomy":"category","embeddable":true,"href":"https:\/\/focotocantinense.com.br\/index.php?rest_route=%2Fwp%2Fv2%2Fcategories&post=11976"},{"taxonomy":"post_tag","embeddable":true,"href":"https:\/\/focotocantinense.com.br\/index.php?rest_route=%2Fwp%2Fv2%2Ftags&post=11976"}],"curies":[{"name":"wp","href":"https:\/\/api.w.org\/{rel}","templated":true}]}}