{"id":11967,"date":"2026-03-11T14:02:18","date_gmt":"2026-03-11T17:02:18","guid":{"rendered":"https:\/\/focotocantinense.com.br\/?p=11967"},"modified":"2026-03-11T14:06:44","modified_gmt":"2026-03-11T17:06:44","slug":"biblioteca-municipal-de-filadelfia-recebe-roda-de-conversa-com-o-poeta-e-escritor-zacarias-martins","status":"publish","type":"post","link":"https:\/\/focotocantinense.com.br\/?p=11967","title":{"rendered":"Biblioteca Municipal de Filad\u00e9lfia recebe Roda de Conversa com o poeta e escritor Zacarias Martins"},"content":{"rendered":"\n<p><strong>Por Solange Dutra&nbsp; &#8211; Fotos: Divulga\u00e7\u00e3o<\/strong><\/p>\n\n\n\n<p>Na manh\u00e3 desta quarta-feira, 11, o destacado poeta e jornalista tocantinense Zacarias Martins foi a grande atra\u00e7\u00e3o num evento promovido pela Biblioteca P\u00fablica Municipal Professora Elza Pereira Marinho, em Filad\u00e9lfia, no norte do estado, quando realizou uma movimentada Roda de Conversa liter\u00e1ria, tendo como p\u00fablico-alvo, um seleto grupo de professores e alunos da rede p\u00fablica de ensino da cidade.<\/p>\n\n\n\n<figure class=\"wp-block-image is-resized\"><a href=\"https:\/\/blogger.googleusercontent.com\/img\/b\/R29vZ2xl\/AVvXsEhOK63EIx4u4doPFfiT5ZiJSSVlCI1lTZ02sewOq78uol_lLNWcHLTNzYEKBTvc1tE0djyI3xh74YZpdTyROepZt1rjqOrr9fO230lSERTGRke0O6xz41ZfFtyn76KKzNjr7TJbtghhP_Hf-OhnY1sMfMxVJ0MMir60KKUJL3fM5Z54Ze35KefkCEaqGHKR\/s1599\/4%20%20Zacarias%20Martins%20realiza%20em%20palestra%20em%20Filad%C3%A9lfia%20-%20Foto%20Divulga%C3%A7%C3%A3o.jpg\"><img decoding=\"async\" src=\"https:\/\/blogger.googleusercontent.com\/img\/b\/R29vZ2xl\/AVvXsEhOK63EIx4u4doPFfiT5ZiJSSVlCI1lTZ02sewOq78uol_lLNWcHLTNzYEKBTvc1tE0djyI3xh74YZpdTyROepZt1rjqOrr9fO230lSERTGRke0O6xz41ZfFtyn76KKzNjr7TJbtghhP_Hf-OhnY1sMfMxVJ0MMir60KKUJL3fM5Z54Ze35KefkCEaqGHKR\/w496-h881\/4%20%20Zacarias%20Martins%20realiza%20em%20palestra%20em%20Filad%C3%A9lfia%20-%20Foto%20Divulga%C3%A7%C3%A3o.jpg\" alt=\"\" style=\"aspect-ratio:0.5618722327640734;width:840px;height:auto\"\/><\/a><\/figure>\n\n\n\n<p><\/p>\n\n\n\n<p><strong>Convite especial<\/strong><\/p>\n\n\n\n<p>Zacarias Martins esteve na cidade a convite do escritor e professor Jos\u00e9 Benilson, que vem se destacando por coordenar v\u00e1rias atividades nessa biblioteca, despertando o interesse da popula\u00e7\u00e3o para o salutar h\u00e1bito da leitura e a produ\u00e7\u00e3o textual.<\/p>\n\n\n\n<figure class=\"wp-block-image is-resized\"><a href=\"https:\/\/blogger.googleusercontent.com\/img\/b\/R29vZ2xl\/AVvXsEiJl4wbtzn90xvynsf86tHZPg5u7ECzDC8QpsBt3GxyETeW54WR4hSCURXKeVx-M0niFGUMABtLCAUWpJeLoGv-0ja7l6MSyaghPDPgAwOJT9ElgNJen2TQqwIonRlGftBzWYxZj6lR8Fpasi_4ryYPPz3JFFP5unlxhJz6YC8Y5kk2aCkRKpp61746JccL\/s1600\/5%20%20Zacarias%20Martins%20realiza%20em%20palestra%20em%20Filad%C3%A9lfia%20-%20Foto%20Divulga%C3%A7%C3%A3o.jpg.jpeg\"><img decoding=\"async\" src=\"https:\/\/blogger.googleusercontent.com\/img\/b\/R29vZ2xl\/AVvXsEiJl4wbtzn90xvynsf86tHZPg5u7ECzDC8QpsBt3GxyETeW54WR4hSCURXKeVx-M0niFGUMABtLCAUWpJeLoGv-0ja7l6MSyaghPDPgAwOJT9ElgNJen2TQqwIonRlGftBzWYxZj6lR8Fpasi_4ryYPPz3JFFP5unlxhJz6YC8Y5kk2aCkRKpp61746JccL\/w538-h242\/5%20%20Zacarias%20Martins%20realiza%20em%20palestra%20em%20Filad%C3%A9lfia%20-%20Foto%20Divulga%C3%A7%C3%A3o.jpg.jpeg\" alt=\"\" style=\"width:840px;height:auto\"\/><\/a><\/figure>\n\n\n\n<p><\/p>\n\n\n\n<p><strong>Palestra l\u00fadica<\/strong><\/p>\n\n\n\n<p>De forma l\u00fadica e bem humorada, Zacarias Martins falou sobre a import\u00e2ncia da leitura na forma\u00e7\u00e3o intelectual do indiv\u00edduo, principalmente, no caso do&nbsp; livro f\u00edsico, onde o contato do leitor com a obra que est\u00e1 sendo lida, diminui barreiras e amplia os horizontes do conhecimento.O autor ainda fez um recital&nbsp; de poesias.<\/p>\n\n\n\n<figure class=\"wp-block-image size-large\"><img loading=\"lazy\" decoding=\"async\" width=\"1024\" height=\"476\" src=\"https:\/\/focotocantinense.com.br\/wp-content\/uploads\/2026\/03\/8-Zacarias-Martins-realiza-em-palestra-em-Filadelfia-Foto-Divulgacao-1024x476.jpeg\" alt=\"\" class=\"wp-image-11970\" srcset=\"https:\/\/focotocantinense.com.br\/wp-content\/uploads\/2026\/03\/8-Zacarias-Martins-realiza-em-palestra-em-Filadelfia-Foto-Divulgacao-1024x476.jpeg 1024w, https:\/\/focotocantinense.com.br\/wp-content\/uploads\/2026\/03\/8-Zacarias-Martins-realiza-em-palestra-em-Filadelfia-Foto-Divulgacao-300x140.jpeg 300w, https:\/\/focotocantinense.com.br\/wp-content\/uploads\/2026\/03\/8-Zacarias-Martins-realiza-em-palestra-em-Filadelfia-Foto-Divulgacao-768x357.jpeg 768w, https:\/\/focotocantinense.com.br\/wp-content\/uploads\/2026\/03\/8-Zacarias-Martins-realiza-em-palestra-em-Filadelfia-Foto-Divulgacao.jpeg 1090w\" sizes=\"auto, (max-width: 1024px) 100vw, 1024px\" \/><\/figure>\n\n\n\n<p><\/p>\n\n\n\n<p><strong>Est\u00edmulos \u00e0 leitura<\/strong><\/p>\n\n\n\n<p>&nbsp;\u201c\u00c9 preciso&nbsp; que&nbsp; as pessoas&nbsp; se enveredam ainda mais&nbsp; pelos caminhos da leitura de forma prazerosa, estimulando, especialmente, nos jovens e adolescentes, ao interesse de lerem livros e, assim, ampliarem os horizontes do conhecimento\u201d, afirmou Zacarias Martins, que fez quest\u00e3o de elogiar o trabalho&nbsp; do professor&nbsp; Jos\u00e9 Benilson junto \u00e0 Biblioteca Municipal da cidade.<\/p>\n\n\n\n<figure class=\"wp-block-image is-resized\"><a href=\"https:\/\/blogger.googleusercontent.com\/img\/b\/R29vZ2xl\/AVvXsEhrPUqEjyKSDUSQQQAAudB-QWFqmlJ0NoEia65pvpKwVavbG3jen6_ljSdPB5_ZK-scT7DkhRGPrImSR203IHoeYGobnfUT0ghy294vAgKIthuyhLpHCpGJJGUbwnGRsfp0T47YATyWqcj8OiSt5gnlz0HVu7S7R40DJJrJBfQhSDp9wnOGdd2gJY4H4bUo\/s1599\/7%20%20Zacarias%20Martins%20realiza%20em%20palestra%20em%20Filad%C3%A9lfia%20-%20Foto%20Divulga%C3%A7%C3%A3O.jpeg\"><img decoding=\"async\" src=\"https:\/\/blogger.googleusercontent.com\/img\/b\/R29vZ2xl\/AVvXsEhrPUqEjyKSDUSQQQAAudB-QWFqmlJ0NoEia65pvpKwVavbG3jen6_ljSdPB5_ZK-scT7DkhRGPrImSR203IHoeYGobnfUT0ghy294vAgKIthuyhLpHCpGJJGUbwnGRsfp0T47YATyWqcj8OiSt5gnlz0HVu7S7R40DJJrJBfQhSDp9wnOGdd2gJY4H4bUo\/w532-h299\/7%20%20Zacarias%20Martins%20realiza%20em%20palestra%20em%20Filad%C3%A9lfia%20-%20Foto%20Divulga%C3%A7%C3%A3O.jpeg\" alt=\"\" style=\"width:840px;height:auto\"\/><\/a><\/figure>\n\n\n\n<p><\/p>\n\n\n\n<p><strong>Conquistas<\/strong><\/p>\n\n\n\n<p>De acordo com Martins, mesmo sendo um trabalho&nbsp; praticamente de formiguinha, o professor Jos\u00e9 Benilson j\u00e1 contabiliza significativas conquistas na forma\u00e7\u00e3o cr\u00edtica de leitores em Filad\u00e9lfia.<\/p>\n\n\n\n<figure class=\"wp-block-image is-resized\"><a href=\"https:\/\/blogger.googleusercontent.com\/img\/b\/R29vZ2xl\/AVvXsEhF1M1YweyVCEKEIi2xx9annPV1RvK8JLVB0TtLo4W10nl4TPVFo1attD3sjmgicuxRqy48QH42f5IctafG2QrWnQkooOLaP_i3A1MOvBvLM1UP3-P4frbUfySxchLhP84oXCr_zhiqbC2wqkwI1As4zb6jl_BjOA99aK-ZiUPHhPdamRRaBMBThROu3djM\/s1599\/3%20%20-%20A%20OFICINA%20DE%20MARKETING%20DIGINAL%20NA%20EDUCA%C3%87%C3%83O..jpeg\"><img decoding=\"async\" src=\"https:\/\/blogger.googleusercontent.com\/img\/b\/R29vZ2xl\/AVvXsEhF1M1YweyVCEKEIi2xx9annPV1RvK8JLVB0TtLo4W10nl4TPVFo1attD3sjmgicuxRqy48QH42f5IctafG2QrWnQkooOLaP_i3A1MOvBvLM1UP3-P4frbUfySxchLhP84oXCr_zhiqbC2wqkwI1As4zb6jl_BjOA99aK-ZiUPHhPdamRRaBMBThROu3djM\/w507-h901\/3%20%20-%20A%20OFICINA%20DE%20MARKETING%20DIGINAL%20NA%20EDUCA%C3%87%C3%83O..jpeg\" alt=\"\" style=\"width:840px;height:auto\"\/><\/a><\/figure>\n\n\n\n<p><\/p>\n\n\n\n<figure class=\"wp-block-image size-large\"><img loading=\"lazy\" decoding=\"async\" width=\"1024\" height=\"460\" src=\"https:\/\/focotocantinense.com.br\/wp-content\/uploads\/2026\/03\/1-Zacarias-Martins-realiza-em-palestra-em-Filadelfia-Foto-Divulgacao-1-1024x460.jpg\" alt=\"\" class=\"wp-image-11972\" srcset=\"https:\/\/focotocantinense.com.br\/wp-content\/uploads\/2026\/03\/1-Zacarias-Martins-realiza-em-palestra-em-Filadelfia-Foto-Divulgacao-1-1024x460.jpg 1024w, https:\/\/focotocantinense.com.br\/wp-content\/uploads\/2026\/03\/1-Zacarias-Martins-realiza-em-palestra-em-Filadelfia-Foto-Divulgacao-1-300x135.jpg 300w, https:\/\/focotocantinense.com.br\/wp-content\/uploads\/2026\/03\/1-Zacarias-Martins-realiza-em-palestra-em-Filadelfia-Foto-Divulgacao-1-768x345.jpg 768w, https:\/\/focotocantinense.com.br\/wp-content\/uploads\/2026\/03\/1-Zacarias-Martins-realiza-em-palestra-em-Filadelfia-Foto-Divulgacao-1-1536x690.jpg 1536w, https:\/\/focotocantinense.com.br\/wp-content\/uploads\/2026\/03\/1-Zacarias-Martins-realiza-em-palestra-em-Filadelfia-Foto-Divulgacao-1.jpg 1600w\" sizes=\"auto, (max-width: 1024px) 100vw, 1024px\" \/><\/figure>\n\n\n\n<p><\/p>\n\n\n\n<p><strong>Credenciais do autor<\/strong><\/p>\n\n\n\n<p>Zacarias Martins \u00e9 poeta, cronista, palestrante e&nbsp; jornalista associado \u00e0 Federa\u00e7\u00e3o Brasileira de Jornalistas e Comunicadores de Turismo \u2013 Febtur\/Seccional Tocantins). Autor de seis livros de poesias publicados, al\u00e9m de uma obra voltada ao p\u00fablico infantil. J\u00e1 o seu livro de cr\u00f4nicas, \u201cHist\u00f3rias da Hist\u00f3ria de Gurupi\u201d foi indicado por duas vezes para o vestibular da Universidade de Gurupi (UnirG) e seus textos integram diversas antologias liter\u00e1rias. Ele tamb\u00e9m \u00e9 membro-fundador da Academia Tocantinense de Letras (ATL) e da Academia Gurupiense de Letras (AGL). Mant\u00e9m diariamente o quadro das Curiosidades do Dia pela R\u00e1dio Master FM de Gurupi e \u00e9 assessor de comunica\u00e7\u00e3o da regional Sul\/Sudeste do Comit\u00ea de Cultura no Tocantins.<\/p>\n\n\n\n<figure class=\"wp-block-image is-resized\"><a href=\"https:\/\/blogger.googleusercontent.com\/img\/b\/R29vZ2xl\/AVvXsEjVPZbszxDSYgoytSkQYvA2eIMVkztkJD5TLsRkscHDXv2iHHTU96unKpqjwU0fHs9maZ4ZxLXSkWmn8hSAcdW7jGKKmhFg-pIyYhXyNbeOFli7vqIwueaFt2Oag-TuWO44_RI6nG7EMNsOxCFcQrVu8vlrk05PTF_SFVLzbINyLz1ik9xmcVxJXl2Ax9fR\/s1280\/9%20%20Zacarias%20Martins%20realiza%20em%20palestra%20em%20Filad%C3%A9lfia%20-%20Foto%20Divulga%C3%A7%C3%A3o.jpeg\"><img decoding=\"async\" src=\"https:\/\/blogger.googleusercontent.com\/img\/b\/R29vZ2xl\/AVvXsEjVPZbszxDSYgoytSkQYvA2eIMVkztkJD5TLsRkscHDXv2iHHTU96unKpqjwU0fHs9maZ4ZxLXSkWmn8hSAcdW7jGKKmhFg-pIyYhXyNbeOFli7vqIwueaFt2Oag-TuWO44_RI6nG7EMNsOxCFcQrVu8vlrk05PTF_SFVLzbINyLz1ik9xmcVxJXl2Ax9fR\/w522-h696\/9%20%20Zacarias%20Martins%20realiza%20em%20palestra%20em%20Filad%C3%A9lfia%20-%20Foto%20Divulga%C3%A7%C3%A3o.jpeg\" alt=\"\" style=\"width:840px;height:auto\"\/><\/a><\/figure>\n\n\n\n<p><\/p>\n\n\n\n<figure class=\"wp-block-image size-large\"><img loading=\"lazy\" decoding=\"async\" width=\"1024\" height=\"340\" src=\"https:\/\/focotocantinense.com.br\/wp-content\/uploads\/2026\/03\/OK-VINICIUS-MARTINS-2-1024x340.jpeg\" alt=\"\" class=\"wp-image-11964\" srcset=\"https:\/\/focotocantinense.com.br\/wp-content\/uploads\/2026\/03\/OK-VINICIUS-MARTINS-2-1024x340.jpeg 1024w, https:\/\/focotocantinense.com.br\/wp-content\/uploads\/2026\/03\/OK-VINICIUS-MARTINS-2-300x100.jpeg 300w, https:\/\/focotocantinense.com.br\/wp-content\/uploads\/2026\/03\/OK-VINICIUS-MARTINS-2-768x255.jpeg 768w, https:\/\/focotocantinense.com.br\/wp-content\/uploads\/2026\/03\/OK-VINICIUS-MARTINS-2.jpeg 1125w\" sizes=\"auto, (max-width: 1024px) 100vw, 1024px\" \/><\/figure>\n","protected":false},"excerpt":{"rendered":"<p>Por Solange Dutra&nbsp; &#8211; Fotos: Divulga\u00e7\u00e3o Na manh\u00e3 desta quarta-feira, 11, o destacado poeta e jornalista tocantinense Zacarias Martins foi a grande atra\u00e7\u00e3o num evento promovido pela Biblioteca P\u00fablica Municipal Professora Elza Pereira Marinho, em Filad\u00e9lfia, no norte do estado, quando realizou uma movimentada Roda de Conversa liter\u00e1ria, tendo como p\u00fablico-alvo, um seleto grupo de &hellip;<\/p>\n","protected":false},"author":5,"featured_media":11968,"comment_status":"open","ping_status":"open","sticky":false,"template":"","format":"standard","meta":{"footnotes":""},"categories":[98,117],"tags":[],"class_list":["post-11967","post","type-post","status-publish","format-standard","has-post-thumbnail","","category-faladelfia","category-filadelfia"],"_links":{"self":[{"href":"https:\/\/focotocantinense.com.br\/index.php?rest_route=\/wp\/v2\/posts\/11967","targetHints":{"allow":["GET"]}}],"collection":[{"href":"https:\/\/focotocantinense.com.br\/index.php?rest_route=\/wp\/v2\/posts"}],"about":[{"href":"https:\/\/focotocantinense.com.br\/index.php?rest_route=\/wp\/v2\/types\/post"}],"author":[{"embeddable":true,"href":"https:\/\/focotocantinense.com.br\/index.php?rest_route=\/wp\/v2\/users\/5"}],"replies":[{"embeddable":true,"href":"https:\/\/focotocantinense.com.br\/index.php?rest_route=%2Fwp%2Fv2%2Fcomments&post=11967"}],"version-history":[{"count":3,"href":"https:\/\/focotocantinense.com.br\/index.php?rest_route=\/wp\/v2\/posts\/11967\/revisions"}],"predecessor-version":[{"id":11974,"href":"https:\/\/focotocantinense.com.br\/index.php?rest_route=\/wp\/v2\/posts\/11967\/revisions\/11974"}],"wp:featuredmedia":[{"embeddable":true,"href":"https:\/\/focotocantinense.com.br\/index.php?rest_route=\/wp\/v2\/media\/11968"}],"wp:attachment":[{"href":"https:\/\/focotocantinense.com.br\/index.php?rest_route=%2Fwp%2Fv2%2Fmedia&parent=11967"}],"wp:term":[{"taxonomy":"category","embeddable":true,"href":"https:\/\/focotocantinense.com.br\/index.php?rest_route=%2Fwp%2Fv2%2Fcategories&post=11967"},{"taxonomy":"post_tag","embeddable":true,"href":"https:\/\/focotocantinense.com.br\/index.php?rest_route=%2Fwp%2Fv2%2Ftags&post=11967"}],"curies":[{"name":"wp","href":"https:\/\/api.w.org\/{rel}","templated":true}]}}