{"id":1195,"date":"2021-04-27T19:14:13","date_gmt":"2021-04-27T22:14:13","guid":{"rendered":"http:\/\/focotocantinense.com.br\/?p=1195"},"modified":"2021-04-27T19:15:11","modified_gmt":"2021-04-27T22:15:11","slug":"com-apoio-de-antonio-andrade-subtenentes-da-pm-to-garantem-direito-a-promocao","status":"publish","type":"post","link":"https:\/\/focotocantinense.com.br\/?p=1195","title":{"rendered":"Com apoio de Antonio Andrade Subtenentes da PM-TO garantem direito a promo\u00e7\u00e3o"},"content":{"rendered":"\n<p>Na manh\u00e3 desta segunda-feira, 19, o presidente da Assembleia Legislativa do TO (Aleto), deputado Antonio Andrade (PTB), recebeu na sala de reuni\u00f5es da Casa de Leis, uma comiss\u00e3o formada por Subtenentes da&nbsp;Pol\u00edcia&nbsp;Militar do Estado (PM-TO).<\/p>\n\n\n\n<p>Na pauta do encontro uma demanda da categoria relacionada \u00e0s promo\u00e7\u00f5es, segundo informaram, muitos est\u00e3o h\u00e1 cerca de 10 anos sem promo\u00e7\u00e3o e a Lei aprovada na Aleto na \u00faltima sess\u00e3o, dia 14, n\u00e3o os contempla.<\/p>\n\n\n\n<p>Sens\u00edvel a demanda, Antonio Andrade, buscou apoio junto ao Governo do Estado e conseguiu a garantia de que at\u00e9 o segundo semestre vai ser realizado um Curso de Habilita\u00e7\u00e3o de Oficiais da Administra\u00e7\u00e3o (CHOA) para que ainda este ano aconte\u00e7a a t\u00e3o sonhada promo\u00e7\u00e3o para os subtenentes.<\/p>\n\n\n\n<p>\u201cQueremos agradecer o empenho do deputado Antonio Andrade por ter colocado seu gabinete \u00e0 disposi\u00e7\u00e3o, ele nos recebeu, abra\u00e7ou a causa, se emprenhou e trouxe not\u00edcias favor\u00e1veis para que possamos ter ascens\u00e3o na Pol\u00edcia Militar, nosso muito obrigado\u201d, disse o subtenente Edson Silva Rocha.<\/p>\n\n\n\n<p>O presidente da Casa ressaltou que sua atua\u00e7\u00e3o faz parte do papel do parlamentar que \u00e9 defender os interesses dos cidad\u00e3os tocantinenses.<\/p>\n\n\n\n<p>\u201cConversei com o Comandante da PM-TO, Cel Silva Neto, e tamb\u00e9m com o governador, Mauro Carlesse, e conseguimos sensibiliz\u00e1-los da demanda. Segundo eles, ainda este ano estes guerreiros v\u00e3o conquistar a merecida promo\u00e7\u00e3o, ocasi\u00e3o que fa\u00e7o quest\u00e3o de estar presente\u201d, pontuou Andrade.<\/p>\n\n\n\n<figure class=\"wp-block-image size-large\"><img loading=\"lazy\" decoding=\"async\" width=\"938\" height=\"477\" src=\"http:\/\/focotocantinense.com.br\/wp-content\/uploads\/2021\/04\/image-4.png\" alt=\"\" class=\"wp-image-1196\" srcset=\"https:\/\/focotocantinense.com.br\/wp-content\/uploads\/2021\/04\/image-4.png 938w, https:\/\/focotocantinense.com.br\/wp-content\/uploads\/2021\/04\/image-4-300x153.png 300w, https:\/\/focotocantinense.com.br\/wp-content\/uploads\/2021\/04\/image-4-768x391.png 768w\" sizes=\"auto, (max-width: 938px) 100vw, 938px\" \/><\/figure>\n","protected":false},"excerpt":{"rendered":"<p>Na manh\u00e3 desta segunda-feira, 19, o presidente da Assembleia Legislativa do TO (Aleto), deputado Antonio Andrade (PTB), recebeu na sala de reuni\u00f5es da Casa de Leis, uma comiss\u00e3o formada por Subtenentes da&nbsp;Pol\u00edcia&nbsp;Militar do Estado (PM-TO). Na pauta do encontro uma demanda da categoria relacionada \u00e0s promo\u00e7\u00f5es, segundo informaram, muitos est\u00e3o h\u00e1 cerca de 10 anos &hellip;<\/p>\n","protected":false},"author":5,"featured_media":1196,"comment_status":"open","ping_status":"open","sticky":true,"template":"","format":"standard","meta":{"footnotes":""},"categories":[37,1],"tags":[],"class_list":["post-1195","post","type-post","status-publish","format-standard","has-post-thumbnail","","category-palmas","category-sem-categoria"],"_links":{"self":[{"href":"https:\/\/focotocantinense.com.br\/index.php?rest_route=\/wp\/v2\/posts\/1195","targetHints":{"allow":["GET"]}}],"collection":[{"href":"https:\/\/focotocantinense.com.br\/index.php?rest_route=\/wp\/v2\/posts"}],"about":[{"href":"https:\/\/focotocantinense.com.br\/index.php?rest_route=\/wp\/v2\/types\/post"}],"author":[{"embeddable":true,"href":"https:\/\/focotocantinense.com.br\/index.php?rest_route=\/wp\/v2\/users\/5"}],"replies":[{"embeddable":true,"href":"https:\/\/focotocantinense.com.br\/index.php?rest_route=%2Fwp%2Fv2%2Fcomments&post=1195"}],"version-history":[{"count":1,"href":"https:\/\/focotocantinense.com.br\/index.php?rest_route=\/wp\/v2\/posts\/1195\/revisions"}],"predecessor-version":[{"id":1197,"href":"https:\/\/focotocantinense.com.br\/index.php?rest_route=\/wp\/v2\/posts\/1195\/revisions\/1197"}],"wp:featuredmedia":[{"embeddable":true,"href":"https:\/\/focotocantinense.com.br\/index.php?rest_route=\/wp\/v2\/media\/1196"}],"wp:attachment":[{"href":"https:\/\/focotocantinense.com.br\/index.php?rest_route=%2Fwp%2Fv2%2Fmedia&parent=1195"}],"wp:term":[{"taxonomy":"category","embeddable":true,"href":"https:\/\/focotocantinense.com.br\/index.php?rest_route=%2Fwp%2Fv2%2Fcategories&post=1195"},{"taxonomy":"post_tag","embeddable":true,"href":"https:\/\/focotocantinense.com.br\/index.php?rest_route=%2Fwp%2Fv2%2Ftags&post=1195"}],"curies":[{"name":"wp","href":"https:\/\/api.w.org\/{rel}","templated":true}]}}