{"id":1192,"date":"2021-04-27T12:35:41","date_gmt":"2021-04-27T15:35:41","guid":{"rendered":"http:\/\/focotocantinense.com.br\/?p=1192"},"modified":"2021-04-27T12:37:03","modified_gmt":"2021-04-27T15:37:03","slug":"secretaria-de-desenvolvimento-rural-de-palmas-se-reune-com-produtores-de-leite-para-ouvir-demandas-do-setor","status":"publish","type":"post","link":"https:\/\/focotocantinense.com.br\/?p=1192","title":{"rendered":"Secretaria de Desenvolvimento Rural de Palmas se re\u00fane com produtores de leite para ouvir demandas do setor"},"content":{"rendered":"\n<p>O secret\u00e1rio Municipal de Desenvolvimento Rural (Seder), Major Negreiros, participar\u00e1 nesta quarta-feira, 28, de uma reuni\u00e3o com produtores de leite na Ch\u00e1cara Para\u00edso, localizada no loteamento Coqueirinho, \u00e0s 14 horas. Este ser\u00e1 o primeiro encontro do secret\u00e1rio, ap\u00f3s assumir a pasta, com os produtores, que na oportunidade ir\u00e3o apresentar o projeto de atividade da cadeia leiteira, desenvolvido na regi\u00e3o de Palmas.<\/p>\n\n\n\n<p>De acordo com o produtor Ad\u00e3o Rocha Rego, a reuni\u00e3o foi solicitada para que eles apresentassem ao secret\u00e1rio os trabalhos que j\u00e1 est\u00e3o sendo feitos pela classe, al\u00e9m de estreitar o relacionamento entre a gest\u00e3o municipal e o setor, buscando dessa forma, o melhor caminho para desenvolver a cadeia produtiva do leite na Capital.<\/p>\n\n\n\n<p>Outros pontos a serem discutidos na reuni\u00e3o: apoio aos produtores, para transfer\u00eancia de tecnologia; treinamentos; acompanhamento e manuten\u00e7\u00e3o dos programas existentes como a quest\u00e3o do melhoramento gen\u00e9tico, manuten\u00e7\u00e3o das estradas e apoio na compra conjunta dos produtores que precisam de transportes de produtos como adubo, calc\u00e1rio e insumos de forma geral.<\/p>\n\n\n\n<p>Segundo dados da Secretaria do Desenvolvimento Rural, constam cerca de 50 produtores de leite ou empreendedores ligados \u00e0 atividade leiteira, cadastrados na pasta. Devido \u00e0s restri\u00e7\u00f5es impostas pela pandemia, o local escolhido para a reuni\u00e3o foi uma ch\u00e1cara que possui uma vasta \u00e1rea ao ar livre. Tamb\u00e9m ser\u00e3o seguidos todos os protocolos de seguran\u00e7a, como o uso de \u00e1lcool gel e m\u00e1scaras.<\/p>\n","protected":false},"excerpt":{"rendered":"<p>O secret\u00e1rio Municipal de Desenvolvimento Rural (Seder), Major Negreiros, participar\u00e1 nesta quarta-feira, 28, de uma reuni\u00e3o com produtores de leite na Ch\u00e1cara Para\u00edso, localizada no loteamento Coqueirinho, \u00e0s 14 horas. Este ser\u00e1 o primeiro encontro do secret\u00e1rio, ap\u00f3s assumir a pasta, com os produtores, que na oportunidade ir\u00e3o apresentar o projeto de atividade da cadeia &hellip;<\/p>\n","protected":false},"author":5,"featured_media":1194,"comment_status":"open","ping_status":"open","sticky":true,"template":"","format":"standard","meta":{"footnotes":""},"categories":[37,1],"tags":[],"class_list":["post-1192","post","type-post","status-publish","format-standard","has-post-thumbnail","","category-palmas","category-sem-categoria"],"_links":{"self":[{"href":"https:\/\/focotocantinense.com.br\/index.php?rest_route=\/wp\/v2\/posts\/1192","targetHints":{"allow":["GET"]}}],"collection":[{"href":"https:\/\/focotocantinense.com.br\/index.php?rest_route=\/wp\/v2\/posts"}],"about":[{"href":"https:\/\/focotocantinense.com.br\/index.php?rest_route=\/wp\/v2\/types\/post"}],"author":[{"embeddable":true,"href":"https:\/\/focotocantinense.com.br\/index.php?rest_route=\/wp\/v2\/users\/5"}],"replies":[{"embeddable":true,"href":"https:\/\/focotocantinense.com.br\/index.php?rest_route=%2Fwp%2Fv2%2Fcomments&post=1192"}],"version-history":[{"count":1,"href":"https:\/\/focotocantinense.com.br\/index.php?rest_route=\/wp\/v2\/posts\/1192\/revisions"}],"predecessor-version":[{"id":1193,"href":"https:\/\/focotocantinense.com.br\/index.php?rest_route=\/wp\/v2\/posts\/1192\/revisions\/1193"}],"wp:featuredmedia":[{"embeddable":true,"href":"https:\/\/focotocantinense.com.br\/index.php?rest_route=\/wp\/v2\/media\/1194"}],"wp:attachment":[{"href":"https:\/\/focotocantinense.com.br\/index.php?rest_route=%2Fwp%2Fv2%2Fmedia&parent=1192"}],"wp:term":[{"taxonomy":"category","embeddable":true,"href":"https:\/\/focotocantinense.com.br\/index.php?rest_route=%2Fwp%2Fv2%2Fcategories&post=1192"},{"taxonomy":"post_tag","embeddable":true,"href":"https:\/\/focotocantinense.com.br\/index.php?rest_route=%2Fwp%2Fv2%2Ftags&post=1192"}],"curies":[{"name":"wp","href":"https:\/\/api.w.org\/{rel}","templated":true}]}}