{"id":1180,"date":"2021-04-26T12:43:03","date_gmt":"2021-04-26T15:43:03","guid":{"rendered":"http:\/\/focotocantinense.com.br\/?p=1180"},"modified":"2021-04-26T13:59:09","modified_gmt":"2021-04-26T16:59:09","slug":"deputado-antonio-andrade-pede-ao-ministro-da-infraestrutura-revisao-no-prazo-da-duplicacao-da-br-153-no-to","status":"publish","type":"post","link":"https:\/\/focotocantinense.com.br\/?p=1180","title":{"rendered":"Deputado Ant\u00f4nio Andrade pede ao Ministro da Infraestrutura revis\u00e3o no prazo da duplica\u00e7\u00e3o da BR-153 no TO"},"content":{"rendered":"\n<p>O presidente da Assembleia Legislativa do Tocantins (Aleto), deputado Ant\u00f4nio Andrade (PTB), se posicionou sobre o edital do leil\u00e3o da BR-153, previsto para acontecer no pr\u00f3ximo dia 29 de abril, na Bolsa de Valores de S\u00e3o Paulo.\u00a0<\/p>\n\n\n\n<p>O edital recebeu v\u00e1rias cr\u00edticas da comunidade pol\u00edtica tocantinense, o principal ponto questionado se refere ao prazo para duplica\u00e7\u00e3o do trecho no Estado. Somente em 2041, ou seja, 20 anos ap\u00f3s a concess\u00e3o, a concession\u00e1ria ser\u00e1 obrigada a realizar a duplica\u00e7\u00e3o. Enquanto isso, o trecho goiano ser\u00e1 duplicado em at\u00e9 dez anos.\u00a0<\/p>\n\n\n\n<p>Outros problemas identificados no edital s\u00e3o em rela\u00e7\u00e3o a investimentos na melhoria da rodovia, como na instala\u00e7\u00e3o de passarelas, rotat\u00f3rias, interse\u00e7\u00f5es, que v\u00e3o ocorrer em n\u00famero muito pequeno se comparado com o Estado vizinho. S\u00e3o duas passarelas no Tocantins e 16 em Goi\u00e1s. N\u00e3o est\u00e1 prevista nenhuma rotat\u00f3ria no Tocantins e em Goi\u00e1s s\u00e3o seis.\u00a0<\/p>\n\n\n\n<p>O trecho do Estado, que tem quase 180 quil\u00f4metros e vai de Alian\u00e7a a Talism\u00e3, dois pontos de ped\u00e1gio ser\u00e3o instalados e entram em funcionamento em at\u00e9 um ano ap\u00f3s a concess\u00e3o.\u00a0\u201cEsperamos que pontos do edital sejam revistos, pois entendemos que o maior ganho da concess\u00e3o \u00e9 garantir seguran\u00e7a para os usu\u00e1rios por meio da duplica\u00e7\u00e3o e alavancar os investimentos na nossa regi\u00e3o atra\u00eddos pela log\u00edstica favor\u00e1vel do Estado\u201d, destaca o Presidente da Aleto.\u00a0<\/p>\n\n\n\n<p>Buscando sensibilizar os envolvidos no processo de concess\u00e3o, o deputado Ant\u00f4nio Andrade, enviou correspond\u00eancia ao Ministro da Infraestrutura, Tarc\u00edsio Gomes de Freitas, pedindo a revis\u00e3o dos pontos destacados e principalmente no prazo da duplica\u00e7\u00e3o no Tocantins.<\/p>\n","protected":false},"excerpt":{"rendered":"<p>O presidente da Assembleia Legislativa do Tocantins (Aleto), deputado Ant\u00f4nio Andrade (PTB), se posicionou sobre o edital do leil\u00e3o da BR-153, previsto para acontecer no pr\u00f3ximo dia 29 de abril, na Bolsa de Valores de S\u00e3o Paulo.\u00a0 O edital recebeu v\u00e1rias cr\u00edticas da comunidade pol\u00edtica tocantinense, o principal ponto questionado se refere ao prazo para &hellip;<\/p>\n","protected":false},"author":5,"featured_media":1182,"comment_status":"open","ping_status":"open","sticky":true,"template":"","format":"standard","meta":{"footnotes":""},"categories":[39,1],"tags":[],"class_list":["post-1180","post","type-post","status-publish","format-standard","has-post-thumbnail","","category-estado","category-sem-categoria"],"_links":{"self":[{"href":"https:\/\/focotocantinense.com.br\/index.php?rest_route=\/wp\/v2\/posts\/1180","targetHints":{"allow":["GET"]}}],"collection":[{"href":"https:\/\/focotocantinense.com.br\/index.php?rest_route=\/wp\/v2\/posts"}],"about":[{"href":"https:\/\/focotocantinense.com.br\/index.php?rest_route=\/wp\/v2\/types\/post"}],"author":[{"embeddable":true,"href":"https:\/\/focotocantinense.com.br\/index.php?rest_route=\/wp\/v2\/users\/5"}],"replies":[{"embeddable":true,"href":"https:\/\/focotocantinense.com.br\/index.php?rest_route=%2Fwp%2Fv2%2Fcomments&post=1180"}],"version-history":[{"count":2,"href":"https:\/\/focotocantinense.com.br\/index.php?rest_route=\/wp\/v2\/posts\/1180\/revisions"}],"predecessor-version":[{"id":1184,"href":"https:\/\/focotocantinense.com.br\/index.php?rest_route=\/wp\/v2\/posts\/1180\/revisions\/1184"}],"wp:featuredmedia":[{"embeddable":true,"href":"https:\/\/focotocantinense.com.br\/index.php?rest_route=\/wp\/v2\/media\/1182"}],"wp:attachment":[{"href":"https:\/\/focotocantinense.com.br\/index.php?rest_route=%2Fwp%2Fv2%2Fmedia&parent=1180"}],"wp:term":[{"taxonomy":"category","embeddable":true,"href":"https:\/\/focotocantinense.com.br\/index.php?rest_route=%2Fwp%2Fv2%2Fcategories&post=1180"},{"taxonomy":"post_tag","embeddable":true,"href":"https:\/\/focotocantinense.com.br\/index.php?rest_route=%2Fwp%2Fv2%2Ftags&post=1180"}],"curies":[{"name":"wp","href":"https:\/\/api.w.org\/{rel}","templated":true}]}}