{"id":11755,"date":"2026-01-28T18:34:10","date_gmt":"2026-01-28T21:34:10","guid":{"rendered":"https:\/\/focotocantinense.com.br\/?p=11755"},"modified":"2026-01-28T18:36:34","modified_gmt":"2026-01-28T21:36:34","slug":"pre-candidatura-ao-governo-e-compromisso-com-o-sonho-dos-pioneiros-e-com-o-futuro-dos-nossos-filhos-e-netos-afirma-vicentinho-junior","status":"publish","type":"post","link":"https:\/\/focotocantinense.com.br\/?p=11755","title":{"rendered":"Pr\u00e9-candidatura ao governo \u00e9 &#8220;compromisso com o sonho dos pioneiros e com o futuro dos nossos filhos e netos\u201d, afirma Vicentinho J\u00fanior"},"content":{"rendered":"\n<p><\/p>\n\n\n\n<p>Em v\u00eddeo publicado nas redes sociais na manh\u00e3 desta quarta-feira, dia 28, o deputado federal Vicentinho J\u00fanior (PP) classifica como \u201co passo mais importante\u201d da sua vida p\u00fablica a pr\u00e9-candidatura ao governo do Estado.&nbsp; \u201cEu sou pr\u00e9-candidato a governador do Estado do Tocantins. E essa decis\u00e3o \u00e9 definitiva\u201d, refor\u00e7ou.<\/p>\n\n\n\n<p>O pr\u00e9-candidato abordou que tem o \u201ccompromisso com o sonho dos pioneiros e com o futuro dos nossos filhos e netos\u201d. \u201cAssim como eu, o Tocantins \u00e9 um estado jovem, cheio de energia e vontade de crescer. Ent\u00e3o eu arrega\u00e7o as mangas e te convido a trilhar essa caminhada junto comigo, passo a passo\u201d, ressaltou.<\/p>\n\n\n\n<figure class=\"wp-block-image size-large is-resized\"><img loading=\"lazy\" decoding=\"async\" width=\"776\" height=\"1024\" src=\"https:\/\/focotocantinense.com.br\/wp-content\/uploads\/2026\/01\/Video-Vicentinho-Junior-776x1024.jpeg\" alt=\"\" class=\"wp-image-11759\" style=\"width:375px;height:auto\" srcset=\"https:\/\/focotocantinense.com.br\/wp-content\/uploads\/2026\/01\/Video-Vicentinho-Junior-776x1024.jpeg 776w, https:\/\/focotocantinense.com.br\/wp-content\/uploads\/2026\/01\/Video-Vicentinho-Junior-227x300.jpeg 227w, https:\/\/focotocantinense.com.br\/wp-content\/uploads\/2026\/01\/Video-Vicentinho-Junior-768x1013.jpeg 768w, https:\/\/focotocantinense.com.br\/wp-content\/uploads\/2026\/01\/Video-Vicentinho-Junior.jpeg 1080w\" sizes=\"auto, (max-width: 776px) 100vw, 776px\" \/><\/figure>\n\n\n\n<p><strong><em>\u201cEssa decis\u00e3o \u00e9 definitiva\u201d, afirmou o deputado federal em v\u00eddeo veiculado nas redes sociais.<\/em><\/strong><\/p>\n\n\n\n<p>Ao afirmar que o Tocantins \u201c\u00e9 e sempre ser\u00e1 a minha caminhada\u201d, destacou: \u201cO Tocantins precisa dar um novo passo. Aquele passo que faz a diferen\u00e7a, que respeita as pessoas e que trabalha com prop\u00f3sito\u201d.<\/p>\n\n\n\n<p>Desde 2015, com tr\u00eas mandatos como deputado federal, e com evolu\u00e7\u00e3o nos n\u00fameros de vota\u00e7\u00e3o, se comportar\u00e1 como \u201cportuense romeiro e devoto do Senhor do Bonfim, dando um passo de cada vez\u201d. \u201cO Tocantins precisa de mais. E juntos, n\u00f3s vamos fazer. Este \u00e9 s\u00f3 o primeiro passo!\u201d, finalizou.<\/p>\n\n\n\n<figure class=\"wp-block-image size-large\"><img loading=\"lazy\" decoding=\"async\" width=\"1024\" height=\"340\" src=\"https:\/\/focotocantinense.com.br\/wp-content\/uploads\/2026\/01\/OK-VINICIUS-MARTINS-3-1024x340.jpeg\" alt=\"\" class=\"wp-image-11749\" srcset=\"https:\/\/focotocantinense.com.br\/wp-content\/uploads\/2026\/01\/OK-VINICIUS-MARTINS-3-1024x340.jpeg 1024w, https:\/\/focotocantinense.com.br\/wp-content\/uploads\/2026\/01\/OK-VINICIUS-MARTINS-3-300x100.jpeg 300w, https:\/\/focotocantinense.com.br\/wp-content\/uploads\/2026\/01\/OK-VINICIUS-MARTINS-3-768x255.jpeg 768w, https:\/\/focotocantinense.com.br\/wp-content\/uploads\/2026\/01\/OK-VINICIUS-MARTINS-3.jpeg 1125w\" sizes=\"auto, (max-width: 1024px) 100vw, 1024px\" \/><\/figure>\n\n\n\n<p><\/p>\n\n\n\n<p><\/p>\n","protected":false},"excerpt":{"rendered":"<p>Em v\u00eddeo publicado nas redes sociais na manh\u00e3 desta quarta-feira, dia 28, o deputado federal Vicentinho J\u00fanior (PP) classifica como \u201co passo mais importante\u201d da sua vida p\u00fablica a pr\u00e9-candidatura ao governo do Estado.&nbsp; \u201cEu sou pr\u00e9-candidato a governador do Estado do Tocantins. E essa decis\u00e3o \u00e9 definitiva\u201d, refor\u00e7ou. O pr\u00e9-candidato abordou que tem o &hellip;<\/p>\n","protected":false},"author":5,"featured_media":11756,"comment_status":"open","ping_status":"open","sticky":false,"template":"","format":"standard","meta":{"footnotes":""},"categories":[40],"tags":[],"class_list":["post-11755","post","type-post","status-publish","format-standard","has-post-thumbnail","","category-politica"],"_links":{"self":[{"href":"https:\/\/focotocantinense.com.br\/index.php?rest_route=\/wp\/v2\/posts\/11755","targetHints":{"allow":["GET"]}}],"collection":[{"href":"https:\/\/focotocantinense.com.br\/index.php?rest_route=\/wp\/v2\/posts"}],"about":[{"href":"https:\/\/focotocantinense.com.br\/index.php?rest_route=\/wp\/v2\/types\/post"}],"author":[{"embeddable":true,"href":"https:\/\/focotocantinense.com.br\/index.php?rest_route=\/wp\/v2\/users\/5"}],"replies":[{"embeddable":true,"href":"https:\/\/focotocantinense.com.br\/index.php?rest_route=%2Fwp%2Fv2%2Fcomments&post=11755"}],"version-history":[{"count":2,"href":"https:\/\/focotocantinense.com.br\/index.php?rest_route=\/wp\/v2\/posts\/11755\/revisions"}],"predecessor-version":[{"id":11760,"href":"https:\/\/focotocantinense.com.br\/index.php?rest_route=\/wp\/v2\/posts\/11755\/revisions\/11760"}],"wp:featuredmedia":[{"embeddable":true,"href":"https:\/\/focotocantinense.com.br\/index.php?rest_route=\/wp\/v2\/media\/11756"}],"wp:attachment":[{"href":"https:\/\/focotocantinense.com.br\/index.php?rest_route=%2Fwp%2Fv2%2Fmedia&parent=11755"}],"wp:term":[{"taxonomy":"category","embeddable":true,"href":"https:\/\/focotocantinense.com.br\/index.php?rest_route=%2Fwp%2Fv2%2Fcategories&post=11755"},{"taxonomy":"post_tag","embeddable":true,"href":"https:\/\/focotocantinense.com.br\/index.php?rest_route=%2Fwp%2Fv2%2Ftags&post=11755"}],"curies":[{"name":"wp","href":"https:\/\/api.w.org\/{rel}","templated":true}]}}