{"id":11753,"date":"2026-01-24T14:59:02","date_gmt":"2026-01-24T17:59:02","guid":{"rendered":"https:\/\/focotocantinense.com.br\/?p=11753"},"modified":"2026-01-24T14:59:03","modified_gmt":"2026-01-24T17:59:03","slug":"prefeito-enoque-portilio-consolida-nova-rosalandia-como-referencia-de-gestao-no-tocantins","status":"publish","type":"post","link":"https:\/\/focotocantinense.com.br\/?p=11753","title":{"rendered":"Prefeito Enoque Port\u00edlio consolida Nova Rosal\u00e2ndia como refer\u00eancia de gest\u00e3o no Tocantins"},"content":{"rendered":"\n<p><em><strong>Por Jonas Amaral<\/strong><\/em><\/p>\n\n\n\n<p>Na manh\u00e3 desta sexta-feira, o cen\u00e1rio pol\u00edtico e administrativo do Vale do Araguaia voltou seus olhos para Nova Rosal\u00e2ndia. Em uma entrevista esclarecedora e carregada de otimismo ao Portal do Amaral, o prefeito Enoque Port\u00edlio \u2014 agora em seu hist\u00f3rico quarto mandato \u2014 apresentou um balan\u00e7o robusto de sua trajet\u00f3ria e revelou as metas audaciosas para o ano de 2026. Com a experi\u00eancia de quem conhece cada palmo da cidade e a energia de um gestor que busca a excel\u00eancia, Port\u00edlio reafirmou que sua miss\u00e3o \u00e9 entregar a gest\u00e3o mais pujante da hist\u00f3ria do munic\u00edpio.<\/p>\n\n\n\n<figure class=\"wp-block-image size-full is-resized\"><img loading=\"lazy\" decoding=\"async\" width=\"768\" height=\"432\" src=\"https:\/\/focotocantinense.com.br\/wp-content\/uploads\/2026\/01\/PREFEITO-DE-NOVA-ROSALANDIA.jpeg\" alt=\"\" class=\"wp-image-11752\" style=\"width:343px;height:auto\" srcset=\"https:\/\/focotocantinense.com.br\/wp-content\/uploads\/2026\/01\/PREFEITO-DE-NOVA-ROSALANDIA.jpeg 768w, https:\/\/focotocantinense.com.br\/wp-content\/uploads\/2026\/01\/PREFEITO-DE-NOVA-ROSALANDIA-300x169.jpeg 300w\" sizes=\"auto, (max-width: 768px) 100vw, 768px\" \/><\/figure>\n\n\n\n<p><\/p>\n\n\n\n<p><strong>Supera\u00e7\u00e3o de problemas cr\u00f4nicos<\/strong><\/p>\n\n\n\n<p>A hist\u00f3ria de sucesso de Enoque Port\u00edlio come\u00e7ou com a coragem de enfrentar feridas abertas. O prefeito relembrou que, nos primeiros mandatos, o foco foi resolver a situa\u00e7\u00e3o dram\u00e1tica das \u00e1guas pluviais que invadiam resid\u00eancias e com\u00e9rcios, fruto de uma ocupa\u00e7\u00e3o urbana desordenada na \u00e9poca da constru\u00e7\u00e3o da Bel\u00e9m-Bras\u00edlia. Com drenagens profundas e planejamento t\u00e9cnico, ele devolveu a dignidade e a seguran\u00e7a patrimonial aos moradores, eliminando preju\u00edzos que antes eram rotina na vida dos cidad\u00e3os.<\/p>\n\n\n\n<p><strong>Pavimenta\u00e7\u00e3o e meta zero<\/strong><\/p>\n\n\n\n<p>No campo da infraestrutura, o avan\u00e7o \u00e9 vis\u00edvel e tem data para ser conclu\u00eddo. Port\u00edlio anunciou que o projeto para 2026 \u00e9 zerar o d\u00e9ficit de pavimenta\u00e7\u00e3o em ruas e avenidas. Com recursos j\u00e1 empenhados, o prefeito garante que o fim da poeira no ver\u00e3o e da lama no inverno n\u00e3o \u00e9 apenas uma promessa, mas uma realidade iminente. Essa iniciativa visa consolidar a qualidade de vida, garantindo que o asfalto chegue \u00e0 porta de cada mun\u00edcipe.<\/p>\n\n\n\n<p><strong>Sa\u00fade humanizada e eficiente<\/strong><\/p>\n\n\n\n<p>A humaniza\u00e7\u00e3o \u00e9 a marca registrada da sa\u00fade sob sua batuta. Enoque destacou a transfer\u00eancia estrat\u00e9gica do pronto atendimento para um local adequado, longe do barulho comercial, garantindo repouso aos enfermos. O \u00e1pice deste setor foi a chegada do MedCenter, que oferecer\u00e1 seis especialidades e atender\u00e1 mais de 800 pessoas nesta sexta-feira e s\u00e1bado.&nbsp;<em>\u201cA sa\u00fade \u00e9 prioridade\u201d,<\/em>&nbsp;enfatizou o prefeito, cuja gest\u00e3o \u00e9 premiada nacionalmente e reconhecida como&nbsp;<em>\u201cnota dez\u201d,<\/em>&nbsp;refor\u00e7ada pela conquista do terceiro Selo Diamante em Transpar\u00eancia P\u00fablica.<\/p>\n\n\n\n<p><strong>Educa\u00e7\u00e3o como pilar emancipador<\/strong><\/p>\n\n\n\n<p>Como professor de carreira, Enoque Port\u00edlio elevou a educa\u00e7\u00e3o a patamares nunca antes vistos. Ap\u00f3s assumir o munic\u00edpio na 136\u00aa posi\u00e7\u00e3o no ranking estadual, ele saltou para o 3\u00ba lugar em gest\u00f5es anteriores. Agora, o foco \u00e9 o topo. A entrega de kits escolares completos \u2014 incluindo uniformes e cal\u00e7ados \u2014 e o suporte de equipes multiprofissionais com psic\u00f3logos e assistentes sociais demonstram um olhar sens\u00edvel, especialmente no atendimento especializado a alunos autistas, garantindo inclus\u00e3o real e autonomia intelectual.<\/p>\n\n\n\n<p><strong>Esporte e lazer social<\/strong><\/p>\n\n\n\n<p>O investimento no ser humano perpassa o esporte. Mais de R$ 600 mil foram aplicados apenas no \u00faltimo ano em infraestrutura esportiva, incluindo campos gramados e gin\u00e1sios. Projetos como&nbsp;<em>\u201cBom de Escola, Bom de Bola\u201d&nbsp;<\/em>integram educa\u00e7\u00e3o e disciplina, enquanto o Social inova ao permitir que a pr\u00f3pria popula\u00e7\u00e3o escolha as oficinas (como viol\u00e3o, boxe e karat\u00ea). \u00c9 uma gest\u00e3o democr\u00e1tica, onde o desejo da comunidade dita as regras das pol\u00edticas p\u00fablicas.<\/p>\n\n\n\n<p><strong>Uni\u00e3o por resultados maiores<\/strong><\/p>\n\n\n\n<p>Ao projetar o futuro, Enoque Port\u00edlio enfatizou que a for\u00e7a de sua administra\u00e7\u00e3o reside na uni\u00e3o. Ele destacou que, contando com o apoio fundamental do vice-prefeito Z\u00e9 Ant\u00f4nio e da C\u00e2mara de Vereadores, o compromisso \u00e9 realizar uma quarta gest\u00e3o ainda mais desenvolvimentista do que as anteriores.&nbsp;<em>\u201cEstamos trabalhando para que este mandato seja de entregas hist\u00f3ricas\u201d,&nbsp;<\/em>afirmou, refor\u00e7ando que a parceria pol\u00edtica s\u00f3lida \u00e9 o motor que permite responder com efici\u00eancia \u00e0 confian\u00e7a depositada pela popula\u00e7\u00e3o.<\/p>\n\n\n\n<p><img loading=\"lazy\" decoding=\"async\" src=\"https:\/\/portaldoamaral.com.br\/wp-content\/uploads\/2026\/01\/Prefeito-Nova-Rosalandia.jpg\" srcset=\"https:\/\/portaldoamaral.com.br\/wp-content\/uploads\/2026\/01\/Prefeito-Nova-Rosalandia.jpg 1300w, https:\/\/portaldoamaral.com.br\/wp-content\/uploads\/2026\/01\/Prefeito-Nova-Rosalandia-768x432.jpg 768w\" alt=\"\" width=\"921\" height=\"518\"><\/p>\n\n\n\n<p id=\"caption-attachment-181641\"><em>Gustavo Sampaio \u2013 Secret\u00e1rio Municipal de Administra\u00e7\u00e3o, Enoque Portilho \u2013 Prefeito e Luana Pereira de Carvalho Prot\u00e1sio \u2013 Secret\u00e1ria Municipal de Sa\u00fade.<\/em><\/p>\n\n\n\n<figure class=\"wp-block-image size-large\"><img loading=\"lazy\" decoding=\"async\" width=\"1024\" height=\"340\" src=\"https:\/\/focotocantinense.com.br\/wp-content\/uploads\/2026\/01\/OK-VINICIUS-MARTINS-3-1024x340.jpeg\" alt=\"\" class=\"wp-image-11749\" srcset=\"https:\/\/focotocantinense.com.br\/wp-content\/uploads\/2026\/01\/OK-VINICIUS-MARTINS-3-1024x340.jpeg 1024w, https:\/\/focotocantinense.com.br\/wp-content\/uploads\/2026\/01\/OK-VINICIUS-MARTINS-3-300x100.jpeg 300w, https:\/\/focotocantinense.com.br\/wp-content\/uploads\/2026\/01\/OK-VINICIUS-MARTINS-3-768x255.jpeg 768w, https:\/\/focotocantinense.com.br\/wp-content\/uploads\/2026\/01\/OK-VINICIUS-MARTINS-3.jpeg 1125w\" sizes=\"auto, (max-width: 1024px) 100vw, 1024px\" \/><\/figure>\n","protected":false},"excerpt":{"rendered":"<p>Por Jonas Amaral Na manh\u00e3 desta sexta-feira, o cen\u00e1rio pol\u00edtico e administrativo do Vale do Araguaia voltou seus olhos para Nova Rosal\u00e2ndia. Em uma entrevista esclarecedora e carregada de otimismo ao Portal do Amaral, o prefeito Enoque Port\u00edlio \u2014 agora em seu hist\u00f3rico quarto mandato \u2014 apresentou um balan\u00e7o robusto de sua trajet\u00f3ria e revelou &hellip;<\/p>\n","protected":false},"author":5,"featured_media":11752,"comment_status":"open","ping_status":"open","sticky":false,"template":"","format":"standard","meta":{"footnotes":""},"categories":[1],"tags":[],"class_list":["post-11753","post","type-post","status-publish","format-standard","has-post-thumbnail","","category-sem-categoria"],"_links":{"self":[{"href":"https:\/\/focotocantinense.com.br\/index.php?rest_route=\/wp\/v2\/posts\/11753","targetHints":{"allow":["GET"]}}],"collection":[{"href":"https:\/\/focotocantinense.com.br\/index.php?rest_route=\/wp\/v2\/posts"}],"about":[{"href":"https:\/\/focotocantinense.com.br\/index.php?rest_route=\/wp\/v2\/types\/post"}],"author":[{"embeddable":true,"href":"https:\/\/focotocantinense.com.br\/index.php?rest_route=\/wp\/v2\/users\/5"}],"replies":[{"embeddable":true,"href":"https:\/\/focotocantinense.com.br\/index.php?rest_route=%2Fwp%2Fv2%2Fcomments&post=11753"}],"version-history":[{"count":1,"href":"https:\/\/focotocantinense.com.br\/index.php?rest_route=\/wp\/v2\/posts\/11753\/revisions"}],"predecessor-version":[{"id":11754,"href":"https:\/\/focotocantinense.com.br\/index.php?rest_route=\/wp\/v2\/posts\/11753\/revisions\/11754"}],"wp:featuredmedia":[{"embeddable":true,"href":"https:\/\/focotocantinense.com.br\/index.php?rest_route=\/wp\/v2\/media\/11752"}],"wp:attachment":[{"href":"https:\/\/focotocantinense.com.br\/index.php?rest_route=%2Fwp%2Fv2%2Fmedia&parent=11753"}],"wp:term":[{"taxonomy":"category","embeddable":true,"href":"https:\/\/focotocantinense.com.br\/index.php?rest_route=%2Fwp%2Fv2%2Fcategories&post=11753"},{"taxonomy":"post_tag","embeddable":true,"href":"https:\/\/focotocantinense.com.br\/index.php?rest_route=%2Fwp%2Fv2%2Ftags&post=11753"}],"curies":[{"name":"wp","href":"https:\/\/api.w.org\/{rel}","templated":true}]}}