{"id":11747,"date":"2026-01-24T14:34:44","date_gmt":"2026-01-24T17:34:44","guid":{"rendered":"https:\/\/focotocantinense.com.br\/?p=11747"},"modified":"2026-01-24T14:34:45","modified_gmt":"2026-01-24T17:34:45","slug":"governo-do-tocantins-antecipa-salario-dos-servidores-publicos-para-a-proxima-terca-feira-27-e-injeta-mais-de-r-300-milhoes-na-economia","status":"publish","type":"post","link":"https:\/\/focotocantinense.com.br\/?p=11747","title":{"rendered":"Governo do Tocantins antecipa sal\u00e1rio dos servidores p\u00fablicos para a pr\u00f3xima ter\u00e7a-feira, 27, e injeta mais de R$ 300 milh\u00f5es na economia"},"content":{"rendered":"\n<p>O Governo do Tocantins antecipa para a pr\u00f3xima ter\u00e7a-feira, 27, o pagamento dos sal\u00e1rios dos servidores p\u00fablicos estaduais. De acordo com dados da Secretaria de Estado da Fazenda (Sefaz), ser\u00e3o injetados R$ 300.696.287,13 na economia do estado e os valores estar\u00e3o dispon\u00edveis para saque ao longo do dia.<\/p>\n\n\n\n<figure class=\"wp-block-image size-large is-resized\"><img loading=\"lazy\" decoding=\"async\" width=\"1024\" height=\"585\" src=\"https:\/\/focotocantinense.com.br\/wp-content\/uploads\/2026\/01\/AAAAAAAAAAAAAAAAAA-1024x585.jpeg\" alt=\"\" class=\"wp-image-11748\" style=\"aspect-ratio:1.7504558478770513;width:362px;height:auto\" srcset=\"https:\/\/focotocantinense.com.br\/wp-content\/uploads\/2026\/01\/AAAAAAAAAAAAAAAAAA-1024x585.jpeg 1024w, https:\/\/focotocantinense.com.br\/wp-content\/uploads\/2026\/01\/AAAAAAAAAAAAAAAAAA-300x171.jpeg 300w, https:\/\/focotocantinense.com.br\/wp-content\/uploads\/2026\/01\/AAAAAAAAAAAAAAAAAA-768x439.jpeg 768w, https:\/\/focotocantinense.com.br\/wp-content\/uploads\/2026\/01\/AAAAAAAAAAAAAAAAAA-1536x878.jpeg 1536w, https:\/\/focotocantinense.com.br\/wp-content\/uploads\/2026\/01\/AAAAAAAAAAAAAAAAAA-2048x1170.jpeg 2048w\" sizes=\"auto, (max-width: 1024px) 100vw, 1024px\" \/><\/figure>\n\n\n\n<p><\/p>\n\n\n\n<p>O an\u00fancio, realizado nesta sexta-feira, 23, pelo governador do Tocantins, Wanderlei Barbosa, refor\u00e7ou o compromisso com a valoriza\u00e7\u00e3o dos servidores p\u00fablicos. \u201cO nosso compromisso \u00e9 com os trabalhadores, aqueles que prestam os bons servi\u00e7os ao nosso estado, que cuidam desse Tocantins ao nosso lado. Nosso objetivo \u00e9 reconhecer o trabalho de cada profissional, fortalecendo a gest\u00e3o e contribuindo para o desenvolvimento do Tocantins\u201d, enfatizou o chefe do Executivo Estadual.&nbsp;<\/p>\n\n\n\n<p>A folha de janeiro tamb\u00e9m incluir\u00e1 o complemento do piso salarial da enfermagem, os benef\u00edcios na \u00e1rea da educa\u00e7\u00e3o e aos militares, al\u00e9m do pagamento dos estagi\u00e1rios e o 13\u00ba dos aniversariantes do m\u00eas de janeiro.&nbsp;&nbsp;<\/p>\n\n\n\n<p><strong>Piso da enfermagem<\/strong><\/p>\n\n\n\n<p>O repasse do piso da enfermagem \u00e9 realizado em folha complementar elaborada pela Secretaria de Estado da Sa\u00fade (SES\/TO), em conjunto com a Secretaria de Estado da Administra\u00e7\u00e3o (Secad).<\/p>\n\n\n\n<figure class=\"wp-block-image size-large\"><img loading=\"lazy\" decoding=\"async\" width=\"1024\" height=\"340\" src=\"https:\/\/focotocantinense.com.br\/wp-content\/uploads\/2026\/01\/OK-VINICIUS-MARTINS-3-1024x340.jpeg\" alt=\"\" class=\"wp-image-11749\" srcset=\"https:\/\/focotocantinense.com.br\/wp-content\/uploads\/2026\/01\/OK-VINICIUS-MARTINS-3-1024x340.jpeg 1024w, https:\/\/focotocantinense.com.br\/wp-content\/uploads\/2026\/01\/OK-VINICIUS-MARTINS-3-300x100.jpeg 300w, https:\/\/focotocantinense.com.br\/wp-content\/uploads\/2026\/01\/OK-VINICIUS-MARTINS-3-768x255.jpeg 768w, https:\/\/focotocantinense.com.br\/wp-content\/uploads\/2026\/01\/OK-VINICIUS-MARTINS-3.jpeg 1125w\" sizes=\"auto, (max-width: 1024px) 100vw, 1024px\" \/><\/figure>\n","protected":false},"excerpt":{"rendered":"<p>O Governo do Tocantins antecipa para a pr\u00f3xima ter\u00e7a-feira, 27, o pagamento dos sal\u00e1rios dos servidores p\u00fablicos estaduais. De acordo com dados da Secretaria de Estado da Fazenda (Sefaz), ser\u00e3o injetados R$ 300.696.287,13 na economia do estado e os valores estar\u00e3o dispon\u00edveis para saque ao longo do dia. O an\u00fancio, realizado nesta sexta-feira, 23, pelo &hellip;<\/p>\n","protected":false},"author":5,"featured_media":0,"comment_status":"open","ping_status":"open","sticky":false,"template":"","format":"standard","meta":{"footnotes":""},"categories":[39],"tags":[],"class_list":["post-11747","post","type-post","status-publish","format-standard","","category-estado"],"_links":{"self":[{"href":"https:\/\/focotocantinense.com.br\/index.php?rest_route=\/wp\/v2\/posts\/11747","targetHints":{"allow":["GET"]}}],"collection":[{"href":"https:\/\/focotocantinense.com.br\/index.php?rest_route=\/wp\/v2\/posts"}],"about":[{"href":"https:\/\/focotocantinense.com.br\/index.php?rest_route=\/wp\/v2\/types\/post"}],"author":[{"embeddable":true,"href":"https:\/\/focotocantinense.com.br\/index.php?rest_route=\/wp\/v2\/users\/5"}],"replies":[{"embeddable":true,"href":"https:\/\/focotocantinense.com.br\/index.php?rest_route=%2Fwp%2Fv2%2Fcomments&post=11747"}],"version-history":[{"count":1,"href":"https:\/\/focotocantinense.com.br\/index.php?rest_route=\/wp\/v2\/posts\/11747\/revisions"}],"predecessor-version":[{"id":11750,"href":"https:\/\/focotocantinense.com.br\/index.php?rest_route=\/wp\/v2\/posts\/11747\/revisions\/11750"}],"wp:attachment":[{"href":"https:\/\/focotocantinense.com.br\/index.php?rest_route=%2Fwp%2Fv2%2Fmedia&parent=11747"}],"wp:term":[{"taxonomy":"category","embeddable":true,"href":"https:\/\/focotocantinense.com.br\/index.php?rest_route=%2Fwp%2Fv2%2Fcategories&post=11747"},{"taxonomy":"post_tag","embeddable":true,"href":"https:\/\/focotocantinense.com.br\/index.php?rest_route=%2Fwp%2Fv2%2Ftags&post=11747"}],"curies":[{"name":"wp","href":"https:\/\/api.w.org\/{rel}","templated":true}]}}