{"id":11733,"date":"2026-01-24T10:11:59","date_gmt":"2026-01-24T13:11:59","guid":{"rendered":"https:\/\/focotocantinense.com.br\/?p=11733"},"modified":"2026-01-24T10:15:26","modified_gmt":"2026-01-24T13:15:26","slug":"nova-rosalandia-promove-revolucao-na-saude-publica-com-apoio-do-deputado-eli-borges","status":"publish","type":"post","link":"https:\/\/focotocantinense.com.br\/?p=11733","title":{"rendered":"Nova Rosal\u00e2ndia promove revolu\u00e7\u00e3o na sa\u00fade p\u00fablica com apoio do deputado Eli Borges"},"content":{"rendered":"\n<p><strong>Por Jonas Amaral<\/strong><\/p>\n\n\n\n<p>Nesta sexta-feira e s\u00e1bado, 23 e 24 de janeiro, o munic\u00edpio de Nova Rosal\u00e2ndia tornou-se palco de uma das maiores mobiliza\u00e7\u00f5es de sa\u00fade da regi\u00e3o. Atrav\u00e9s de um aporte de R$ 800 mil reais em recursos federais destinados pelo Deputado Federal Eli Borges (PL\/TO), a prefeitura deu in\u00edcio a uma mega for\u00e7a-tarefa em parceria com o programa Sa\u00fade em A\u00e7\u00e3o da Cl\u00ednica Med Center. O objetivo \u00e9 claro: eliminar a fila de espera por especialistas e exames que, em alguns casos, j\u00e1 durava cinco anos.<\/p>\n\n\n\n<figure class=\"wp-block-image size-full is-resized\"><img loading=\"lazy\" decoding=\"async\" width=\"768\" height=\"432\" src=\"https:\/\/focotocantinense.com.br\/wp-content\/uploads\/2026\/01\/ELI-BORGES-1.jpeg\" alt=\"\" class=\"wp-image-11737\" style=\"width:407px;height:auto\" srcset=\"https:\/\/focotocantinense.com.br\/wp-content\/uploads\/2026\/01\/ELI-BORGES-1.jpeg 768w, https:\/\/focotocantinense.com.br\/wp-content\/uploads\/2026\/01\/ELI-BORGES-1-300x169.jpeg 300w\" sizes=\"auto, (max-width: 768px) 100vw, 768px\" \/><\/figure>\n\n\n\n<p><\/p>\n\n\n\n<p><strong><em>Estrutura de Ponta Estacionada<\/em><\/strong><\/p>\n\n\n\n<p>A estrutura montada na Feira Municipal oferece atendimento em diversas especialidades m\u00e9dicas e exames de imagem complexos. Segundo Patr\u00edcia Carvalho, coordenadora do programa, o impacto \u00e9 imediato.&nbsp;<em>\u201cHoje estamos estacionados aqui com toda a nossa estrutura. O grande diferencial \u00e9 que cada paciente j\u00e1 sai com o resultado de exames em m\u00e3os, reduzindo, assim, as filas de espera\u201d<\/em>. O Dr. Jefferson Guedes, cardiologista e respons\u00e1vel t\u00e9cnico, refor\u00e7a a amplitude dos servi\u00e7os:&nbsp;<em>\u201cEstamos com 14 especialidades e mais de 60 tipos de exames, incluindo mamografia, Doppler e ecocardiograma. \u00c9 uma grande festa da sa\u00fade para atender tanto a demanda reprimida quanto a espont\u00e2nea\u201d<\/em>.<\/p>\n\n\n\n<p><strong><em>Vis\u00e3o do Parlamentar Crist\u00e3o<\/em><\/strong><\/p>\n\n\n\n<p>Para o Deputado Eli Borges, a destina\u00e7\u00e3o dos recursos reflete uma escolha de valores.&nbsp;<em>\u201cTem gente que coloca emendas para shows, nada contra; eu prefiro colocar para aquilo que de fato fica para a popula\u00e7\u00e3o. Quando deixo sa\u00fade, estou completando meu sentimento crist\u00e3o de abra\u00e7ar as pessoas que precisam de for\u00e7a\u201d<\/em>, afirmou o parlamentar. Borges destacou que essa metodologia de atendimento j\u00e1 alcan\u00e7ou mais de 20 mil pessoas em todo o Tocantins. Ele tamb\u00e9m elogiou a gest\u00e3o local:&nbsp;<em>\u201cUma a\u00e7\u00e3o parlamentar, quando se tem uma equipe do n\u00edvel da Secret\u00e1ria Luana e do prefeito Enoque, faz toda a diferen\u00e7a\u201d<\/em>.<\/p>\n\n\n<div class=\"wp-block-image\">\n<figure class=\"aligncenter\"><img decoding=\"async\" src=\"https:\/\/portaldoamaral.com.br\/wp-content\/uploads\/2026\/01\/NR-01.jpg\" alt=\"\" class=\"wp-image-181648\"\/><\/figure>\n<\/div>\n\n\n<p><\/p>\n\n\n\n<p><strong><em>Gest\u00e3o Que Transforma Realidades<\/em><\/strong><\/p>\n\n\n\n<p>O prefeito Enoque Port\u00edlio enfatizou o valor humano da iniciativa.&nbsp;<em>\u201cO que h\u00e1 de mais nobre \u00e9 a comunidade ao seu dispor. Este mutir\u00e3o garante atendimento \u00e0s \u00e1reas distintas que estavam reprimidas. Gest\u00e3o que cuida, cidade que avan\u00e7a\u201d<\/em>, declarou. A Secret\u00e1ria de Sa\u00fade, Luana Pereira de Carvalho, celebrou a efici\u00eancia da \u201cmegaopera\u00e7\u00e3o\u201d.&nbsp;<em>\u201cVamos atender mais de 800 pessoas em dois dias. Oferecemos cardiologista, urologista, ginecologista, pediatra e oftalmologista, al\u00e9m de mamografia com aparelho novo e digital\u201d<\/em>.<\/p>\n\n\n<div class=\"wp-block-image\">\n<figure class=\"aligncenter\"><img decoding=\"async\" src=\"https:\/\/portaldoamaral.com.br\/wp-content\/uploads\/2026\/01\/NR-02.jpg\" alt=\"\" class=\"wp-image-181647\"\/><\/figure>\n<\/div>\n\n\n<p><\/p>\n\n\n\n<p><strong><em>Dignidade e Apoio Local<\/em><\/strong><\/p>\n\n\n\n<p>O vereador de Palmas, Thiago Borges, participou da a\u00e7\u00e3o e destacou a raridade do atendimento.&nbsp;<em>\u201cH\u00e1 exames aqui que custam mais de mil reais na iniciativa privada. Temos m\u00e9dico alergista, uma especialidade com apenas 1.100 profissionais no Brasil, atendendo aqui\u201d<\/em>, pontuou. O suplente de vereador em Paraiso e assessor do deputado, Antonio Junior refor\u00e7ou o papel do di\u00e1logo.&nbsp;<em>\u201cO Deputado Eli Borges tem atendido as demandas de todo o Vale do Araguaia, e hoje Nova Rosal\u00e2ndia constr\u00f3i um trabalho excelente\u201d<\/em>, disse Junior.<\/p>\n\n\n<div class=\"wp-block-image\">\n<figure class=\"aligncenter\"><img decoding=\"async\" src=\"https:\/\/portaldoamaral.com.br\/wp-content\/uploads\/2026\/01\/NR-05.jpg\" alt=\"\" class=\"wp-image-181644\"\/><\/figure>\n<\/div>\n\n\n<p><\/p>\n\n\n\n<p><strong><em>Vozes de Quem Recebe<\/em><\/strong><\/p>\n\n\n\n<p>O sentimento de gratid\u00e3o foi un\u00e2nime entre os pacientes e l\u00edderes locais. A Sra. Adelma de Oliveira Brito, que aguardava h\u00e1 mais de um ano por uma mamografia, agradeceu a preocupa\u00e7\u00e3o do prefeito com a sa\u00fade. J\u00e1 o Sr. Jos\u00e9 Oz\u00f3rio Terra Filho, que foi contemplado com a realiza\u00e7\u00e3o do exame do cora\u00e7\u00e3o durante a a\u00e7\u00e3o, a iniciativa representa um grande benef\u00edcio para toda a popula\u00e7\u00e3o.&nbsp;<em>\u201c\u00c9 muito importante, porque eu estou vendo quase toda a popula\u00e7\u00e3o aqui sendo atendida. Isso ajuda muito, n\u00e9? Desafoga as filas nos hospitais. Para mim, \u00e9 algo bacana demais. Uma a\u00e7\u00e3o muito boa do nosso prefeito. Todos n\u00f3s estamos muito felizes com isso.\u201d<\/em>. No \u00e2mbito espiritual e social, o Pastor Jo\u00e3o Evangelista (Assembleia de Deus CiadSeta) concluiu:&nbsp;<em>\u201cEstamos resolvendo problemas de cinco anos atr\u00e1s. O munic\u00edpio economizar\u00e1 combust\u00edvel, pois o atendimento est\u00e1 em nossa casa. \u00c9 algo extraordin\u00e1rio\u201d<\/em>.<\/p>\n\n\n<div class=\"wp-block-image\">\n<figure class=\"aligncenter\"><img decoding=\"async\" src=\"https:\/\/portaldoamaral.com.br\/wp-content\/uploads\/2026\/01\/NR-04.jpg\" alt=\"\" class=\"wp-image-181645\"\/><\/figure>\n<\/div>\n\n\n<p><\/p>\n\n\n\n<p><strong>Presen\u00e7as<\/strong><\/p>\n\n\n\n<p>O evento contou com a presen\u00e7a do prefeito Enoque Port\u00edlio, secret\u00e1rios municipais, vereadores, do deputado federal Eli Borges, do vereador de Palmas Thiago Borges, dos assessores do deputado Eli Borges \u2014 Lima e Ant\u00f4nio J\u00fanior \u2014, do economista Wereque Trajano, al\u00e9m de uma grande participa\u00e7\u00e3o popular.<\/p>\n\n\n\n<figure class=\"wp-block-image size-large\"><img loading=\"lazy\" decoding=\"async\" width=\"1024\" height=\"340\" src=\"https:\/\/focotocantinense.com.br\/wp-content\/uploads\/2026\/01\/OK-VINICIUS-MARTINS-1-1024x340.jpeg\" alt=\"\" class=\"wp-image-11735\" srcset=\"https:\/\/focotocantinense.com.br\/wp-content\/uploads\/2026\/01\/OK-VINICIUS-MARTINS-1-1024x340.jpeg 1024w, https:\/\/focotocantinense.com.br\/wp-content\/uploads\/2026\/01\/OK-VINICIUS-MARTINS-1-300x100.jpeg 300w, https:\/\/focotocantinense.com.br\/wp-content\/uploads\/2026\/01\/OK-VINICIUS-MARTINS-1-768x255.jpeg 768w, https:\/\/focotocantinense.com.br\/wp-content\/uploads\/2026\/01\/OK-VINICIUS-MARTINS-1.jpeg 1125w\" sizes=\"auto, (max-width: 1024px) 100vw, 1024px\" \/><\/figure>\n","protected":false},"excerpt":{"rendered":"<p>Por Jonas Amaral Nesta sexta-feira e s\u00e1bado, 23 e 24 de janeiro, o munic\u00edpio de Nova Rosal\u00e2ndia tornou-se palco de uma das maiores mobiliza\u00e7\u00f5es de sa\u00fade da regi\u00e3o. Atrav\u00e9s de um aporte de R$ 800 mil reais em recursos federais destinados pelo Deputado Federal Eli Borges (PL\/TO), a prefeitura deu in\u00edcio a uma mega for\u00e7a-tarefa &hellip;<\/p>\n","protected":false},"author":5,"featured_media":11734,"comment_status":"open","ping_status":"open","sticky":false,"template":"","format":"standard","meta":{"footnotes":""},"categories":[40],"tags":[],"class_list":["post-11733","post","type-post","status-publish","format-standard","has-post-thumbnail","","category-politica"],"_links":{"self":[{"href":"https:\/\/focotocantinense.com.br\/index.php?rest_route=\/wp\/v2\/posts\/11733","targetHints":{"allow":["GET"]}}],"collection":[{"href":"https:\/\/focotocantinense.com.br\/index.php?rest_route=\/wp\/v2\/posts"}],"about":[{"href":"https:\/\/focotocantinense.com.br\/index.php?rest_route=\/wp\/v2\/types\/post"}],"author":[{"embeddable":true,"href":"https:\/\/focotocantinense.com.br\/index.php?rest_route=\/wp\/v2\/users\/5"}],"replies":[{"embeddable":true,"href":"https:\/\/focotocantinense.com.br\/index.php?rest_route=%2Fwp%2Fv2%2Fcomments&post=11733"}],"version-history":[{"count":2,"href":"https:\/\/focotocantinense.com.br\/index.php?rest_route=\/wp\/v2\/posts\/11733\/revisions"}],"predecessor-version":[{"id":11738,"href":"https:\/\/focotocantinense.com.br\/index.php?rest_route=\/wp\/v2\/posts\/11733\/revisions\/11738"}],"wp:featuredmedia":[{"embeddable":true,"href":"https:\/\/focotocantinense.com.br\/index.php?rest_route=\/wp\/v2\/media\/11734"}],"wp:attachment":[{"href":"https:\/\/focotocantinense.com.br\/index.php?rest_route=%2Fwp%2Fv2%2Fmedia&parent=11733"}],"wp:term":[{"taxonomy":"category","embeddable":true,"href":"https:\/\/focotocantinense.com.br\/index.php?rest_route=%2Fwp%2Fv2%2Fcategories&post=11733"},{"taxonomy":"post_tag","embeddable":true,"href":"https:\/\/focotocantinense.com.br\/index.php?rest_route=%2Fwp%2Fv2%2Ftags&post=11733"}],"curies":[{"name":"wp","href":"https:\/\/api.w.org\/{rel}","templated":true}]}}