{"id":11723,"date":"2026-01-20T17:14:34","date_gmt":"2026-01-20T20:14:34","guid":{"rendered":"https:\/\/focotocantinense.com.br\/?p=11723"},"modified":"2026-01-20T17:20:10","modified_gmt":"2026-01-20T20:20:10","slug":"projeto-batuque-do-barro-e-aprovado-na-pnab-e-amplia-formacao-cultural-de-criancas-e-jovens-em-taquarucu","status":"publish","type":"post","link":"https:\/\/focotocantinense.com.br\/?p=11723","title":{"rendered":"Projeto Batuque do Barro \u00e9 aprovado na PNAB e amplia forma\u00e7\u00e3o cultural de crian\u00e7as e jovens em Taquaru\u00e7u"},"content":{"rendered":"\n<p>O projeto Batuque do Barro, desenvolvido na comunidade de Taquaru\u00e7u, foi aprovado no edital Cultura e Linguagens: \u00c1reas Perif\u00e9ricas, da Pol\u00edtica Nacional Aldir Blanc, com gest\u00e3o da Funda\u00e7\u00e3o Cultural de Palmas e Minist\u00e9rio da Cultura. A sele\u00e7\u00e3o garante a continuidade das a\u00e7\u00f5es de forma\u00e7\u00e3o art\u00edstica e cultural voltadas a crian\u00e7as e jovens da regi\u00e3o, fortalecendo pr\u00e1ticas que unem m\u00fasica, cer\u00e2mica e identidade territorial.<\/p>\n\n\n\n<figure class=\"wp-block-image size-large is-resized\"><img loading=\"lazy\" decoding=\"async\" width=\"1024\" height=\"576\" src=\"https:\/\/focotocantinense.com.br\/wp-content\/uploads\/2026\/01\/aaaaaaaaaaaaaaaaaaa-1024x576.jpg\" alt=\"\" class=\"wp-image-11724\" style=\"width:394px;height:auto\" srcset=\"https:\/\/focotocantinense.com.br\/wp-content\/uploads\/2026\/01\/aaaaaaaaaaaaaaaaaaa-1024x576.jpg 1024w, https:\/\/focotocantinense.com.br\/wp-content\/uploads\/2026\/01\/aaaaaaaaaaaaaaaaaaa-300x169.jpg 300w, https:\/\/focotocantinense.com.br\/wp-content\/uploads\/2026\/01\/aaaaaaaaaaaaaaaaaaa-768x432.jpg 768w, https:\/\/focotocantinense.com.br\/wp-content\/uploads\/2026\/01\/aaaaaaaaaaaaaaaaaaa-1536x864.jpg 1536w, https:\/\/focotocantinense.com.br\/wp-content\/uploads\/2026\/01\/aaaaaaaaaaaaaaaaaaa.jpg 1600w\" sizes=\"auto, (max-width: 1024px) 100vw, 1024px\" \/><\/figure>\n\n\n\n<p><\/p>\n\n\n\n<p>Reconhecido por articular tradi\u00e7\u00e3o e cria\u00e7\u00e3o contempor\u00e2nea, o Batuque do Barro tem como base o resgate de saberes ancestrais ligados \u00e0 cer\u00e2mica e \u00e0 musicalidade popular. Ao longo das atividades, os participantes aprendem a confeccionar instrumentos musicais de barro e a tocar coletivamente, formando um grupo que traduz, em som e gesto, a cultura viva de Taquaru\u00e7u.<\/p>\n\n\n\n<p>Nesta nova etapa, o projeto adquiriu materiais e equipamentos que permitem a amplia\u00e7\u00e3o das aulas, retomadas no s\u00e1bado, dia 17. A programa\u00e7\u00e3o inclui musicaliza\u00e7\u00e3o, percuss\u00e3o, pr\u00e1ticas de performance de palco e, como diferencial, aulas de Libras, refor\u00e7ando o compromisso com a acessibilidade e a inclus\u00e3o social. A proposta assegura um ambiente acolhedor, diverso e respeitoso, no qual todos os participantes podem se expressar plenamente.<\/p>\n\n\n\n<p>Para o educador popular e artista Wanderley Batista, proponente do projeto, a aprova\u00e7\u00e3o no edital representa mais do que a garantia de recursos. \u201cO Batuque do Barro nasce do territ\u00f3rio e retorna para ele como conhecimento, autoestima e pertencimento. Ver as crian\u00e7as e os jovens criando seus pr\u00f3prios instrumentos, aprendendo juntos e ocupando os espa\u00e7os com arte \u00e9 a prova de que a cultura transforma realidades\u201d, afirma.<\/p>\n\n\n\n<p>O encerramento do ciclo formativo ser\u00e1 marcado por uma apresenta\u00e7\u00e3o musical aberta ao p\u00fablico, prevista para o final de fevereiro, em espa\u00e7o p\u00fablico da comunidade. O espet\u00e1culo celebrar\u00e1 o processo coletivo de cria\u00e7\u00e3o art\u00edstica e o di\u00e1logo entre tradi\u00e7\u00e3o, educa\u00e7\u00e3o e inclus\u00e3o, reafirmando o papel do Batuque do Barro como iniciativa fundamental para a preserva\u00e7\u00e3o cultural e o fortalecimento comunit\u00e1rio em Taquaru\u00e7u.<\/p>\n\n\n\n<figure class=\"wp-block-image size-full is-resized\"><img loading=\"lazy\" decoding=\"async\" width=\"727\" height=\"184\" src=\"https:\/\/focotocantinense.com.br\/wp-content\/uploads\/2026\/01\/SHOW-DE-HUMOR-DE-VINICIUS-MARTINS-1.jpeg\" alt=\"\" class=\"wp-image-11682\" style=\"width:840px;height:auto\" srcset=\"https:\/\/focotocantinense.com.br\/wp-content\/uploads\/2026\/01\/SHOW-DE-HUMOR-DE-VINICIUS-MARTINS-1.jpeg 727w, https:\/\/focotocantinense.com.br\/wp-content\/uploads\/2026\/01\/SHOW-DE-HUMOR-DE-VINICIUS-MARTINS-1-300x76.jpeg 300w\" sizes=\"auto, (max-width: 727px) 100vw, 727px\" \/><\/figure>\n","protected":false},"excerpt":{"rendered":"<p>O projeto Batuque do Barro, desenvolvido na comunidade de Taquaru\u00e7u, foi aprovado no edital Cultura e Linguagens: \u00c1reas Perif\u00e9ricas, da Pol\u00edtica Nacional Aldir Blanc, com gest\u00e3o da Funda\u00e7\u00e3o Cultural de Palmas e Minist\u00e9rio da Cultura. A sele\u00e7\u00e3o garante a continuidade das a\u00e7\u00f5es de forma\u00e7\u00e3o art\u00edstica e cultural voltadas a crian\u00e7as e jovens da regi\u00e3o, fortalecendo &hellip;<\/p>\n","protected":false},"author":5,"featured_media":11724,"comment_status":"open","ping_status":"open","sticky":false,"template":"","format":"standard","meta":{"footnotes":""},"categories":[104],"tags":[],"class_list":["post-11723","post","type-post","status-publish","format-standard","has-post-thumbnail","","category-cultura"],"_links":{"self":[{"href":"https:\/\/focotocantinense.com.br\/index.php?rest_route=\/wp\/v2\/posts\/11723","targetHints":{"allow":["GET"]}}],"collection":[{"href":"https:\/\/focotocantinense.com.br\/index.php?rest_route=\/wp\/v2\/posts"}],"about":[{"href":"https:\/\/focotocantinense.com.br\/index.php?rest_route=\/wp\/v2\/types\/post"}],"author":[{"embeddable":true,"href":"https:\/\/focotocantinense.com.br\/index.php?rest_route=\/wp\/v2\/users\/5"}],"replies":[{"embeddable":true,"href":"https:\/\/focotocantinense.com.br\/index.php?rest_route=%2Fwp%2Fv2%2Fcomments&post=11723"}],"version-history":[{"count":2,"href":"https:\/\/focotocantinense.com.br\/index.php?rest_route=\/wp\/v2\/posts\/11723\/revisions"}],"predecessor-version":[{"id":11729,"href":"https:\/\/focotocantinense.com.br\/index.php?rest_route=\/wp\/v2\/posts\/11723\/revisions\/11729"}],"wp:featuredmedia":[{"embeddable":true,"href":"https:\/\/focotocantinense.com.br\/index.php?rest_route=\/wp\/v2\/media\/11724"}],"wp:attachment":[{"href":"https:\/\/focotocantinense.com.br\/index.php?rest_route=%2Fwp%2Fv2%2Fmedia&parent=11723"}],"wp:term":[{"taxonomy":"category","embeddable":true,"href":"https:\/\/focotocantinense.com.br\/index.php?rest_route=%2Fwp%2Fv2%2Fcategories&post=11723"},{"taxonomy":"post_tag","embeddable":true,"href":"https:\/\/focotocantinense.com.br\/index.php?rest_route=%2Fwp%2Fv2%2Ftags&post=11723"}],"curies":[{"name":"wp","href":"https:\/\/api.w.org\/{rel}","templated":true}]}}