{"id":11717,"date":"2026-01-19T18:06:53","date_gmt":"2026-01-19T21:06:53","guid":{"rendered":"https:\/\/focotocantinense.com.br\/?p=11717"},"modified":"2026-01-22T20:17:26","modified_gmt":"2026-01-22T23:17:26","slug":"a-prefeita-de-gurupi-josi-nunes-assumiu-nesta-segunda-feira-19-a-direcao-estadual-do-uniao-brasil-mulher","status":"publish","type":"post","link":"https:\/\/focotocantinense.com.br\/?p=11717","title":{"rendered":"Prefeita de Gurupi, Josi Nunes, assume a dire\u00e7\u00e3o estadual do Uni\u00e3o Brasil Mulher"},"content":{"rendered":"\n<p>Gurupi (TO), 19 de janeiro de 2026<\/p>\n\n\n\n<p>A prefeita de Gurupi, Josi Nunes coloca \u00e0 disposi\u00e7\u00e3o do partido sua vasta experi\u00eancia pol\u00edtica e social acumulada ao longo de mais de duas d\u00e9cadas de atua\u00e7\u00e3o p\u00fablica.<\/p>\n\n\n\n<figure class=\"wp-block-image size-large is-resized\"><img loading=\"lazy\" decoding=\"async\" width=\"1024\" height=\"682\" src=\"https:\/\/focotocantinense.com.br\/wp-content\/uploads\/2026\/01\/dorinha-e-josi-1024x682.jpg\" alt=\"\" class=\"wp-image-11719\" style=\"width:369px;height:auto\" srcset=\"https:\/\/focotocantinense.com.br\/wp-content\/uploads\/2026\/01\/dorinha-e-josi-1024x682.jpg 1024w, https:\/\/focotocantinense.com.br\/wp-content\/uploads\/2026\/01\/dorinha-e-josi-300x200.jpg 300w, https:\/\/focotocantinense.com.br\/wp-content\/uploads\/2026\/01\/dorinha-e-josi-768x511.jpg 768w, https:\/\/focotocantinense.com.br\/wp-content\/uploads\/2026\/01\/dorinha-e-josi-310x205.jpg 310w, https:\/\/focotocantinense.com.br\/wp-content\/uploads\/2026\/01\/dorinha-e-josi.jpg 1200w\" sizes=\"auto, (max-width: 1024px) 100vw, 1024px\" \/><\/figure>\n\n\n\n<p><\/p>\n\n\n\n<p>Com uma trajet\u00f3ria marcada por conquistas significativas, Josi Nunes foi deputada estadual e federal, onde defendeu pautas essenciais para o Tocantins, como o fortalecimento da sa\u00fade, educa\u00e7\u00e3o e infraestrutura regional. Hoje, em seu segundo mandato \u00e0 frente da Prefeitura de Gurupi, consolida um modelo de gest\u00e3o eficiente e participativa, priorizando o desenvolvimento sustent\u00e1vel e o bem-estar da popula\u00e7\u00e3o.<\/p>\n\n\n\n<p>\u201cEssa lideran\u00e7a no Uni\u00e3o Brasil Mulher chega em momento estrat\u00e9gico, em um ano decisivo para a sucess\u00e3o estadual. Refor\u00e7o meu compromisso com o partido, apoiando integralmente a candidatura da senadora Dorinha Seabra Rezende ao Governo do Tocantins, e convido todas as mulheres tocantinenses a se unirem nessa constru\u00e7\u00e3o coletiva por um futuro mais pr\u00f3spero e inclusivo\u201d, disse a prefeita Josi Nunes.<\/p>\n\n\n\n<figure class=\"wp-block-image size-large\"><img loading=\"lazy\" decoding=\"async\" width=\"1024\" height=\"340\" src=\"https:\/\/focotocantinense.com.br\/wp-content\/uploads\/2026\/01\/OK-VINICIUS-MARTINS-1024x340.jpeg\" alt=\"\" class=\"wp-image-11731\" srcset=\"https:\/\/focotocantinense.com.br\/wp-content\/uploads\/2026\/01\/OK-VINICIUS-MARTINS-1024x340.jpeg 1024w, https:\/\/focotocantinense.com.br\/wp-content\/uploads\/2026\/01\/OK-VINICIUS-MARTINS-300x100.jpeg 300w, https:\/\/focotocantinense.com.br\/wp-content\/uploads\/2026\/01\/OK-VINICIUS-MARTINS-768x255.jpeg 768w, https:\/\/focotocantinense.com.br\/wp-content\/uploads\/2026\/01\/OK-VINICIUS-MARTINS.jpeg 1125w\" sizes=\"auto, (max-width: 1024px) 100vw, 1024px\" \/><\/figure>\n","protected":false},"excerpt":{"rendered":"<p>Gurupi (TO), 19 de janeiro de 2026 A prefeita de Gurupi, Josi Nunes coloca \u00e0 disposi\u00e7\u00e3o do partido sua vasta experi\u00eancia pol\u00edtica e social acumulada ao longo de mais de duas d\u00e9cadas de atua\u00e7\u00e3o p\u00fablica. Com uma trajet\u00f3ria marcada por conquistas significativas, Josi Nunes foi deputada estadual e federal, onde defendeu pautas essenciais para o &hellip;<\/p>\n","protected":false},"author":5,"featured_media":11718,"comment_status":"open","ping_status":"open","sticky":false,"template":"","format":"standard","meta":{"footnotes":""},"categories":[1],"tags":[],"class_list":["post-11717","post","type-post","status-publish","format-standard","has-post-thumbnail","","category-sem-categoria"],"_links":{"self":[{"href":"https:\/\/focotocantinense.com.br\/index.php?rest_route=\/wp\/v2\/posts\/11717","targetHints":{"allow":["GET"]}}],"collection":[{"href":"https:\/\/focotocantinense.com.br\/index.php?rest_route=\/wp\/v2\/posts"}],"about":[{"href":"https:\/\/focotocantinense.com.br\/index.php?rest_route=\/wp\/v2\/types\/post"}],"author":[{"embeddable":true,"href":"https:\/\/focotocantinense.com.br\/index.php?rest_route=\/wp\/v2\/users\/5"}],"replies":[{"embeddable":true,"href":"https:\/\/focotocantinense.com.br\/index.php?rest_route=%2Fwp%2Fv2%2Fcomments&post=11717"}],"version-history":[{"count":4,"href":"https:\/\/focotocantinense.com.br\/index.php?rest_route=\/wp\/v2\/posts\/11717\/revisions"}],"predecessor-version":[{"id":11732,"href":"https:\/\/focotocantinense.com.br\/index.php?rest_route=\/wp\/v2\/posts\/11717\/revisions\/11732"}],"wp:featuredmedia":[{"embeddable":true,"href":"https:\/\/focotocantinense.com.br\/index.php?rest_route=\/wp\/v2\/media\/11718"}],"wp:attachment":[{"href":"https:\/\/focotocantinense.com.br\/index.php?rest_route=%2Fwp%2Fv2%2Fmedia&parent=11717"}],"wp:term":[{"taxonomy":"category","embeddable":true,"href":"https:\/\/focotocantinense.com.br\/index.php?rest_route=%2Fwp%2Fv2%2Fcategories&post=11717"},{"taxonomy":"post_tag","embeddable":true,"href":"https:\/\/focotocantinense.com.br\/index.php?rest_route=%2Fwp%2Fv2%2Ftags&post=11717"}],"curies":[{"name":"wp","href":"https:\/\/api.w.org\/{rel}","templated":true}]}}