{"id":11713,"date":"2026-01-19T17:14:49","date_gmt":"2026-01-19T20:14:49","guid":{"rendered":"https:\/\/focotocantinense.com.br\/?p=11713"},"modified":"2026-01-19T17:15:32","modified_gmt":"2026-01-19T20:15:32","slug":"presidente-do-uniao-brasil-mulher-no-tocantins-declara-apoio-a-pre-candidatura-de-vicentinho-junior-ao-governo-do-estado","status":"publish","type":"post","link":"https:\/\/focotocantinense.com.br\/?p=11713","title":{"rendered":"Presidente do Uni\u00e3o Brasil Mulher no Tocantins declara apoio \u00e0 pr\u00e9-candidatura de Vicentinho J\u00fanior ao governo do Estado"},"content":{"rendered":"\n<p>A presidente do Uni\u00e3o Brasil Mulher no Tocantins, Naides Cesar, \u00e9 mais uma lideran\u00e7a pol\u00edtica tocantinense que declara apoio \u00e0 pr\u00e9-candidatura do deputado federal Vicentinho J\u00fanior ao governo do Estado. &#8220;Acredito na compet\u00eancia, experi\u00eancia pol\u00edtica e principalmente no compromisso que ele tem com as pessoas&#8221;, afirmou, nesta segunda-feira, dia 19. Ela tem reconhecida trajet\u00f3ria no fortalecimento da representatividade feminina em todos os setores.<\/p>\n\n\n\n<figure class=\"wp-block-image size-full is-resized\"><img loading=\"lazy\" decoding=\"async\" width=\"707\" height=\"504\" src=\"https:\/\/focotocantinense.com.br\/wp-content\/uploads\/2026\/01\/BBBBBBB.jpeg\" alt=\"\" class=\"wp-image-11714\" style=\"width:399px;height:auto\" srcset=\"https:\/\/focotocantinense.com.br\/wp-content\/uploads\/2026\/01\/BBBBBBB.jpeg 707w, https:\/\/focotocantinense.com.br\/wp-content\/uploads\/2026\/01\/BBBBBBB-300x214.jpeg 300w\" sizes=\"auto, (max-width: 707px) 100vw, 707px\" \/><\/figure>\n\n\n\n<p><\/p>\n\n\n\n<p>Naides Cesar destacou ainda que o membro da bancada federal \u00e9 um &#8220;homem presente no Estado e acess\u00edvel&#8221;. &#8220;Ele est\u00e1 sempre no Tocantins levando servi\u00e7os e os resultados est\u00e3o a\u00ed.&#8221;&nbsp;<br>A presidente do UB Mulher refor\u00e7ou a confian\u00e7a em Vicentinho e no projeto rumo ao Pal\u00e1cio Araguaia Jos\u00e9 Wilson Siqueira Campos. &#8220;Ele representa renova\u00e7\u00e3o, responsabilidade, compromisso social e capacidade de gest\u00e3o&#8221;, afirmou.<\/p>\n\n\n\n<p>O deputado, por sua vez, agradeceu a manifesta\u00e7\u00e3o da presidente. &#8220;Estou muito feliz e satisfeito de receber mais um apoio entre tantos que est\u00e3o chegando at\u00e9 n\u00f3s. \u00c9 este vem de uma mulher de fibra, de coragem, de f\u00e9 e batalhadora que tem servi\u00e7o prestado ao Tocantins e vontade de, como a gente, fazer muito mais&#8221;, destacou. &#8220;Estamos abertos a discutir o Estado, unir for\u00e7as e nos juntar a quem quer o bem para o Tocantins e o melhor para essa gente&#8221;, finalizou.<\/p>\n\n\n\n<figure class=\"wp-block-image size-full is-resized\"><img loading=\"lazy\" decoding=\"async\" width=\"727\" height=\"184\" src=\"https:\/\/focotocantinense.com.br\/wp-content\/uploads\/2026\/01\/SHOW-DE-HUMOR-DE-VINICIUS-MARTINS-1.jpeg\" alt=\"\" class=\"wp-image-11682\" style=\"width:840px;height:auto\" srcset=\"https:\/\/focotocantinense.com.br\/wp-content\/uploads\/2026\/01\/SHOW-DE-HUMOR-DE-VINICIUS-MARTINS-1.jpeg 727w, https:\/\/focotocantinense.com.br\/wp-content\/uploads\/2026\/01\/SHOW-DE-HUMOR-DE-VINICIUS-MARTINS-1-300x76.jpeg 300w\" sizes=\"auto, (max-width: 727px) 100vw, 727px\" \/><\/figure>\n","protected":false},"excerpt":{"rendered":"<p>A presidente do Uni\u00e3o Brasil Mulher no Tocantins, Naides Cesar, \u00e9 mais uma lideran\u00e7a pol\u00edtica tocantinense que declara apoio \u00e0 pr\u00e9-candidatura do deputado federal Vicentinho J\u00fanior ao governo do Estado. &#8220;Acredito na compet\u00eancia, experi\u00eancia pol\u00edtica e principalmente no compromisso que ele tem com as pessoas&#8221;, afirmou, nesta segunda-feira, dia 19. Ela tem reconhecida trajet\u00f3ria no &hellip;<\/p>\n","protected":false},"author":5,"featured_media":11714,"comment_status":"open","ping_status":"open","sticky":false,"template":"","format":"standard","meta":{"footnotes":""},"categories":[1],"tags":[],"class_list":["post-11713","post","type-post","status-publish","format-standard","has-post-thumbnail","","category-sem-categoria"],"_links":{"self":[{"href":"https:\/\/focotocantinense.com.br\/index.php?rest_route=\/wp\/v2\/posts\/11713","targetHints":{"allow":["GET"]}}],"collection":[{"href":"https:\/\/focotocantinense.com.br\/index.php?rest_route=\/wp\/v2\/posts"}],"about":[{"href":"https:\/\/focotocantinense.com.br\/index.php?rest_route=\/wp\/v2\/types\/post"}],"author":[{"embeddable":true,"href":"https:\/\/focotocantinense.com.br\/index.php?rest_route=\/wp\/v2\/users\/5"}],"replies":[{"embeddable":true,"href":"https:\/\/focotocantinense.com.br\/index.php?rest_route=%2Fwp%2Fv2%2Fcomments&post=11713"}],"version-history":[{"count":2,"href":"https:\/\/focotocantinense.com.br\/index.php?rest_route=\/wp\/v2\/posts\/11713\/revisions"}],"predecessor-version":[{"id":11716,"href":"https:\/\/focotocantinense.com.br\/index.php?rest_route=\/wp\/v2\/posts\/11713\/revisions\/11716"}],"wp:featuredmedia":[{"embeddable":true,"href":"https:\/\/focotocantinense.com.br\/index.php?rest_route=\/wp\/v2\/media\/11714"}],"wp:attachment":[{"href":"https:\/\/focotocantinense.com.br\/index.php?rest_route=%2Fwp%2Fv2%2Fmedia&parent=11713"}],"wp:term":[{"taxonomy":"category","embeddable":true,"href":"https:\/\/focotocantinense.com.br\/index.php?rest_route=%2Fwp%2Fv2%2Fcategories&post=11713"},{"taxonomy":"post_tag","embeddable":true,"href":"https:\/\/focotocantinense.com.br\/index.php?rest_route=%2Fwp%2Fv2%2Ftags&post=11713"}],"curies":[{"name":"wp","href":"https:\/\/api.w.org\/{rel}","templated":true}]}}