{"id":11709,"date":"2026-01-19T17:12:45","date_gmt":"2026-01-19T20:12:45","guid":{"rendered":"https:\/\/focotocantinense.com.br\/?p=11709"},"modified":"2026-01-19T17:12:45","modified_gmt":"2026-01-19T20:12:45","slug":"prefeitura-de-gurupi-realiza-cadastro-de-motoristas-de-aplicativo-para-acesso-especial-ao-circuito-do-carnaval-2026","status":"publish","type":"post","link":"https:\/\/focotocantinense.com.br\/?p=11709","title":{"rendered":"Prefeitura de Gurupi realiza cadastro de motoristas de aplicativo para acesso especial ao Circuito do Carnaval 2026"},"content":{"rendered":"\n<p>A Prefeitura de Gurupi, por meio da Secretaria Municipal de Cultura e Turismo, est\u00e1 convocando os motoristas de aplicativo interessados em atuar durante o Carnaval de Gurupi 2026 para realizarem o cadastro pr\u00e9vio, medida que visa organizar o fluxo de transporte, garantir mais seguran\u00e7a e facilitar o embarque e desembarque dos foli\u00f5es no circuito oficial da festa.<\/p>\n\n\n\n<p>O cadastramento acontecer\u00e1 entre os dias 21 e 23 de janeiro (de quarta a sexta-feira), no Centro Cultural Mauro Cunha, no hor\u00e1rio das 8h \u00e0s 14h. No local, os motoristas dever\u00e3o preencher o formul\u00e1rio de reserva, etapa obrigat\u00f3ria para participa\u00e7\u00e3o.<\/p>\n\n\n\n<p>De acordo com a secret\u00e1ria municipal de Cultura e Turismo, Liliane Pagliarini, o cadastro permitir\u00e1 uma organiza\u00e7\u00e3o diferenciada do acesso dos ve\u00edculos durante os dias de Carnaval. \u201cOs motoristas v\u00e3o fazer o cadastro e receber um adesivo de identifica\u00e7\u00e3o para colocar no carro durante os dias do Carnaval. Quem estiver com o adesivo e com o cadastro feito ter\u00e1 um acesso diferenciado ao circuito. Com isso, vamos garantir que o passageiro consiga embarcar e desembarcar bem na entrada do circuito, de forma organizada e segura. Esse espa\u00e7o ser\u00e1 exclusivo para quem fizer o cadastro\u201d, explicou a secret\u00e1ria.<\/p>\n\n\n\n<p>A Secretaria de Cultura e Turismo refor\u00e7a que somente os motoristas de aplicativo devidamente cadastrados e identificados poder\u00e3o utilizar o acesso diferenciado, sendo esta uma a\u00e7\u00e3o fundamental para melhorar a mobilidade urbana durante o evento.<\/p>\n\n\n\n<figure class=\"wp-block-image size-large\"><img loading=\"lazy\" decoding=\"async\" width=\"1024\" height=\"682\" src=\"https:\/\/focotocantinense.com.br\/wp-content\/uploads\/2026\/01\/1-cwentro-1-1024x682.jpeg\" alt=\"\" class=\"wp-image-11711\" srcset=\"https:\/\/focotocantinense.com.br\/wp-content\/uploads\/2026\/01\/1-cwentro-1-1024x682.jpeg 1024w, https:\/\/focotocantinense.com.br\/wp-content\/uploads\/2026\/01\/1-cwentro-1-300x200.jpeg 300w, https:\/\/focotocantinense.com.br\/wp-content\/uploads\/2026\/01\/1-cwentro-1-768x512.jpeg 768w, https:\/\/focotocantinense.com.br\/wp-content\/uploads\/2026\/01\/1-cwentro-1-310x205.jpeg 310w, https:\/\/focotocantinense.com.br\/wp-content\/uploads\/2026\/01\/1-cwentro-1.jpeg 1280w\" sizes=\"auto, (max-width: 1024px) 100vw, 1024px\" \/><\/figure>\n\n\n\n<p><\/p>\n\n\n\n<p>O Carnaval de Gurupi 2026 ser\u00e1 realizado entre os dias 13 e 16 de fevereiro, na Avenida C, no setor Nova Fronteira. A festa contar\u00e1 com grandes atra\u00e7\u00f5es nacionais, como Patchanka, Jefferson Morais, Vitinho Imperador, Rapazolla e Voa Dois, al\u00e9m de mais de 30 atra\u00e7\u00f5es regionais.<\/p>\n\n\n\n<figure class=\"wp-block-image size-full is-resized\"><img loading=\"lazy\" decoding=\"async\" width=\"727\" height=\"184\" src=\"https:\/\/focotocantinense.com.br\/wp-content\/uploads\/2026\/01\/SHOW-DE-HUMOR-DE-VINICIUS-MARTINS.jpeg\" alt=\"\" class=\"wp-image-11670\" style=\"width:840px;height:auto\" srcset=\"https:\/\/focotocantinense.com.br\/wp-content\/uploads\/2026\/01\/SHOW-DE-HUMOR-DE-VINICIUS-MARTINS.jpeg 727w, https:\/\/focotocantinense.com.br\/wp-content\/uploads\/2026\/01\/SHOW-DE-HUMOR-DE-VINICIUS-MARTINS-300x76.jpeg 300w\" sizes=\"auto, (max-width: 727px) 100vw, 727px\" \/><\/figure>\n","protected":false},"excerpt":{"rendered":"<p>A Prefeitura de Gurupi, por meio da Secretaria Municipal de Cultura e Turismo, est\u00e1 convocando os motoristas de aplicativo interessados em atuar durante o Carnaval de Gurupi 2026 para realizarem o cadastro pr\u00e9vio, medida que visa organizar o fluxo de transporte, garantir mais seguran\u00e7a e facilitar o embarque e desembarque dos foli\u00f5es no circuito oficial &hellip;<\/p>\n","protected":false},"author":5,"featured_media":11710,"comment_status":"open","ping_status":"open","sticky":false,"template":"","format":"standard","meta":{"footnotes":""},"categories":[1],"tags":[],"class_list":["post-11709","post","type-post","status-publish","format-standard","has-post-thumbnail","","category-sem-categoria"],"_links":{"self":[{"href":"https:\/\/focotocantinense.com.br\/index.php?rest_route=\/wp\/v2\/posts\/11709","targetHints":{"allow":["GET"]}}],"collection":[{"href":"https:\/\/focotocantinense.com.br\/index.php?rest_route=\/wp\/v2\/posts"}],"about":[{"href":"https:\/\/focotocantinense.com.br\/index.php?rest_route=\/wp\/v2\/types\/post"}],"author":[{"embeddable":true,"href":"https:\/\/focotocantinense.com.br\/index.php?rest_route=\/wp\/v2\/users\/5"}],"replies":[{"embeddable":true,"href":"https:\/\/focotocantinense.com.br\/index.php?rest_route=%2Fwp%2Fv2%2Fcomments&post=11709"}],"version-history":[{"count":1,"href":"https:\/\/focotocantinense.com.br\/index.php?rest_route=\/wp\/v2\/posts\/11709\/revisions"}],"predecessor-version":[{"id":11712,"href":"https:\/\/focotocantinense.com.br\/index.php?rest_route=\/wp\/v2\/posts\/11709\/revisions\/11712"}],"wp:featuredmedia":[{"embeddable":true,"href":"https:\/\/focotocantinense.com.br\/index.php?rest_route=\/wp\/v2\/media\/11710"}],"wp:attachment":[{"href":"https:\/\/focotocantinense.com.br\/index.php?rest_route=%2Fwp%2Fv2%2Fmedia&parent=11709"}],"wp:term":[{"taxonomy":"category","embeddable":true,"href":"https:\/\/focotocantinense.com.br\/index.php?rest_route=%2Fwp%2Fv2%2Fcategories&post=11709"},{"taxonomy":"post_tag","embeddable":true,"href":"https:\/\/focotocantinense.com.br\/index.php?rest_route=%2Fwp%2Fv2%2Ftags&post=11709"}],"curies":[{"name":"wp","href":"https:\/\/api.w.org\/{rel}","templated":true}]}}