{"id":11701,"date":"2026-01-18T13:35:00","date_gmt":"2026-01-18T16:35:00","guid":{"rendered":"https:\/\/focotocantinense.com.br\/?p=11701"},"modified":"2026-01-18T13:35:01","modified_gmt":"2026-01-18T16:35:01","slug":"antonio-andrade-prestigia-folia-de-santos-reis-em-pium","status":"publish","type":"post","link":"https:\/\/focotocantinense.com.br\/?p=11701","title":{"rendered":"Antonio Andrade prestigia Folia de Santos Reis em Pium"},"content":{"rendered":"\n<p>O deputado federal Antonio Andrade participou, neste fim de semana, da tradicional Folia de Santos Reis no munic\u00edpio de Pium, reafirmando seu compromisso com a valoriza\u00e7\u00e3o da cultura popular e das manifesta\u00e7\u00f5es religiosas que integram a identidade do Tocantins.<\/p>\n\n\n\n<figure class=\"wp-block-image size-large is-resized\"><img loading=\"lazy\" decoding=\"async\" width=\"1024\" height=\"734\" src=\"https:\/\/focotocantinense.com.br\/wp-content\/uploads\/2026\/01\/folia-toinho-1024x734.jpeg\" alt=\"\" class=\"wp-image-11702\" style=\"width:308px;height:auto\" srcset=\"https:\/\/focotocantinense.com.br\/wp-content\/uploads\/2026\/01\/folia-toinho-1024x734.jpeg 1024w, https:\/\/focotocantinense.com.br\/wp-content\/uploads\/2026\/01\/folia-toinho-300x215.jpeg 300w, https:\/\/focotocantinense.com.br\/wp-content\/uploads\/2026\/01\/folia-toinho-768x550.jpeg 768w, https:\/\/focotocantinense.com.br\/wp-content\/uploads\/2026\/01\/folia-toinho.jpeg 1200w\" sizes=\"auto, (max-width: 1024px) 100vw, 1024px\" \/><\/figure>\n\n\n\n<p>A agenda contou com a presen\u00e7a do prefeito, do vice-prefeito, de vereadores e de diversas lideran\u00e7as locais, que prestigiaram juntos um dos eventos mais simb\u00f3licos da hist\u00f3ria e da f\u00e9 da popula\u00e7\u00e3o de Pium. A celebra\u00e7\u00e3o reuniu moradores, foli\u00f5es e visitantes em um momento marcado por devo\u00e7\u00e3o, m\u00fasica e preserva\u00e7\u00e3o das tradi\u00e7\u00f5es.<\/p>\n\n\n\n<p>Durante a programa\u00e7\u00e3o, Antonio Andrade destacou a import\u00e2ncia de apoiar manifesta\u00e7\u00f5es culturais como a Folia de Santos Reis, que fortalecem os la\u00e7os comunit\u00e1rios e mant\u00eam vivas as ra\u00edzes culturais dos munic\u00edpios. Ele tamb\u00e9m ressaltou o empenho das lideran\u00e7as locais na manuten\u00e7\u00e3o dessas tradi\u00e7\u00f5es e no desenvolvimento de Pium.<\/p>\n\n\n\n<p>A participa\u00e7\u00e3o do parlamentar refor\u00e7a a proximidade com a popula\u00e7\u00e3o e o di\u00e1logo permanente com os gestores e representantes pol\u00edticos do munic\u00edpio, fortalecendo parcerias voltadas ao desenvolvimento local e \u00e0 valoriza\u00e7\u00e3o cultural.<\/p>\n","protected":false},"excerpt":{"rendered":"<p>O deputado federal Antonio Andrade participou, neste fim de semana, da tradicional Folia de Santos Reis no munic\u00edpio de Pium, reafirmando seu compromisso com a valoriza\u00e7\u00e3o da cultura popular e das manifesta\u00e7\u00f5es religiosas que integram a identidade do Tocantins. A agenda contou com a presen\u00e7a do prefeito, do vice-prefeito, de vereadores e de diversas lideran\u00e7as &hellip;<\/p>\n","protected":false},"author":5,"featured_media":11702,"comment_status":"open","ping_status":"open","sticky":false,"template":"","format":"standard","meta":{"footnotes":""},"categories":[1],"tags":[],"class_list":["post-11701","post","type-post","status-publish","format-standard","has-post-thumbnail","","category-sem-categoria"],"_links":{"self":[{"href":"https:\/\/focotocantinense.com.br\/index.php?rest_route=\/wp\/v2\/posts\/11701","targetHints":{"allow":["GET"]}}],"collection":[{"href":"https:\/\/focotocantinense.com.br\/index.php?rest_route=\/wp\/v2\/posts"}],"about":[{"href":"https:\/\/focotocantinense.com.br\/index.php?rest_route=\/wp\/v2\/types\/post"}],"author":[{"embeddable":true,"href":"https:\/\/focotocantinense.com.br\/index.php?rest_route=\/wp\/v2\/users\/5"}],"replies":[{"embeddable":true,"href":"https:\/\/focotocantinense.com.br\/index.php?rest_route=%2Fwp%2Fv2%2Fcomments&post=11701"}],"version-history":[{"count":1,"href":"https:\/\/focotocantinense.com.br\/index.php?rest_route=\/wp\/v2\/posts\/11701\/revisions"}],"predecessor-version":[{"id":11703,"href":"https:\/\/focotocantinense.com.br\/index.php?rest_route=\/wp\/v2\/posts\/11701\/revisions\/11703"}],"wp:featuredmedia":[{"embeddable":true,"href":"https:\/\/focotocantinense.com.br\/index.php?rest_route=\/wp\/v2\/media\/11702"}],"wp:attachment":[{"href":"https:\/\/focotocantinense.com.br\/index.php?rest_route=%2Fwp%2Fv2%2Fmedia&parent=11701"}],"wp:term":[{"taxonomy":"category","embeddable":true,"href":"https:\/\/focotocantinense.com.br\/index.php?rest_route=%2Fwp%2Fv2%2Fcategories&post=11701"},{"taxonomy":"post_tag","embeddable":true,"href":"https:\/\/focotocantinense.com.br\/index.php?rest_route=%2Fwp%2Fv2%2Ftags&post=11701"}],"curies":[{"name":"wp","href":"https:\/\/api.w.org\/{rel}","templated":true}]}}