{"id":11694,"date":"2026-01-17T18:33:51","date_gmt":"2026-01-17T21:33:51","guid":{"rendered":"https:\/\/focotocantinense.com.br\/?p=11694"},"modified":"2026-01-17T18:37:48","modified_gmt":"2026-01-17T21:37:48","slug":"jornalista-cristiano-machado-assume-coordenacao-de-comunicacao-de-vicentinho-junior","status":"publish","type":"post","link":"https:\/\/focotocantinense.com.br\/?p=11694","title":{"rendered":"\u00a0Jornalista Cristiano Machado assume coordena\u00e7\u00e3o de comunica\u00e7\u00e3o de Vicentinho J\u00fanior"},"content":{"rendered":"\n<p><\/p>\n\n\n\n<p>Pr\u00e9-candidato ao governo do Estado, o deputado federal Vicentinho J\u00fanior (PP-TO) tem nova coordena\u00e7\u00e3o na comunica\u00e7\u00e3o. O jornalista Cristiano Machado foi o escolhido pelo parlamentar para a fun\u00e7\u00e3o. &#8220;Cristiano vem se juntar ao nosso time, com a proposta de nos comunicarmos ainda mais e de forma estrat\u00e9gica. Profissional experiente e respeitado no meio, \u00e9 um sujeito com bom tr\u00e2nsito e que vai somar conosco na rotina di\u00e1ria da nossa rela\u00e7\u00e3o sempre aberta, respeitosa e franca com os profissionais e ve\u00edculos de comunica\u00e7\u00e3o dos quatro cantos do Estado&#8221;, disse o parlamentar. \u201cNosso intuito \u00e9 informar bem a popula\u00e7\u00e3o e prestar contas do nosso trabalho.\u201d &nbsp;<\/p>\n\n\n\n<figure class=\"wp-block-image size-large is-resized\"><img loading=\"lazy\" decoding=\"async\" width=\"1024\" height=\"685\" src=\"https:\/\/focotocantinense.com.br\/wp-content\/uploads\/2026\/01\/aaaaaaaaaa-1024x685.jpeg\" alt=\"\" class=\"wp-image-11695\" style=\"aspect-ratio:1.4949112952561037;width:386px;height:auto\" srcset=\"https:\/\/focotocantinense.com.br\/wp-content\/uploads\/2026\/01\/aaaaaaaaaa-1024x685.jpeg 1024w, https:\/\/focotocantinense.com.br\/wp-content\/uploads\/2026\/01\/aaaaaaaaaa-300x201.jpeg 300w, https:\/\/focotocantinense.com.br\/wp-content\/uploads\/2026\/01\/aaaaaaaaaa-768x513.jpeg 768w, https:\/\/focotocantinense.com.br\/wp-content\/uploads\/2026\/01\/aaaaaaaaaa-110x75.jpeg 110w, https:\/\/focotocantinense.com.br\/wp-content\/uploads\/2026\/01\/aaaaaaaaaa.jpeg 1080w\" sizes=\"auto, (max-width: 1024px) 100vw, 1024px\" \/><\/figure>\n\n\n\n<p><strong><em>Jornalista Cristiano Machado<\/em><\/strong><\/p>\n\n\n\n<p>Com experi\u00eancia em internet, r\u00e1dio, TVs e jornais, al\u00e9m de assessorias de institui\u00e7\u00f5es p\u00fablicas municipais, estaduais e federais, Cristiano Machado, natural de Presidente Prudente (SP), chegou ao Tocantins em 2009. Foi rep\u00f3rter freelancer da Folha de S.Paulo entre 2003 a 2010, com destaque em coberturas nacionais e internacionais.<\/p>\n\n\n\n<p>Mais recentemente, chefiou a comunica\u00e7\u00e3o do Tribunal Regional Eleitoral (TRE-TO), sendo o respons\u00e1vel pelos trabalhos do setor durante as elei\u00e7\u00f5es municipais de 2024 nos 139 munic\u00edpios do Estado.<\/p>\n\n\n\n<p><strong>Experi\u00eancia<\/strong><\/p>\n\n\n\n<p>Ele ganhou destaque ao presidir a Ag\u00eancia Tocantinense de Not\u00edcias (ATN) e coordenar o N\u00facleo de Comunica\u00e7\u00e3o Institucional do governo estadual na gest\u00e3o Siqueira Campos (2011\/2014); foi secret\u00e1rio-executivo de Rela\u00e7\u00f5es Institucionais nessa \u00e9poca. Al\u00e9m disso, tem experi\u00eancia de chefia de comunica\u00e7\u00e3o das secretarias da Agricultura, Planejamento do Estado; C\u00e2mara de Palmas; superintend\u00eancia de comunica\u00e7\u00e3o de Palmas na gest\u00e3o Cinthia Ribeiro em 2019. E desde 2010, atuou em diversas campanhas pol\u00edticas no Tocantins e outros Estados.<\/p>\n\n\n\n<figure class=\"wp-block-image size-full is-resized\"><img loading=\"lazy\" decoding=\"async\" width=\"768\" height=\"473\" src=\"https:\/\/focotocantinense.com.br\/wp-content\/uploads\/2026\/01\/BBBBOOOOOOOOOOOOOOOOOO.jpeg\" alt=\"\" class=\"wp-image-11698\" style=\"width:816px;height:auto\" srcset=\"https:\/\/focotocantinense.com.br\/wp-content\/uploads\/2026\/01\/BBBBOOOOOOOOOOOOOOOOOO.jpeg 768w, https:\/\/focotocantinense.com.br\/wp-content\/uploads\/2026\/01\/BBBBOOOOOOOOOOOOOOOOOO-300x185.jpeg 300w\" sizes=\"auto, (max-width: 768px) 100vw, 768px\" \/><\/figure>\n\n\n\n<p><strong><em>A partir de agora, o  senador Vicentinho J\u00fanior conta com os pr\u00e9stimos profissionais do competente jornalista Cristiano Machado.<\/em><\/strong><\/p>\n\n\n\n<p><\/p>\n\n\n\n<p>\u201cMuito feliz, honrado e orgulhoso pelo convite do deputado Vicentinho, a quem tenho enorme considera\u00e7\u00e3o, respeito e gratid\u00e3o, bem como por seu pai, o senador Vicentinho Alves. Espero poder contribuir com a equipe, a din\u00e2mica do trabalho e auxili\u00e1-lo, no segmento da comunica\u00e7\u00e3o, nesta verdadeira devo\u00e7\u00e3o que ele tem pelo Tocantins\u201d, disse Machado. \u201cVicentinho \u00e9 um parlamentar que tem servi\u00e7o prestado em todas as \u00e1reas p\u00fablicas como sa\u00fade, educa\u00e7\u00e3o, seguran\u00e7a, infraestrutura e inclus\u00e3o em todos os munic\u00edpios e regi\u00f5es do Estado. Um parlamentar que em tr\u00eas mandatos \u00e9 reconhecido por fazer pol\u00edtica com foco no cidad\u00e3o, respeitando as institui\u00e7\u00f5es, os agentes p\u00fablicos independente de sigla partid\u00e1ria e sempre agregando, unindo e em busca de constru\u00e7\u00e3o de bons projetos e coisas boas para o Tocantins\u201d, complementou.<\/p>\n\n\n\n<figure class=\"wp-block-image size-full is-resized\"><img loading=\"lazy\" decoding=\"async\" width=\"727\" height=\"184\" src=\"https:\/\/focotocantinense.com.br\/wp-content\/uploads\/2026\/01\/SHOW-DE-HUMOR-DE-VINICIUS-MARTINS-1.jpeg\" alt=\"\" class=\"wp-image-11682\" style=\"width:816px;height:auto\" srcset=\"https:\/\/focotocantinense.com.br\/wp-content\/uploads\/2026\/01\/SHOW-DE-HUMOR-DE-VINICIUS-MARTINS-1.jpeg 727w, https:\/\/focotocantinense.com.br\/wp-content\/uploads\/2026\/01\/SHOW-DE-HUMOR-DE-VINICIUS-MARTINS-1-300x76.jpeg 300w\" sizes=\"auto, (max-width: 727px) 100vw, 727px\" \/><\/figure>\n","protected":false},"excerpt":{"rendered":"<p>Pr\u00e9-candidato ao governo do Estado, o deputado federal Vicentinho J\u00fanior (PP-TO) tem nova coordena\u00e7\u00e3o na comunica\u00e7\u00e3o. O jornalista Cristiano Machado foi o escolhido pelo parlamentar para a fun\u00e7\u00e3o. &#8220;Cristiano vem se juntar ao nosso time, com a proposta de nos comunicarmos ainda mais e de forma estrat\u00e9gica. Profissional experiente e respeitado no meio, \u00e9 um &hellip;<\/p>\n","protected":false},"author":5,"featured_media":11695,"comment_status":"open","ping_status":"open","sticky":false,"template":"","format":"standard","meta":{"footnotes":""},"categories":[40],"tags":[],"class_list":["post-11694","post","type-post","status-publish","format-standard","has-post-thumbnail","","category-politica"],"_links":{"self":[{"href":"https:\/\/focotocantinense.com.br\/index.php?rest_route=\/wp\/v2\/posts\/11694","targetHints":{"allow":["GET"]}}],"collection":[{"href":"https:\/\/focotocantinense.com.br\/index.php?rest_route=\/wp\/v2\/posts"}],"about":[{"href":"https:\/\/focotocantinense.com.br\/index.php?rest_route=\/wp\/v2\/types\/post"}],"author":[{"embeddable":true,"href":"https:\/\/focotocantinense.com.br\/index.php?rest_route=\/wp\/v2\/users\/5"}],"replies":[{"embeddable":true,"href":"https:\/\/focotocantinense.com.br\/index.php?rest_route=%2Fwp%2Fv2%2Fcomments&post=11694"}],"version-history":[{"count":4,"href":"https:\/\/focotocantinense.com.br\/index.php?rest_route=\/wp\/v2\/posts\/11694\/revisions"}],"predecessor-version":[{"id":11700,"href":"https:\/\/focotocantinense.com.br\/index.php?rest_route=\/wp\/v2\/posts\/11694\/revisions\/11700"}],"wp:featuredmedia":[{"embeddable":true,"href":"https:\/\/focotocantinense.com.br\/index.php?rest_route=\/wp\/v2\/media\/11695"}],"wp:attachment":[{"href":"https:\/\/focotocantinense.com.br\/index.php?rest_route=%2Fwp%2Fv2%2Fmedia&parent=11694"}],"wp:term":[{"taxonomy":"category","embeddable":true,"href":"https:\/\/focotocantinense.com.br\/index.php?rest_route=%2Fwp%2Fv2%2Fcategories&post=11694"},{"taxonomy":"post_tag","embeddable":true,"href":"https:\/\/focotocantinense.com.br\/index.php?rest_route=%2Fwp%2Fv2%2Ftags&post=11694"}],"curies":[{"name":"wp","href":"https:\/\/api.w.org\/{rel}","templated":true}]}}