{"id":11687,"date":"2026-01-07T11:04:12","date_gmt":"2026-01-07T14:04:12","guid":{"rendered":"https:\/\/focotocantinense.com.br\/?p=11687"},"modified":"2026-01-07T11:05:37","modified_gmt":"2026-01-07T14:05:37","slug":"anuario-de-poetas-e-escritores-do-tocantins-2025-abre-inscricoes-e-celebra-a-literatura-regional","status":"publish","type":"post","link":"https:\/\/focotocantinense.com.br\/?p=11687","title":{"rendered":"ANU\u00c1RIO DE POETAS E ESCRITORES DO TOCANTINS 2025 ABRE INSCRI\u00c7\u00d5ES E CELEBRA A LITERATURA REGIONAL"},"content":{"rendered":"\n<figure class=\"wp-block-image size-full\"><img loading=\"lazy\" decoding=\"async\" width=\"411\" height=\"582\" src=\"https:\/\/focotocantinense.com.br\/wp-content\/uploads\/2026\/01\/1-Participacao-no-Anuario-de-escritores-abre-inscricao-para-autores-do-Rocantins-Fptp-Zacarias-Martins.jpeg\" alt=\"\" class=\"wp-image-11688\" srcset=\"https:\/\/focotocantinense.com.br\/wp-content\/uploads\/2026\/01\/1-Participacao-no-Anuario-de-escritores-abre-inscricao-para-autores-do-Rocantins-Fptp-Zacarias-Martins.jpeg 411w, https:\/\/focotocantinense.com.br\/wp-content\/uploads\/2026\/01\/1-Participacao-no-Anuario-de-escritores-abre-inscricao-para-autores-do-Rocantins-Fptp-Zacarias-Martins-212x300.jpeg 212w\" sizes=\"auto, (max-width: 411px) 100vw, 411px\" \/><\/figure>\n\n\n\n<p><\/p>\n\n\n\n<p>A&nbsp; literatura tocantinense ganha, mais uma vez, um importante espa\u00e7o de registro, mem\u00f3ria e valoriza\u00e7\u00e3o com a publica\u00e7\u00e3o do&nbsp;<strong>Anu\u00e1rio de Poetas e Escritores do Tocantins 2025<\/strong>. O projeto, idealizado e organizado por Eliosmar Veloso, tem como objetivo documentar, em livro impresso, o panorama atual da produ\u00e7\u00e3o liter\u00e1ria no Estado, reunindo autores de diferentes estilos, gera\u00e7\u00f5es e trajet\u00f3rias.<\/p>\n\n\n\n<p>Aberto a todos os escritores residentes no Tocantins, o Anu\u00e1rio n\u00e3o imp\u00f5e restri\u00e7\u00f5es de idade, g\u00eanero, ra\u00e7a, cren\u00e7a religiosa ou posicionamento pol\u00edtico. A proposta \u00e9 democr\u00e1tica: criar um painel representativo da diversidade cultural e liter\u00e1ria tocantinense, permitindo que cada autor registre seu nome na hist\u00f3ria da literatura local com a publica\u00e7\u00e3o de textos em prosa ou verso, in\u00e9ditos ou n\u00e3o.<\/p>\n\n\n\n<figure class=\"wp-block-image size-large is-resized\"><img loading=\"lazy\" decoding=\"async\" width=\"576\" height=\"1024\" src=\"https:\/\/focotocantinense.com.br\/wp-content\/uploads\/2026\/01\/2-A-obra-e-organizada-pelo-poeta-e-editor-Eliosmar-Veloso-de-Gurupi-Foto-Zacarias-Martins-576x1024.jpeg\" alt=\"\" class=\"wp-image-11690\" style=\"width:840px;height:auto\" srcset=\"https:\/\/focotocantinense.com.br\/wp-content\/uploads\/2026\/01\/2-A-obra-e-organizada-pelo-poeta-e-editor-Eliosmar-Veloso-de-Gurupi-Foto-Zacarias-Martins-576x1024.jpeg 576w, https:\/\/focotocantinense.com.br\/wp-content\/uploads\/2026\/01\/2-A-obra-e-organizada-pelo-poeta-e-editor-Eliosmar-Veloso-de-Gurupi-Foto-Zacarias-Martins-169x300.jpeg 169w, https:\/\/focotocantinense.com.br\/wp-content\/uploads\/2026\/01\/2-A-obra-e-organizada-pelo-poeta-e-editor-Eliosmar-Veloso-de-Gurupi-Foto-Zacarias-Martins-768x1366.jpeg 768w, https:\/\/focotocantinense.com.br\/wp-content\/uploads\/2026\/01\/2-A-obra-e-organizada-pelo-poeta-e-editor-Eliosmar-Veloso-de-Gurupi-Foto-Zacarias-Martins-864x1536.jpeg 864w, https:\/\/focotocantinense.com.br\/wp-content\/uploads\/2026\/01\/2-A-obra-e-organizada-pelo-poeta-e-editor-Eliosmar-Veloso-de-Gurupi-Foto-Zacarias-Martins.jpeg 899w\" sizes=\"auto, (max-width: 576px) 100vw, 576px\" \/><\/figure>\n\n\n\n<p><strong><em>O editor Eliosmar Veloso, de Gurupi, \u00e9 quem coordena esse projeto<\/em><\/strong><\/p>\n\n\n\n<p>Cada participante selecionado poder\u00e1 ocupar at\u00e9 10 p\u00e1ginas do livro, sendo a primeira destinada a um mini-curr\u00edculo, e as demais \u00e0 publica\u00e7\u00e3o das obras. Os textos devem respeitar o limite de p\u00e1ginas no formato A5 (Word) e passar\u00e3o pela avalia\u00e7\u00e3o de uma comiss\u00e3o formada pela Editora Veloso, respons\u00e1vel por analisar a qualidade liter\u00e1ria e a pertin\u00eancia da publica\u00e7\u00e3o, sempre considerando a trajet\u00f3ria do autor em igualdade de condi\u00e7\u00f5es com os demais inscritos.<\/p>\n\n\n\n<p>As inscri\u00e7\u00f5es est\u00e3o abertas at\u00e9 23 de janeiro de 2026. Para participar, o autor deve enviar at\u00e9 quatro obras (poesia, conto ou outros g\u00eaneros liter\u00e1rios), acompanhadas da ficha de inscri\u00e7\u00e3o devidamente preenchida e de seus dados completos, por e-mail ou WhatsApp. Tamb\u00e9m \u00e9 poss\u00edvel realizar a inscri\u00e7\u00e3o presencialmente na sede da Editora Veloso, em Gurupi.<\/p>\n\n\n\n<p>O lan\u00e7amento oficial do Anu\u00e1rio de Poetas e Escritores do Tocantins 2025 est\u00e1 previsto para o dia 14 de mar\u00e7o de 2026, em local e formato ainda a serem definidos. Al\u00e9m de integrar a antologia, cada autor selecionado receber\u00e1 dois exemplares impressos do livro, mediante o pagamento de uma taxa de participa\u00e7\u00e3o.<\/p>\n\n\n\n<p>Mais do que uma colet\u00e2nea, o Anu\u00e1rio consolida-se como um documento cultural, reafirmando o vigor da escrita tocantinense e fortalecendo a identidade liter\u00e1ria do Estado.<\/p>\n\n\n\n<p><strong>Informa\u00e7\u00f5es e inscri\u00e7\u00f5es<br>WhatsApp: (63) 98487-1558<br><a href=\"mailto:eliosmarveloso@gmail.com\" target=\"_blank\" rel=\"noreferrer noopener\">eliosmarveloso@gmail.com<\/a><br>Editora Veloso \u2013 Gurupi-TO<\/strong><\/p>\n\n\n\n<figure class=\"wp-block-image size-full is-resized\"><img loading=\"lazy\" decoding=\"async\" width=\"727\" height=\"184\" src=\"https:\/\/focotocantinense.com.br\/wp-content\/uploads\/2026\/01\/SHOW-DE-HUMOR-DE-VINICIUS-MARTINS-1.jpeg\" alt=\"\" class=\"wp-image-11682\" style=\"width:825px;height:auto\" srcset=\"https:\/\/focotocantinense.com.br\/wp-content\/uploads\/2026\/01\/SHOW-DE-HUMOR-DE-VINICIUS-MARTINS-1.jpeg 727w, https:\/\/focotocantinense.com.br\/wp-content\/uploads\/2026\/01\/SHOW-DE-HUMOR-DE-VINICIUS-MARTINS-1-300x76.jpeg 300w\" sizes=\"auto, (max-width: 727px) 100vw, 727px\" \/><\/figure>\n","protected":false},"excerpt":{"rendered":"<p>A&nbsp; literatura tocantinense ganha, mais uma vez, um importante espa\u00e7o de registro, mem\u00f3ria e valoriza\u00e7\u00e3o com a publica\u00e7\u00e3o do&nbsp;Anu\u00e1rio de Poetas e Escritores do Tocantins 2025. O projeto, idealizado e organizado por Eliosmar Veloso, tem como objetivo documentar, em livro impresso, o panorama atual da produ\u00e7\u00e3o liter\u00e1ria no Estado, reunindo autores de diferentes estilos, gera\u00e7\u00f5es &hellip;<\/p>\n","protected":false},"author":5,"featured_media":11688,"comment_status":"open","ping_status":"open","sticky":false,"template":"","format":"standard","meta":{"footnotes":""},"categories":[38],"tags":[],"class_list":["post-11687","post","type-post","status-publish","format-standard","has-post-thumbnail","","category-gurupi"],"_links":{"self":[{"href":"https:\/\/focotocantinense.com.br\/index.php?rest_route=\/wp\/v2\/posts\/11687","targetHints":{"allow":["GET"]}}],"collection":[{"href":"https:\/\/focotocantinense.com.br\/index.php?rest_route=\/wp\/v2\/posts"}],"about":[{"href":"https:\/\/focotocantinense.com.br\/index.php?rest_route=\/wp\/v2\/types\/post"}],"author":[{"embeddable":true,"href":"https:\/\/focotocantinense.com.br\/index.php?rest_route=\/wp\/v2\/users\/5"}],"replies":[{"embeddable":true,"href":"https:\/\/focotocantinense.com.br\/index.php?rest_route=%2Fwp%2Fv2%2Fcomments&post=11687"}],"version-history":[{"count":2,"href":"https:\/\/focotocantinense.com.br\/index.php?rest_route=\/wp\/v2\/posts\/11687\/revisions"}],"predecessor-version":[{"id":11692,"href":"https:\/\/focotocantinense.com.br\/index.php?rest_route=\/wp\/v2\/posts\/11687\/revisions\/11692"}],"wp:featuredmedia":[{"embeddable":true,"href":"https:\/\/focotocantinense.com.br\/index.php?rest_route=\/wp\/v2\/media\/11688"}],"wp:attachment":[{"href":"https:\/\/focotocantinense.com.br\/index.php?rest_route=%2Fwp%2Fv2%2Fmedia&parent=11687"}],"wp:term":[{"taxonomy":"category","embeddable":true,"href":"https:\/\/focotocantinense.com.br\/index.php?rest_route=%2Fwp%2Fv2%2Fcategories&post=11687"},{"taxonomy":"post_tag","embeddable":true,"href":"https:\/\/focotocantinense.com.br\/index.php?rest_route=%2Fwp%2Fv2%2Ftags&post=11687"}],"curies":[{"name":"wp","href":"https:\/\/api.w.org\/{rel}","templated":true}]}}