{"id":11684,"date":"2026-01-06T13:59:00","date_gmt":"2026-01-06T16:59:00","guid":{"rendered":"https:\/\/focotocantinense.com.br\/?p=11684"},"modified":"2026-01-06T13:59:50","modified_gmt":"2026-01-06T16:59:50","slug":"mitologia-drama-e-fantasia-epica-marcam-lancamento-de-no-limiar-dos-deuses-volume-2","status":"publish","type":"post","link":"https:\/\/focotocantinense.com.br\/?p=11684","title":{"rendered":"Mitologia, drama e fantasia \u00e9pica marcam lan\u00e7amento de No Limiar dos Deuses \u2013 Volume 2"},"content":{"rendered":"\n<p><\/p>\n\n\n\n<p>O universo m\u00edtico criado pelo artista Geuvar Oliveira avan\u00e7a para um territ\u00f3rio ainda mais denso e cinematogr\u00e1fico com o lan\u00e7amento de No Limiar dos Deuses \u2013 Volume 2, segundo cap\u00edtulo da s\u00e9rie de quadrinhos autoral que chega ao p\u00fablico no pr\u00f3ximo s\u00e1bado, 10 de janeiro, em Palmas. A obra ser\u00e1 lan\u00e7ada em evento aberto ao p\u00fablico na Vit\u00f3ria Geek, a partir das 9h, com entrada franca.<\/p>\n\n\n\n<p>Escrita e desenhada por Geuvar, a HQ aprofunda a saga iniciada no primeiro volume, ampliando a rela\u00e7\u00e3o entre deuses e mortais e revelando camadas mais complexas dos personagens e de seus destinos. O novo cap\u00edtulo expande o universo ficcional com segredos ancestrais, conflitos familiares marcados por dor e resist\u00eancia, al\u00e9m de escolhas que atravessam gera\u00e7\u00f5es e desafiam o pr\u00f3prio tempo.<\/p>\n\n\n\n<p>Com forte influ\u00eancia da linguagem cinematogr\u00e1fica, a narrativa combina mitologia, drama e fantasia \u00e9pica, abordando temas como heran\u00e7a, identidade e sacrif\u00edcio. Embora dialogue diretamente com o volume inaugural, o segundo livro tamb\u00e9m pode ser lido de forma independente, funcionando como porta de entrada para novos leitores interessados em narrativas densas e universos bem constru\u00eddos.<\/p>\n\n\n\n<p>\u201cEste segundo volume nasce da necessidade de aprofundar os conflitos humanos por tr\u00e1s do mito. Mais do que deuses e batalhas, a hist\u00f3ria fala sobre escolhas, legado e as marcas que atravessam fam\u00edlias e mundos\u201d, afirma Geuvar, diretor e respons\u00e1vel pelo projeto. \u201cQuis criar uma obra que permanecesse no leitor mesmo depois da \u00faltima p\u00e1gina.\u201d<\/p>\n\n\n\n<p>Lan\u00e7ado em edi\u00e7\u00e3o f\u00edsica, No Limiar dos Deuses \u2013 Volume 2 aposta em acabamento gr\u00e1fico cuidadoso e em uma arte pensada para valorizar a experi\u00eancia sensorial da leitura, reafirmando o compromisso autoral com qualidade est\u00e9tica e narrativa. O lan\u00e7amento consolida o trabalho de Geuvar no cen\u00e1rio dos quadrinhos independentes e refor\u00e7a a for\u00e7a da produ\u00e7\u00e3o autoral brasileira contempor\u00e2nea, que dialoga com grandes mitologias universais sem perder o v\u00ednculo com quest\u00f5es humanas profundas.<\/p>\n\n\n\n<figure class=\"wp-block-image size-full is-resized\"><img loading=\"lazy\" decoding=\"async\" width=\"802\" height=\"596\" src=\"https:\/\/focotocantinense.com.br\/wp-content\/uploads\/2026\/01\/geuvar.jpeg\" alt=\"\" class=\"wp-image-11681\" style=\"width:840px;height:auto\" srcset=\"https:\/\/focotocantinense.com.br\/wp-content\/uploads\/2026\/01\/geuvar.jpeg 802w, https:\/\/focotocantinense.com.br\/wp-content\/uploads\/2026\/01\/geuvar-300x223.jpeg 300w, https:\/\/focotocantinense.com.br\/wp-content\/uploads\/2026\/01\/geuvar-768x571.jpeg 768w\" sizes=\"auto, (max-width: 802px) 100vw, 802px\" \/><\/figure>\n\n\n\n<p><\/p>\n\n\n\n<p><strong>O Artista<\/strong><\/p>\n\n\n\n<p>Geuvar Silva de Oliveira &#8211; Nasceu em Imperatriz, no estado do Maranh\u00e3o e mora em Tocantins desde 1997, graduado em Arte C\u00eanicas pela Universidade Federal de Tocantins (UFT) e Letras pela Universidade Luterana do Brasil (ULBRA). Come\u00e7ou a carreira de quadrinhista em 1980 quando produziu mais de 30 HQs do caub\u00f3i Matt Bill, personagem influenciado pr Tex Willer (cria\u00e7\u00e3o do italiano Luigi Bonelli &#8211; 1908\/2001). Em Tocantins produziu a HQ do Gira, um duende com apar\u00eancia de girassol. Criou Quadrinhos da Liga do Cerrado (Homem Suvaco, Maria Paulada, Jeitosa, Homem Pochete, Homem Pichilinga, Senhor Gambiarra e Caryocal), Viagem ao Centro da Gram\u00e1tica e a trilogia Mugambi. \u00c9 fundador da GComics, que tem o objetivo de representar o Brasil da cultura pop atrav\u00e9s de quadrinhos e livros. Nos anos 90, come\u00e7ou a produzir quadrinhos para o mercado publicit\u00e1rio e depois quadrinhos independentes. Geuvar trabalhou como chargista em diversos jornais impressos e em ag\u00eancias de publicidade como ilustrador e criador.<\/p>\n\n\n\n<figure class=\"wp-block-image size-full is-resized\"><img loading=\"lazy\" decoding=\"async\" width=\"727\" height=\"184\" src=\"https:\/\/focotocantinense.com.br\/wp-content\/uploads\/2026\/01\/SHOW-DE-HUMOR-DE-VINICIUS-MARTINS-1.jpeg\" alt=\"\" class=\"wp-image-11682\" style=\"width:840px;height:auto\" srcset=\"https:\/\/focotocantinense.com.br\/wp-content\/uploads\/2026\/01\/SHOW-DE-HUMOR-DE-VINICIUS-MARTINS-1.jpeg 727w, https:\/\/focotocantinense.com.br\/wp-content\/uploads\/2026\/01\/SHOW-DE-HUMOR-DE-VINICIUS-MARTINS-1-300x76.jpeg 300w\" sizes=\"auto, (max-width: 727px) 100vw, 727px\" \/><\/figure>\n","protected":false},"excerpt":{"rendered":"<p>O universo m\u00edtico criado pelo artista Geuvar Oliveira avan\u00e7a para um territ\u00f3rio ainda mais denso e cinematogr\u00e1fico com o lan\u00e7amento de No Limiar dos Deuses \u2013 Volume 2, segundo cap\u00edtulo da s\u00e9rie de quadrinhos autoral que chega ao p\u00fablico no pr\u00f3ximo s\u00e1bado, 10 de janeiro, em Palmas. A obra ser\u00e1 lan\u00e7ada em evento aberto ao &hellip;<\/p>\n","protected":false},"author":5,"featured_media":11681,"comment_status":"open","ping_status":"open","sticky":false,"template":"","format":"standard","meta":{"footnotes":""},"categories":[1],"tags":[],"class_list":["post-11684","post","type-post","status-publish","format-standard","has-post-thumbnail","","category-sem-categoria"],"_links":{"self":[{"href":"https:\/\/focotocantinense.com.br\/index.php?rest_route=\/wp\/v2\/posts\/11684","targetHints":{"allow":["GET"]}}],"collection":[{"href":"https:\/\/focotocantinense.com.br\/index.php?rest_route=\/wp\/v2\/posts"}],"about":[{"href":"https:\/\/focotocantinense.com.br\/index.php?rest_route=\/wp\/v2\/types\/post"}],"author":[{"embeddable":true,"href":"https:\/\/focotocantinense.com.br\/index.php?rest_route=\/wp\/v2\/users\/5"}],"replies":[{"embeddable":true,"href":"https:\/\/focotocantinense.com.br\/index.php?rest_route=%2Fwp%2Fv2%2Fcomments&post=11684"}],"version-history":[{"count":2,"href":"https:\/\/focotocantinense.com.br\/index.php?rest_route=\/wp\/v2\/posts\/11684\/revisions"}],"predecessor-version":[{"id":11686,"href":"https:\/\/focotocantinense.com.br\/index.php?rest_route=\/wp\/v2\/posts\/11684\/revisions\/11686"}],"wp:featuredmedia":[{"embeddable":true,"href":"https:\/\/focotocantinense.com.br\/index.php?rest_route=\/wp\/v2\/media\/11681"}],"wp:attachment":[{"href":"https:\/\/focotocantinense.com.br\/index.php?rest_route=%2Fwp%2Fv2%2Fmedia&parent=11684"}],"wp:term":[{"taxonomy":"category","embeddable":true,"href":"https:\/\/focotocantinense.com.br\/index.php?rest_route=%2Fwp%2Fv2%2Fcategories&post=11684"},{"taxonomy":"post_tag","embeddable":true,"href":"https:\/\/focotocantinense.com.br\/index.php?rest_route=%2Fwp%2Fv2%2Ftags&post=11684"}],"curies":[{"name":"wp","href":"https:\/\/api.w.org\/{rel}","templated":true}]}}