{"id":11674,"date":"2026-01-05T21:33:17","date_gmt":"2026-01-06T00:33:17","guid":{"rendered":"https:\/\/focotocantinense.com.br\/?p=11674"},"modified":"2026-01-05T21:37:02","modified_gmt":"2026-01-06T00:37:02","slug":"escritor-tocantinense-zacarias-martins-e-destaque-em-almanaque-nacional-da-editora-vozes","status":"publish","type":"post","link":"https:\/\/focotocantinense.com.br\/?p=11674","title":{"rendered":"Escritor tocantinense Zacarias Martins \u00e9 destaque em almanaque nacional da Editora Vozes"},"content":{"rendered":"\n<p>Publica\u00e7\u00e3o campe\u00e3 de vendas no Brasil pela Editora Vozes, uma das maiores editoras do pa\u00eds, o&nbsp;<strong><em>Almanaque Santo Ant\u00f4nio \u2013 2026<\/em><\/strong>, sob a coordena\u00e7\u00e3o de Frei Edrian Josu\u00e9 Pasini, mais uma vez traz colabora\u00e7\u00f5es do festejado escritor, poeta, jornalista e ativista cultural&nbsp; tocantinense Zacarias Martins, de Gurupi, autor de seis livros de poesias, um de cr\u00f4nicas e um dedicado ao p\u00fablico infantil.&nbsp;<\/p>\n\n\n\n<figure class=\"wp-block-image size-large is-resized\"><img loading=\"lazy\" decoding=\"async\" width=\"576\" height=\"1024\" src=\"https:\/\/focotocantinense.com.br\/wp-content\/uploads\/2026\/01\/2-Zacarias-Martins-no-Almanarque-Santo-Antobnio-2026-Foto-Eliosmar-Veloso-576x1024.jpeg\" alt=\"\" class=\"wp-image-11676\" style=\"aspect-ratio:0.5625066024381483;width:387px;height:auto\" srcset=\"https:\/\/focotocantinense.com.br\/wp-content\/uploads\/2026\/01\/2-Zacarias-Martins-no-Almanarque-Santo-Antobnio-2026-Foto-Eliosmar-Veloso-576x1024.jpeg 576w, https:\/\/focotocantinense.com.br\/wp-content\/uploads\/2026\/01\/2-Zacarias-Martins-no-Almanarque-Santo-Antobnio-2026-Foto-Eliosmar-Veloso-169x300.jpeg 169w, https:\/\/focotocantinense.com.br\/wp-content\/uploads\/2026\/01\/2-Zacarias-Martins-no-Almanarque-Santo-Antobnio-2026-Foto-Eliosmar-Veloso-768x1366.jpeg 768w, https:\/\/focotocantinense.com.br\/wp-content\/uploads\/2026\/01\/2-Zacarias-Martins-no-Almanarque-Santo-Antobnio-2026-Foto-Eliosmar-Veloso-864x1536.jpeg 864w, https:\/\/focotocantinense.com.br\/wp-content\/uploads\/2026\/01\/2-Zacarias-Martins-no-Almanarque-Santo-Antobnio-2026-Foto-Eliosmar-Veloso.jpeg 899w\" sizes=\"auto, (max-width: 576px) 100vw, 576px\" \/><\/figure>\n\n\n\n<p><\/p>\n\n\n\n<p><strong>Credenciais<\/strong><\/p>\n\n\n\n<p>Zacarias Martins&nbsp; \u00e9 membro titular da Academia Tocantinense de Letras (ATL), e de outras institui\u00e7\u00f5es liter\u00e1rias espalhadas pelo Brasil e no exterior. Integra o Comit\u00ea de Cultura no Tocantins, al\u00e9m de manter o quadro di\u00e1rio das Curiosidades do Dia, pela R\u00e1dio Master&nbsp; FM, de Gurupi, e que faz muito sucesso entre os ouvintes da emissora.<\/p>\n\n\n\n<p><strong>Publica\u00e7\u00e3o multitem\u00e1tica<\/strong><\/p>\n\n\n\n<p>O livro \u00e9 publicado tradicionalmente h\u00e1 49 anos e faz muito sucesso por ser uma esp\u00e9cie de mini biblioteca popular. Zacarias Martins, que participa da publica\u00e7\u00e3o h\u00e1 34 anos consecutivos informa que no Almanaque, o leitor vai encontrar de tudo um pouco: curiosidades, datas comemorativas, dicas de culin\u00e1ria, no\u00e7\u00f5es de ecologia, educa\u00e7\u00e3o, folclore, passatempo, sa\u00fade, al\u00e9m de fatos que marcaram a hist\u00f3ria brasileira e universal e muito mais.<\/p>\n\n\n\n<p>Credita-se o sucesso da publica\u00e7\u00e3o \u00e0 sua linguagem l\u00fadica e de f\u00e1cil assimila\u00e7\u00e3o\u201d, explica Martins, ressaltando sentir-se gratificado em participar dessa obra liter\u00e1ria por se tratar de uma publica\u00e7\u00e3o multitem\u00e1tica, rica em sabedoria cient\u00edfica e popular. \u201cSempre novo e atual, o Almanaque Santo Ant\u00f4nio \u00e9 indicado para a fam\u00edlia, para o estudante e para o professor\u201d, observa.<\/p>\n\n\n\n<figure class=\"wp-block-image is-resized\"><a href=\"https:\/\/blogger.googleusercontent.com\/img\/b\/R29vZ2xl\/AVvXsEispu3V6VGiygYkMzP_HDsnzrMK1LtgbuRD2qWGHqdIvEQCHz5jG6kCjPpYXq1lP9CBr88xkyMkt6lpRl7juWCwpFLfSiOzQHgUtYa04djzu9MlsRMhIYZUgEJROzp_03WA_sBChiFa4LptjeFCR5f9frKPK3-C4ETJwuBj_wEamxRiKK09daIH3c-IhcNY\/s1599\/1%20-%20Zacarias%20Martins%20no%20Almanarque%20Santo%20Ant%C3%B4bnio%202026%20-%20Foto%20Eliosmar%20Veloso.jpeg\"><img decoding=\"async\" src=\"https:\/\/blogger.googleusercontent.com\/img\/b\/R29vZ2xl\/AVvXsEispu3V6VGiygYkMzP_HDsnzrMK1LtgbuRD2qWGHqdIvEQCHz5jG6kCjPpYXq1lP9CBr88xkyMkt6lpRl7juWCwpFLfSiOzQHgUtYa04djzu9MlsRMhIYZUgEJROzp_03WA_sBChiFa4LptjeFCR5f9frKPK3-C4ETJwuBj_wEamxRiKK09daIH3c-IhcNY\/w521-h293\/1%20-%20Zacarias%20Martins%20no%20Almanarque%20Santo%20Ant%C3%B4bnio%202026%20-%20Foto%20Eliosmar%20Veloso.jpeg\" alt=\"\" style=\"width:840px;height:auto\"\/><\/a><\/figure>\n\n\n\n<p><\/p>\n\n\n\n<p><strong>Sobre os Almanaques<\/strong><\/p>\n\n\n\n<p>Zacarias Martins destaca que a cultura de almanaque pode ser uma via facilitadora para a amplia\u00e7\u00e3o do conhecimento humano, j\u00e1 que trata de assuntos diversos, apresenta saberes e desperta a sede de curiosidade. \u201cAo abrirmos um exemplar temos contato com o seu rico conte\u00fado que nos diz muito em poucas palavras, mostra-nos a dire\u00e7\u00e3o e nos fala de coisas que auxiliam o nosso modo de viver. Sua utilidade consiste em nos ajudar a ver o mundo na \u00f3tica do bom saber, na \u00e9tica das boas escolhas,\u201d explica Zacarias Martins.<\/p>\n\n\n\n<figure class=\"wp-block-image is-resized\"><a href=\"https:\/\/blogger.googleusercontent.com\/img\/b\/R29vZ2xl\/AVvXsEj1ausXn9RMpGvTBFUQFEgdQrzn94e93GQyuaVb38uDnCO5TySdT-6U-Y-ZCUwEdvklQEpDwi0Ni4Ack7RJ_1981ccVFt6dj2gwjZqcMCAAJjIImdkgn0l4tsvWu8qDizMRt9ueEDTsSrfrYXv_0KkuUeySB2jCP2g5KIbWKe9fYoe2GqYVFa1H7zm3Ln_x\/s727\/SHOW%20DE%20HUMOR%20DE%20VINICIUS%20MARTINS.jpeg\"><img decoding=\"async\" src=\"https:\/\/blogger.googleusercontent.com\/img\/b\/R29vZ2xl\/AVvXsEj1ausXn9RMpGvTBFUQFEgdQrzn94e93GQyuaVb38uDnCO5TySdT-6U-Y-ZCUwEdvklQEpDwi0Ni4Ack7RJ_1981ccVFt6dj2gwjZqcMCAAJjIImdkgn0l4tsvWu8qDizMRt9ueEDTsSrfrYXv_0KkuUeySB2jCP2g5KIbWKe9fYoe2GqYVFa1H7zm3Ln_x\/w531-h134\/SHOW%20DE%20HUMOR%20DE%20VINICIUS%20MARTINS.jpeg\" alt=\"\" style=\"width:840px;height:auto\"\/><\/a><\/figure>\n","protected":false},"excerpt":{"rendered":"<p>Publica\u00e7\u00e3o campe\u00e3 de vendas no Brasil pela Editora Vozes, uma das maiores editoras do pa\u00eds, o&nbsp;Almanaque Santo Ant\u00f4nio \u2013 2026, sob a coordena\u00e7\u00e3o de Frei Edrian Josu\u00e9 Pasini, mais uma vez traz colabora\u00e7\u00f5es do festejado escritor, poeta, jornalista e ativista cultural&nbsp; tocantinense Zacarias Martins, de Gurupi, autor de seis livros de poesias, um de cr\u00f4nicas &hellip;<\/p>\n","protected":false},"author":5,"featured_media":11675,"comment_status":"open","ping_status":"open","sticky":false,"template":"","format":"standard","meta":{"footnotes":""},"categories":[79],"tags":[],"class_list":["post-11674","post","type-post","status-publish","format-standard","has-post-thumbnail","","category-guarai"],"_links":{"self":[{"href":"https:\/\/focotocantinense.com.br\/index.php?rest_route=\/wp\/v2\/posts\/11674","targetHints":{"allow":["GET"]}}],"collection":[{"href":"https:\/\/focotocantinense.com.br\/index.php?rest_route=\/wp\/v2\/posts"}],"about":[{"href":"https:\/\/focotocantinense.com.br\/index.php?rest_route=\/wp\/v2\/types\/post"}],"author":[{"embeddable":true,"href":"https:\/\/focotocantinense.com.br\/index.php?rest_route=\/wp\/v2\/users\/5"}],"replies":[{"embeddable":true,"href":"https:\/\/focotocantinense.com.br\/index.php?rest_route=%2Fwp%2Fv2%2Fcomments&post=11674"}],"version-history":[{"count":3,"href":"https:\/\/focotocantinense.com.br\/index.php?rest_route=\/wp\/v2\/posts\/11674\/revisions"}],"predecessor-version":[{"id":11679,"href":"https:\/\/focotocantinense.com.br\/index.php?rest_route=\/wp\/v2\/posts\/11674\/revisions\/11679"}],"wp:featuredmedia":[{"embeddable":true,"href":"https:\/\/focotocantinense.com.br\/index.php?rest_route=\/wp\/v2\/media\/11675"}],"wp:attachment":[{"href":"https:\/\/focotocantinense.com.br\/index.php?rest_route=%2Fwp%2Fv2%2Fmedia&parent=11674"}],"wp:term":[{"taxonomy":"category","embeddable":true,"href":"https:\/\/focotocantinense.com.br\/index.php?rest_route=%2Fwp%2Fv2%2Fcategories&post=11674"},{"taxonomy":"post_tag","embeddable":true,"href":"https:\/\/focotocantinense.com.br\/index.php?rest_route=%2Fwp%2Fv2%2Ftags&post=11674"}],"curies":[{"name":"wp","href":"https:\/\/api.w.org\/{rel}","templated":true}]}}