{"id":11668,"date":"2026-01-01T20:25:57","date_gmt":"2026-01-01T23:25:57","guid":{"rendered":"https:\/\/focotocantinense.com.br\/?p=11668"},"modified":"2026-01-01T20:28:35","modified_gmt":"2026-01-01T23:28:35","slug":"aleto-ja-empossou-mais-de-50-dos-aprovados-no-concurso-e-preve-novas-nomeacoes-para-2026","status":"publish","type":"post","link":"https:\/\/focotocantinense.com.br\/?p=11668","title":{"rendered":"Aleto j\u00e1 empossou mais de 50% dos aprovados no concurso e prev\u00ea novas nomea\u00e7\u00f5es para 2026"},"content":{"rendered":"\n<p><strong>Por Rodrigo Martins<\/strong><\/p>\n\n\n\n<p>Com mais de 50% das vagas j\u00e1 preenchidas, a Assembleia Legislativa do Tocantins (Aleto) consolidou avan\u00e7os importantes na execu\u00e7\u00e3o do seu concurso p\u00fablico. Dos 105 candidatos aprovados no certame, 72 foram convocados e 54 j\u00e1 tomaram posse e est\u00e3o em exerc\u00edcio. Os dados confirmam o cumprimento de uma das principais metas da atual Mesa Diretora da Casa de Leis.<\/p>\n\n\n\n<p>O presidente da Aleto, deputado Am\u00e9lio Cayres (Republicanos), atribui o alcance da meta da gest\u00e3o ao esfor\u00e7o coletivo de todos os deputados. \u201cSempre digo que a nossa gest\u00e3o \u00e9 uma manifesta\u00e7\u00e3o da vontade de todos os nossos colegas. Desde o in\u00edcio, todos se colocaram a favor do concurso p\u00fablico, da contrata\u00e7\u00e3o da Funda\u00e7\u00e3o Get\u00falio Vargas e do cronograma para nomea\u00e7\u00e3o de todos os aprovados, sendo 50% em 2025 e 50% em 2026. \u00c9 o que estamos fazendo\u201d, destacou.<\/p>\n\n\n\n<p><strong>Cargos preenchidos<\/strong><\/p>\n\n\n\n<p>Entre os empossados, est\u00e3o 23 analistas de diversas \u00e1reas, como administra\u00e7\u00e3o, sistemas, controle interno, contabilidade, economia, direito, jornalismo, medicina, psicologia, publicidade, rela\u00e7\u00f5es p\u00fablicas, revis\u00e3o, inform\u00e1tica e web design. Tamb\u00e9m j\u00e1 assumiram 23 t\u00e9cnicos nas especialidades de assist\u00eancia administrativa, \u00e1udio, audioeditora\u00e7\u00e3o, cinegrafia, design gr\u00e1fico, fotografia, seguran\u00e7a do trabalho e tradu\u00e7\u00e3o de Libras. Al\u00e9m desses servidores, tomaram posse tr\u00eas procuradores jur\u00eddicos e cinco policiais legislativos.<\/p>\n\n\n\n<p><strong>Cronograma para 2026<\/strong><\/p>\n\n\n\n<p>O cronograma de nomea\u00e7\u00e3o e posse est\u00e1 alinhado ao planejamento administrativo e or\u00e7ament\u00e1rio da Aleto, que inclui metas de otimiza\u00e7\u00e3o de despesas, reorganiza\u00e7\u00e3o interna e reposi\u00e7\u00e3o gradual de servidores em raz\u00e3o de aposentadoria. De acordo com a Diretoria Administrativa, ser\u00e3o publicadas novas nomea\u00e7\u00f5es a partir de fevereiro de 2026 e os demais servidores aprovados ser\u00e3o empossados at\u00e9 o final do ano.<\/p>\n\n\n\n<p>O diretor administrativo da Aleto, Ant\u00f4nio Lopes Braga J\u00fanior, destaca que o andamento do concurso reflete a responsabilidade institucional e o comprometimento com a efici\u00eancia p\u00fablica. \u201cAs nomea\u00e7\u00f5es est\u00e3o sendo realizadas de forma planejada e gradual, respeitando o or\u00e7amento e observando as necessidades reais de cada setor da Casa. O objetivo \u00e9 fortalecer o quadro efetivo com seguran\u00e7a administrativa, garantindo qualidade no servi\u00e7o prestado \u00e0 popula\u00e7\u00e3o tocantinense\u201d, afirmou.<\/p>\n\n\n\n<p><strong>Responsabilidade fiscal<\/strong><\/p>\n\n\n\n<p>O \u00faltimo relat\u00f3rio de gest\u00e3o fiscal publicado pela Aleto, referente ao 2\u00ba quadrimestre de 2025, apontou que o \u00edndice de despesa com pessoal \u2013 apurado ao final do per\u00edodo \u2013 ficou em 1,45%, abaixo dos limites prudencial, m\u00e1ximo e de alerta estabelecidos pela Lei de Responsabilidade Fiscal (LRF). Tendo o rigor fiscal como uma das marcas de sua gest\u00e3o, Am\u00e9lio Cayres considera essa margem de seguran\u00e7a essencial para absorver o impacto financeiro das pr\u00f3ximas convoca\u00e7\u00f5es, garantindo que as nomea\u00e7\u00f5es de 2026 ocorram com a estabilidade e o equil\u00edbrio or\u00e7ament\u00e1rio exigidos pela lei.<\/p>\n\n\n\n<figure class=\"wp-block-image size-full is-resized\"><img loading=\"lazy\" decoding=\"async\" width=\"727\" height=\"184\" src=\"https:\/\/focotocantinense.com.br\/wp-content\/uploads\/2026\/01\/SHOW-DE-HUMOR-DE-VINICIUS-MARTINS.jpeg\" alt=\"\" class=\"wp-image-11670\" style=\"width:840px;height:auto\" srcset=\"https:\/\/focotocantinense.com.br\/wp-content\/uploads\/2026\/01\/SHOW-DE-HUMOR-DE-VINICIUS-MARTINS.jpeg 727w, https:\/\/focotocantinense.com.br\/wp-content\/uploads\/2026\/01\/SHOW-DE-HUMOR-DE-VINICIUS-MARTINS-300x76.jpeg 300w\" sizes=\"auto, (max-width: 727px) 100vw, 727px\" \/><\/figure>\n","protected":false},"excerpt":{"rendered":"<p>Por Rodrigo Martins Com mais de 50% das vagas j\u00e1 preenchidas, a Assembleia Legislativa do Tocantins (Aleto) consolidou avan\u00e7os importantes na execu\u00e7\u00e3o do seu concurso p\u00fablico. Dos 105 candidatos aprovados no certame, 72 foram convocados e 54 j\u00e1 tomaram posse e est\u00e3o em exerc\u00edcio. Os dados confirmam o cumprimento de uma das principais metas da &hellip;<\/p>\n","protected":false},"author":5,"featured_media":11669,"comment_status":"open","ping_status":"open","sticky":false,"template":"","format":"standard","meta":{"footnotes":""},"categories":[38],"tags":[],"class_list":["post-11668","post","type-post","status-publish","format-standard","has-post-thumbnail","","category-gurupi"],"_links":{"self":[{"href":"https:\/\/focotocantinense.com.br\/index.php?rest_route=\/wp\/v2\/posts\/11668","targetHints":{"allow":["GET"]}}],"collection":[{"href":"https:\/\/focotocantinense.com.br\/index.php?rest_route=\/wp\/v2\/posts"}],"about":[{"href":"https:\/\/focotocantinense.com.br\/index.php?rest_route=\/wp\/v2\/types\/post"}],"author":[{"embeddable":true,"href":"https:\/\/focotocantinense.com.br\/index.php?rest_route=\/wp\/v2\/users\/5"}],"replies":[{"embeddable":true,"href":"https:\/\/focotocantinense.com.br\/index.php?rest_route=%2Fwp%2Fv2%2Fcomments&post=11668"}],"version-history":[{"count":1,"href":"https:\/\/focotocantinense.com.br\/index.php?rest_route=\/wp\/v2\/posts\/11668\/revisions"}],"predecessor-version":[{"id":11671,"href":"https:\/\/focotocantinense.com.br\/index.php?rest_route=\/wp\/v2\/posts\/11668\/revisions\/11671"}],"wp:featuredmedia":[{"embeddable":true,"href":"https:\/\/focotocantinense.com.br\/index.php?rest_route=\/wp\/v2\/media\/11669"}],"wp:attachment":[{"href":"https:\/\/focotocantinense.com.br\/index.php?rest_route=%2Fwp%2Fv2%2Fmedia&parent=11668"}],"wp:term":[{"taxonomy":"category","embeddable":true,"href":"https:\/\/focotocantinense.com.br\/index.php?rest_route=%2Fwp%2Fv2%2Fcategories&post=11668"},{"taxonomy":"post_tag","embeddable":true,"href":"https:\/\/focotocantinense.com.br\/index.php?rest_route=%2Fwp%2Fv2%2Ftags&post=11668"}],"curies":[{"name":"wp","href":"https:\/\/api.w.org\/{rel}","templated":true}]}}