{"id":11664,"date":"2025-12-31T17:18:46","date_gmt":"2025-12-31T20:18:46","guid":{"rendered":"https:\/\/focotocantinense.com.br\/?p=11664"},"modified":"2025-12-31T17:18:47","modified_gmt":"2025-12-31T20:18:47","slug":"lancamento-do-anuario-de-poetas-e-escritores-do-tocantins-2024-valoriza-a-diversidade-literaria-no-estado","status":"publish","type":"post","link":"https:\/\/focotocantinense.com.br\/?p=11664","title":{"rendered":"Lan\u00e7amento do Anu\u00e1rio de Poetas e escritores do Tocantins \u2013 2024 valoriza a diversidade liter\u00e1ria no Estado"},"content":{"rendered":"\n<p>O cen\u00e1rio cultural tocantinense ganhou destaque no dia 10 de setembro de 2025 com o lan\u00e7amento do&nbsp;<strong>Anu\u00e1rio de Poetas e Escritores do Tocantins &#8211;&nbsp; 2024<\/strong>, uma publica\u00e7\u00e3o que re\u00fane vozes liter\u00e1rias de diferentes regi\u00f5es do estado e reafirma a for\u00e7a da produ\u00e7\u00e3o cultural local.<\/p>\n\n\n\n<figure class=\"wp-block-image size-full\"><img loading=\"lazy\" decoding=\"async\" width=\"388\" height=\"571\" src=\"https:\/\/focotocantinense.com.br\/wp-content\/uploads\/2025\/12\/ANUARIO.jpeg\" alt=\"\" class=\"wp-image-11665\" srcset=\"https:\/\/focotocantinense.com.br\/wp-content\/uploads\/2025\/12\/ANUARIO.jpeg 388w, https:\/\/focotocantinense.com.br\/wp-content\/uploads\/2025\/12\/ANUARIO-204x300.jpeg 204w\" sizes=\"auto, (max-width: 388px) 100vw, 388px\" \/><\/figure>\n\n\n\n<p><\/p>\n\n\n\n<p>Organizado pelo escritor e ativista cultural Eliosmar Veloso, o anu\u00e1rio nasce com a proposta de registrar, difundir e valorizar a escrita produzida no Tocantins, contemplando estilos, trajet\u00f3rias e express\u00f5es diversas da poesia e da prosa contempor\u00e2neas.<\/p>\n\n\n\n<p>Ao todo, a obra contou com a participa\u00e7\u00e3o de escritores de 18 munic\u00edpios tocantinenses, evidenciando a capilaridade do projeto. Est\u00e3o representadas as cidades de Aguiarn\u00f3polis (1 escritor), Anan\u00e1s (1), Angico (1), Aragua\u00edna (5), Baba\u00e7ul\u00e2ndia (1), Cariri (1), Duer\u00e9 (1), Filad\u00e9lfia (2), Gurupi (11), Miracema (1), Natividade (8), Palmas (8), Para\u00edso (1), Porto Nacional (2), Taguatinga (6), Tocant\u00ednia (1) e Tocantin\u00f3polis (6). A diversidade geogr\u00e1fica refor\u00e7a o compromisso do anu\u00e1rio com a inclus\u00e3o e a descentraliza\u00e7\u00e3o cultural.<\/p>\n\n\n\n<p>Segundo o organizador, o&nbsp;<strong>Anu\u00e1rio de Poetas e Escritores do Tocantins&nbsp;<\/strong>se consolida como um importante instrumento de mem\u00f3ria liter\u00e1ria, al\u00e9m de estimular novos leitores e incentivar a continuidade da produ\u00e7\u00e3o art\u00edstica no estado. \u201c\u00c9 um espa\u00e7o de visibilidade para quem escreve, muitas vezes longe dos grandes centros, mas com enorme qualidade liter\u00e1ria\u201d, destaca Eliosmar Veloso.<\/p>\n\n\n\n<p>A publica\u00e7\u00e3o integra um projeto contemplado pela Pol\u00edtica Nacional Aldir Blanc \/ PAAR 2024, com recursos do Minist\u00e9rio da Cultura, operacionalizados pela Secretaria de Cultura do Tocantins. O apoio institucional foi fundamental para viabilizar a obra e ampliar seu alcance junto \u00e0 sociedade.<\/p>\n\n\n\n<p>Mais do que um livro, o anu\u00e1rio se apresenta como um retrato da riqueza liter\u00e1ria tocantinense, reafirmando a literatura como ferramenta de identidade, resist\u00eancia cultural e transforma\u00e7\u00e3o social.<\/p>\n\n\n\n<figure class=\"wp-block-image is-resized\"><a href=\"https:\/\/blogger.googleusercontent.com\/img\/b\/R29vZ2xl\/AVvXsEhy-1Tczdb-i4qtUXxM8IqfyLuKF6cY01C5x4VJPfAqH28-zvqWdfaQfHbDl7bSQ-dKlBPUAU6OWKRCuh9_2d0xQvGoLwGjLd4tS7emWBaFnHan6s7eMPUFLD3IUntaTwZjEEQjkZ-yIj051ooGx_wk9G-ezM1Zttv7T3BlH2D04g66DfcNIahKrBsXBEy1\/s727\/SHOW%20DE%20HUMOR%20DE%20VINICIUS%20MARTINS.jpeg\"><img decoding=\"async\" src=\"https:\/\/blogger.googleusercontent.com\/img\/b\/R29vZ2xl\/AVvXsEhy-1Tczdb-i4qtUXxM8IqfyLuKF6cY01C5x4VJPfAqH28-zvqWdfaQfHbDl7bSQ-dKlBPUAU6OWKRCuh9_2d0xQvGoLwGjLd4tS7emWBaFnHan6s7eMPUFLD3IUntaTwZjEEQjkZ-yIj051ooGx_wk9G-ezM1Zttv7T3BlH2D04g66DfcNIahKrBsXBEy1\/w498-h126\/SHOW%20DE%20HUMOR%20DE%20VINICIUS%20MARTINS.jpeg\" alt=\"\" style=\"width:840px;height:auto\"\/><\/a><\/figure>\n","protected":false},"excerpt":{"rendered":"<p>O cen\u00e1rio cultural tocantinense ganhou destaque no dia 10 de setembro de 2025 com o lan\u00e7amento do&nbsp;Anu\u00e1rio de Poetas e Escritores do Tocantins &#8211;&nbsp; 2024, uma publica\u00e7\u00e3o que re\u00fane vozes liter\u00e1rias de diferentes regi\u00f5es do estado e reafirma a for\u00e7a da produ\u00e7\u00e3o cultural local. Organizado pelo escritor e ativista cultural Eliosmar Veloso, o anu\u00e1rio nasce &hellip;<\/p>\n","protected":false},"author":5,"featured_media":11665,"comment_status":"open","ping_status":"open","sticky":false,"template":"","format":"standard","meta":{"footnotes":""},"categories":[38],"tags":[],"class_list":["post-11664","post","type-post","status-publish","format-standard","has-post-thumbnail","","category-gurupi"],"_links":{"self":[{"href":"https:\/\/focotocantinense.com.br\/index.php?rest_route=\/wp\/v2\/posts\/11664","targetHints":{"allow":["GET"]}}],"collection":[{"href":"https:\/\/focotocantinense.com.br\/index.php?rest_route=\/wp\/v2\/posts"}],"about":[{"href":"https:\/\/focotocantinense.com.br\/index.php?rest_route=\/wp\/v2\/types\/post"}],"author":[{"embeddable":true,"href":"https:\/\/focotocantinense.com.br\/index.php?rest_route=\/wp\/v2\/users\/5"}],"replies":[{"embeddable":true,"href":"https:\/\/focotocantinense.com.br\/index.php?rest_route=%2Fwp%2Fv2%2Fcomments&post=11664"}],"version-history":[{"count":1,"href":"https:\/\/focotocantinense.com.br\/index.php?rest_route=\/wp\/v2\/posts\/11664\/revisions"}],"predecessor-version":[{"id":11666,"href":"https:\/\/focotocantinense.com.br\/index.php?rest_route=\/wp\/v2\/posts\/11664\/revisions\/11666"}],"wp:featuredmedia":[{"embeddable":true,"href":"https:\/\/focotocantinense.com.br\/index.php?rest_route=\/wp\/v2\/media\/11665"}],"wp:attachment":[{"href":"https:\/\/focotocantinense.com.br\/index.php?rest_route=%2Fwp%2Fv2%2Fmedia&parent=11664"}],"wp:term":[{"taxonomy":"category","embeddable":true,"href":"https:\/\/focotocantinense.com.br\/index.php?rest_route=%2Fwp%2Fv2%2Fcategories&post=11664"},{"taxonomy":"post_tag","embeddable":true,"href":"https:\/\/focotocantinense.com.br\/index.php?rest_route=%2Fwp%2Fv2%2Ftags&post=11664"}],"curies":[{"name":"wp","href":"https:\/\/api.w.org\/{rel}","templated":true}]}}