{"id":11658,"date":"2025-12-29T12:13:01","date_gmt":"2025-12-29T15:13:01","guid":{"rendered":"https:\/\/focotocantinense.com.br\/?p=11658"},"modified":"2025-12-29T12:13:46","modified_gmt":"2025-12-29T15:13:46","slug":"escola-do-legislativo-amplia-acesso-a-educacao-politica-e-a-qualificacao-profissional-em-2025","status":"publish","type":"post","link":"https:\/\/focotocantinense.com.br\/?p=11658","title":{"rendered":"Escola do Legislativo amplia acesso \u00e0 educa\u00e7\u00e3o pol\u00edtica e \u00e0 qualifica\u00e7\u00e3o profissional em 2025"},"content":{"rendered":"\n<p>Ao longo de 2025, a Escola do Legislativo da Assembleia Legislativa do Tocantins (Aleto) consolidou-se como um importante instrumento de educa\u00e7\u00e3o cidad\u00e3, forma\u00e7\u00e3o pol\u00edtica e qualifica\u00e7\u00e3o profissional. A institui\u00e7\u00e3o alcan\u00e7ou milhares de tocantinenses por meio de cursos presenciais, a\u00e7\u00f5es itinerantes e ensino a dist\u00e2ncia em diversas regi\u00f5es do Estado.<\/p>\n\n\n\n<p>Entre os destaques do ano est\u00e1 o projeto Visita Guiada, voltado ao letramento pol\u00edtico e \u00e0 aproxima\u00e7\u00e3o da juventude com o Poder Legislativo. Somente em 2025, cerca de 1.500 estudantes de institui\u00e7\u00f5es de ensino p\u00fablicas e privadas participaram da iniciativa, conhecendo de perto o funcionamento da Assembleia Legislativa e o papel do Parlamento na democracia.<\/p>\n\n\n\n<p>Para o presidente da Aleto, deputado Am\u00e9lio Cayres, os resultados refletem o compromisso do Parlamento com a educa\u00e7\u00e3o e a cidadania. \u201cA Escola do Legislativo leva conhecimento, qualifica\u00e7\u00e3o e oportunidades para pessoas de todas as regi\u00f5es do Estado. Por isso, seguimos apoiando e ampliando suas a\u00e7\u00f5es com muito orgulho, certos de que a educa\u00e7\u00e3o \u00e9 um dos principais pilares para o desenvolvimento do Tocantins\u201d, afirmou.<\/p>\n\n\n\n<p><strong>Ensino a Dist\u00e2ncia<\/strong><\/p>\n\n\n\n<p>A atua\u00e7\u00e3o da Escola foi ampliada de forma expressiva por meio da tecnologia. Na modalidade de ensino a dist\u00e2ncia (EAD), foram atendidas 7.456 pessoas, distribu\u00eddas em 31 cursos online gratuitos, alcan\u00e7ando dezenas de munic\u00edpios tocantinenses e democratizando o acesso ao conhecimento.<\/p>\n\n\n\n<p>Ainda neste m\u00eas de dezembro, a institui\u00e7\u00e3o abriu inscri\u00e7\u00f5es para o curso \u201cTrabalho Inteligente: IA e o Novo Mundo de Oportunidades\u201d, voltado ao uso pr\u00e1tico e \u00e9tico da Intelig\u00eancia Artificial. A capacita\u00e7\u00e3o oferece 1.000 vagas para servidores e estudantes de todo o Estado. As inscri\u00e7\u00f5es podem ser realizadas pelo endere\u00e7o:&nbsp;<a href=\"https:\/\/aleto.iphac.org.br\/\" target=\"_blank\" rel=\"noreferrer noopener\">https:\/\/aleto.iphac.org.br\/<\/a>.<\/p>\n\n\n\n<figure class=\"wp-block-image size-large\"><img loading=\"lazy\" decoding=\"async\" width=\"1024\" height=\"640\" src=\"https:\/\/focotocantinense.com.br\/wp-content\/uploads\/2025\/12\/e1b8ef2534845ca77a34b3114670e67a-1024x640.jpg\" alt=\"\" class=\"wp-image-11659\" srcset=\"https:\/\/focotocantinense.com.br\/wp-content\/uploads\/2025\/12\/e1b8ef2534845ca77a34b3114670e67a-1024x640.jpg 1024w, https:\/\/focotocantinense.com.br\/wp-content\/uploads\/2025\/12\/e1b8ef2534845ca77a34b3114670e67a-300x187.jpg 300w, https:\/\/focotocantinense.com.br\/wp-content\/uploads\/2025\/12\/e1b8ef2534845ca77a34b3114670e67a-768x480.jpg 768w, https:\/\/focotocantinense.com.br\/wp-content\/uploads\/2025\/12\/e1b8ef2534845ca77a34b3114670e67a.jpg 1076w\" sizes=\"auto, (max-width: 1024px) 100vw, 1024px\" \/><\/figure>\n\n\n\n<p><\/p>\n\n\n\n<p><strong>Cursos Presenciais nos Munic\u00edpios<\/strong><\/p>\n\n\n\n<p>A Escola do Legislativo tamb\u00e9m se destacou pela oferta de cursos presenciais, beneficiando mais de 770 estudantes em parcerias diretas com os munic\u00edpios.<\/p>\n\n\n\n<p>Em Para\u00edso do Tocantins, por exemplo, 150 alunos participaram do Preparat\u00f3rio para Concurso P\u00fablico. J\u00e1 em Araguatins, no Bico do Papagaio, foram atendidos 150 estudantes em cursos preparat\u00f3rios, al\u00e9m de 60 alunos no Pr\u00e9-Vestibular\/Enem e 25 no curso de Inform\u00e1tica.<\/p>\n\n\n\n<p>No munic\u00edpio de Augustin\u00f3polis, os n\u00fameros tamb\u00e9m foram significativos: 50 inscritos no Preparat\u00f3rio para Concurso, 85 no Pr\u00e9-Vestibular\/Enem e 20 no curso de Intelig\u00eancia Emocional. Em Nazar\u00e9, 60 alunos participaram do curso de Assistente Administrativo.<\/p>\n\n\n\n<p>Somente nos cursos presenciais de Ingl\u00eas, mais de 100 estudantes foram atendidos em Palmas e Augustin\u00f3polis. Al\u00e9m disso, a 1\u00aa edi\u00e7\u00e3o do projeto&nbsp;<em>It\u2019s English Time<\/em>&nbsp;despertou novos talentos e resultou na entrega de mais de 50 certificados.<\/p>\n\n\n\n<p>\u201cOs cursos presenciais t\u00eam um papel fundamental na miss\u00e3o da Escola do Legislativo, porque nos permitem estar pr\u00f3ximos das pessoas, entender as realidades locais e levar qualifica\u00e7\u00e3o aos munic\u00edpios. Esses resultados refor\u00e7am nosso compromisso de fazer com que a Escola seja, de fato, um instrumento de transforma\u00e7\u00e3o social em todo o Tocantins\u201d, destacou o diretor da Escola do Legislativo, J\u00falio Oliveira.<\/p>\n\n\n\n<p><strong>Projetos e desenvolvimento local<\/strong><\/p>\n\n\n\n<p>Al\u00e9m da oferta de cursos, a Escola desenvolveu projetos estruturantes ao longo do ano. A Caravana do Legislativo, realizada em Dian\u00f3polis e S\u00e3o F\u00e9lix, levou capacita\u00e7\u00e3o a vereadores e contribuiu para o fortalecimento da atua\u00e7\u00e3o parlamentar local.<\/p>\n\n\n\n<p>Por meio do projeto \u201cTransforma Cidade TO\u201d, desenvolvido em parceria com o Sebrae, a Escola tem atuado na qualifica\u00e7\u00e3o de lideran\u00e7as p\u00fablicas, impulsionando o desenvolvimento econ\u00f4mico dos munic\u00edpios.<\/p>\n\n\n\n<p>A institui\u00e7\u00e3o tamb\u00e9m foi respons\u00e1vel pelo Curso de Integra\u00e7\u00e3o e Qualifica\u00e7\u00e3o dos novos servidores concursados da Aleto, capacitando cerca de 50 profissionais. A forma\u00e7\u00e3o abordou a estrutura da Casa, o processo legislativo, direitos e deveres, fortalecendo o sentimento de pertencimento institucional.<\/p>\n\n\n\n<p>Com n\u00fameros expressivos e a\u00e7\u00f5es diversificadas, a Escola do Legislativo encerra 2025 reafirmando seu compromisso com a forma\u00e7\u00e3o cidad\u00e3, a inova\u00e7\u00e3o educacional e o fortalecimento da democracia no Tocantins.<\/p>\n\n\n\n<p><\/p>\n\n\n\n<figure class=\"wp-block-image size-full is-resized\"><img loading=\"lazy\" decoding=\"async\" width=\"727\" height=\"184\" src=\"https:\/\/focotocantinense.com.br\/wp-content\/uploads\/2025\/12\/SHOW-DE-HUMOR-DE-VINICIUS-MARTINS-7.jpeg\" alt=\"\" class=\"wp-image-11660\" style=\"width:840px;height:auto\" srcset=\"https:\/\/focotocantinense.com.br\/wp-content\/uploads\/2025\/12\/SHOW-DE-HUMOR-DE-VINICIUS-MARTINS-7.jpeg 727w, https:\/\/focotocantinense.com.br\/wp-content\/uploads\/2025\/12\/SHOW-DE-HUMOR-DE-VINICIUS-MARTINS-7-300x76.jpeg 300w\" sizes=\"auto, (max-width: 727px) 100vw, 727px\" \/><\/figure>\n","protected":false},"excerpt":{"rendered":"<p>Ao longo de 2025, a Escola do Legislativo da Assembleia Legislativa do Tocantins (Aleto) consolidou-se como um importante instrumento de educa\u00e7\u00e3o cidad\u00e3, forma\u00e7\u00e3o pol\u00edtica e qualifica\u00e7\u00e3o profissional. A institui\u00e7\u00e3o alcan\u00e7ou milhares de tocantinenses por meio de cursos presenciais, a\u00e7\u00f5es itinerantes e ensino a dist\u00e2ncia em diversas regi\u00f5es do Estado. Entre os destaques do ano est\u00e1 &hellip;<\/p>\n","protected":false},"author":5,"featured_media":11659,"comment_status":"open","ping_status":"open","sticky":false,"template":"","format":"standard","meta":{"footnotes":""},"categories":[1],"tags":[],"class_list":["post-11658","post","type-post","status-publish","format-standard","has-post-thumbnail","","category-sem-categoria"],"_links":{"self":[{"href":"https:\/\/focotocantinense.com.br\/index.php?rest_route=\/wp\/v2\/posts\/11658","targetHints":{"allow":["GET"]}}],"collection":[{"href":"https:\/\/focotocantinense.com.br\/index.php?rest_route=\/wp\/v2\/posts"}],"about":[{"href":"https:\/\/focotocantinense.com.br\/index.php?rest_route=\/wp\/v2\/types\/post"}],"author":[{"embeddable":true,"href":"https:\/\/focotocantinense.com.br\/index.php?rest_route=\/wp\/v2\/users\/5"}],"replies":[{"embeddable":true,"href":"https:\/\/focotocantinense.com.br\/index.php?rest_route=%2Fwp%2Fv2%2Fcomments&post=11658"}],"version-history":[{"count":2,"href":"https:\/\/focotocantinense.com.br\/index.php?rest_route=\/wp\/v2\/posts\/11658\/revisions"}],"predecessor-version":[{"id":11663,"href":"https:\/\/focotocantinense.com.br\/index.php?rest_route=\/wp\/v2\/posts\/11658\/revisions\/11663"}],"wp:featuredmedia":[{"embeddable":true,"href":"https:\/\/focotocantinense.com.br\/index.php?rest_route=\/wp\/v2\/media\/11659"}],"wp:attachment":[{"href":"https:\/\/focotocantinense.com.br\/index.php?rest_route=%2Fwp%2Fv2%2Fmedia&parent=11658"}],"wp:term":[{"taxonomy":"category","embeddable":true,"href":"https:\/\/focotocantinense.com.br\/index.php?rest_route=%2Fwp%2Fv2%2Fcategories&post=11658"},{"taxonomy":"post_tag","embeddable":true,"href":"https:\/\/focotocantinense.com.br\/index.php?rest_route=%2Fwp%2Fv2%2Ftags&post=11658"}],"curies":[{"name":"wp","href":"https:\/\/api.w.org\/{rel}","templated":true}]}}