{"id":11649,"date":"2025-12-23T19:37:22","date_gmt":"2025-12-23T22:37:22","guid":{"rendered":"https:\/\/focotocantinense.com.br\/?p=11649"},"modified":"2025-12-23T19:40:12","modified_gmt":"2025-12-23T22:40:12","slug":"doacao-de-tres-mil-exemplares-de-livros-infantis-e-historias-encantadas-para-criancas-nortistas","status":"publish","type":"post","link":"https:\/\/focotocantinense.com.br\/?p=11649","title":{"rendered":"Doa\u00e7\u00e3o de tr\u00eas mil exemplares de livros infantis e hist\u00f3rias encantadas para crian\u00e7as nortistas"},"content":{"rendered":"\n<p>O projeto Livros e Hist\u00f3rias na Pra\u00e7a realizou uma s\u00e9rie de a\u00e7\u00f5es culturais gratuitas em munic\u00edpios da Regi\u00e3o Norte, com foco na forma\u00e7\u00e3o de leitores e na valoriza\u00e7\u00e3o da cultura popular. A iniciativa foi selecionada pelo Edital Rouanet Norte e percorreu 10 munic\u00edpios, promovendo atividades em espa\u00e7os p\u00fablicos e ampliando o acesso ao livro e \u00e0 leitura para crian\u00e7as e fam\u00edlias.<\/p>\n\n\n\n<figure class=\"wp-block-image is-resized\"><a href=\"https:\/\/blogger.googleusercontent.com\/img\/b\/R29vZ2xl\/AVvXsEhv8aL_76_IXZT8gKRGrL-STCsu1smLckHQNvzt8xRMN7DKwuvZDV6id6swa1oyspkgCCcMeHJ0yBso-s5_CtD35wzYguTvL0ya5mmGovOTuzp0p2xT7rsSKdjzDHtx2OJyIsZCYrZsRZddcuxVvDogNCqwD-ujnMz9IN1bkWtZmV9PpextcXgshBDB5eQI\/s1280\/2%20Doa%C3%A7%C3%A3o%20de%20tr%C3%AAs%20mil%20exemplares%20de%20livros%20infantis%20e%20%20hist%C3%B3rias%20encantadas%20para%20crian%C3%A7as%20nortistas.jpeg\"><img decoding=\"async\" src=\"https:\/\/blogger.googleusercontent.com\/img\/b\/R29vZ2xl\/AVvXsEhv8aL_76_IXZT8gKRGrL-STCsu1smLckHQNvzt8xRMN7DKwuvZDV6id6swa1oyspkgCCcMeHJ0yBso-s5_CtD35wzYguTvL0ya5mmGovOTuzp0p2xT7rsSKdjzDHtx2OJyIsZCYrZsRZddcuxVvDogNCqwD-ujnMz9IN1bkWtZmV9PpextcXgshBDB5eQI\/w448-h597\/2%20Doa%C3%A7%C3%A3o%20de%20tr%C3%AAs%20mil%20exemplares%20de%20livros%20infantis%20e%20%20hist%C3%B3rias%20encantadas%20para%20crian%C3%A7as%20nortistas.jpeg\" alt=\"\" style=\"width:391px;height:auto\"\/><\/a><\/figure>\n\n\n\n<p><\/p>\n\n\n\n<p>Ao todo, o projeto realizou 50 edi\u00e7\u00f5es em pra\u00e7as p\u00fablicas, oferecendo programa\u00e7\u00e3o voltada ao p\u00fablico infantil, com conta\u00e7\u00e3o de hist\u00f3rias, media\u00e7\u00e3o de leitura, brincadeiras tradicionais, cantigas de roda e atividades baseadas na tradi\u00e7\u00e3o oral. As a\u00e7\u00f5es transformaram pra\u00e7as em espa\u00e7os de conviv\u00eancia cultural e educativa.<\/p>\n\n\n\n<figure class=\"wp-block-image is-resized\"><a href=\"https:\/\/blogger.googleusercontent.com\/img\/b\/R29vZ2xl\/AVvXsEiQ2Te3nSkpH9CLLjDKR-QEw0H-eQAN6mI30sG-n0CSfvvTCR_a0gxkZYqb8zw-EHdCiYyoMOVjUs71ZvpXeMOrtp9KMjJpWuQh62BjjZwAQvjrBa4lzN0PJoOn3hzhpgJ0KupIADHd82uVMNVy8g7TI7NoC3GrXC_-4xHACfxOg5OCVCLdn-98OlJmr1hF\/s1280\/3%20%20Doa%C3%A7%C3%A3o%20de%20tr%C3%AAs%20mil%20exemplares%20de%20livros%20infantis%20e%20%20hist%C3%B3rias%20encantadas%20para%20crian%C3%A7as%20nortistas.jpeg\"><img decoding=\"async\" src=\"https:\/\/blogger.googleusercontent.com\/img\/b\/R29vZ2xl\/AVvXsEiQ2Te3nSkpH9CLLjDKR-QEw0H-eQAN6mI30sG-n0CSfvvTCR_a0gxkZYqb8zw-EHdCiYyoMOVjUs71ZvpXeMOrtp9KMjJpWuQh62BjjZwAQvjrBa4lzN0PJoOn3hzhpgJ0KupIADHd82uVMNVy8g7TI7NoC3GrXC_-4xHACfxOg5OCVCLdn-98OlJmr1hF\/w446-h594\/3%20%20Doa%C3%A7%C3%A3o%20de%20tr%C3%AAs%20mil%20exemplares%20de%20livros%20infantis%20e%20%20hist%C3%B3rias%20encantadas%20para%20crian%C3%A7as%20nortistas.jpeg\" alt=\"\" style=\"width:840px;height:auto\"\/><\/a><\/figure>\n\n\n\n<p><\/p>\n\n\n\n<p>Um dos principais resultados foi a doa\u00e7\u00e3o de 3 mil exemplares de livros de literatura infantil, distribu\u00eddos gratuitamente \u00e0s comunidades atendidas. A iniciativa contribuiu para o est\u00edmulo ao h\u00e1bito da leitura desde a inf\u00e2ncia e para o fortalecimento de a\u00e7\u00f5es educativas em escolas e institui\u00e7\u00f5es locais.<\/p>\n\n\n\n<figure class=\"wp-block-image size-large\"><img loading=\"lazy\" decoding=\"async\" width=\"768\" height=\"1024\" src=\"https:\/\/focotocantinense.com.br\/wp-content\/uploads\/2025\/12\/5-Doacao-de-tres-mil-exemplares-de-livros-infantis-e-historias-encantadas-para-criancas-nortistas-768x1024.jpeg\" alt=\"\" class=\"wp-image-11651\" srcset=\"https:\/\/focotocantinense.com.br\/wp-content\/uploads\/2025\/12\/5-Doacao-de-tres-mil-exemplares-de-livros-infantis-e-historias-encantadas-para-criancas-nortistas-768x1024.jpeg 768w, https:\/\/focotocantinense.com.br\/wp-content\/uploads\/2025\/12\/5-Doacao-de-tres-mil-exemplares-de-livros-infantis-e-historias-encantadas-para-criancas-nortistas-225x300.jpeg 225w, https:\/\/focotocantinense.com.br\/wp-content\/uploads\/2025\/12\/5-Doacao-de-tres-mil-exemplares-de-livros-infantis-e-historias-encantadas-para-criancas-nortistas.jpeg 960w\" sizes=\"auto, (max-width: 768px) 100vw, 768px\" \/><\/figure>\n\n\n\n<p><\/p>\n\n\n\n<p>No estado do Tocantins, as atividades presenciais ocorreram em pra\u00e7as da capital, Palmas. O projeto tamb\u00e9m alcan\u00e7ou munic\u00edpios do interior por meio da distribui\u00e7\u00e3o dos livros e da realiza\u00e7\u00e3o de oficinas formativas. Em Miracema, estudantes do curso de Pedagogia participaram da Oficina de Bonecas Contadoras de Hist\u00f3rias, confeccionadas com materiais recicl\u00e1veis. A atividade integrou a contrapartida ambiental do projeto e abordou temas como sustentabilidade e pr\u00e1ticas pedag\u00f3gicas criativas.<\/p>\n\n\n\n<figure class=\"wp-block-image size-large\"><img loading=\"lazy\" decoding=\"async\" width=\"1024\" height=\"831\" src=\"https:\/\/focotocantinense.com.br\/wp-content\/uploads\/2025\/12\/1-Doacao-de-tres-mil-exemplares-de-livros-infantis-e-historias-encantadas-para-criancas-nortistas-1024x831.jpeg\" alt=\"\" class=\"wp-image-11655\" srcset=\"https:\/\/focotocantinense.com.br\/wp-content\/uploads\/2025\/12\/1-Doacao-de-tres-mil-exemplares-de-livros-infantis-e-historias-encantadas-para-criancas-nortistas-1024x831.jpeg 1024w, https:\/\/focotocantinense.com.br\/wp-content\/uploads\/2025\/12\/1-Doacao-de-tres-mil-exemplares-de-livros-infantis-e-historias-encantadas-para-criancas-nortistas-300x244.jpeg 300w, https:\/\/focotocantinense.com.br\/wp-content\/uploads\/2025\/12\/1-Doacao-de-tres-mil-exemplares-de-livros-infantis-e-historias-encantadas-para-criancas-nortistas-768x623.jpeg 768w, https:\/\/focotocantinense.com.br\/wp-content\/uploads\/2025\/12\/1-Doacao-de-tres-mil-exemplares-de-livros-infantis-e-historias-encantadas-para-criancas-nortistas.jpeg 1280w\" sizes=\"auto, (max-width: 1024px) 100vw, 1024px\" \/><\/figure>\n\n\n\n<p><\/p>\n\n\n\n<p>O Livros e Hist\u00f3rias na Pra\u00e7a contou com patroc\u00ednio do Banco da Amaz\u00f4nia, Banco do Brasil, Correios e Caixa Econ\u00f4mica Federal, tendo o Banco do Brasil como patrocinador master. A proponente do projeto \u00e9 Victoria Santiago. A iniciativa refor\u00e7a a import\u00e2ncia das pol\u00edticas p\u00fablicas de incentivo \u00e0 cultura para a promo\u00e7\u00e3o da leitura, da educa\u00e7\u00e3o e do acesso democr\u00e1tico aos bens culturais.<\/p>\n\n\n\n<figure class=\"wp-block-image is-resized\"><a href=\"https:\/\/blogger.googleusercontent.com\/img\/b\/R29vZ2xl\/AVvXsEi23i79SDH6k1zcAdZ7boI6a3bvns-3z14ask8gjvGRn2ab2nvolwf9qcLFQOsWZFUYpgcVrtER6JgMh6a3kDXIX_YR428BT7WfnDH-Lz0_U7XXXbQMdlg203baFhIvr9vSYu2TQzxRvn-va3_TLmwqJzli0Yd4ZbA06GySui9bfC3KUwr1MZwq8crxUPJ2\/s1280\/6%20Doa%C3%A7%C3%A3o%20de%20tr%C3%AAs%20mil%20exemplares%20de%20livros%20infantis%20e%20%20hist%C3%B3rias%20encantadas%20para%20crian%C3%A7as%20nortistas.jpeg\"><img decoding=\"async\" src=\"https:\/\/blogger.googleusercontent.com\/img\/b\/R29vZ2xl\/AVvXsEi23i79SDH6k1zcAdZ7boI6a3bvns-3z14ask8gjvGRn2ab2nvolwf9qcLFQOsWZFUYpgcVrtER6JgMh6a3kDXIX_YR428BT7WfnDH-Lz0_U7XXXbQMdlg203baFhIvr9vSYu2TQzxRvn-va3_TLmwqJzli0Yd4ZbA06GySui9bfC3KUwr1MZwq8crxUPJ2\/w427-h569\/6%20Doa%C3%A7%C3%A3o%20de%20tr%C3%AAs%20mil%20exemplares%20de%20livros%20infantis%20e%20%20hist%C3%B3rias%20encantadas%20para%20crian%C3%A7as%20nortistas.jpeg\" alt=\"\" style=\"width:840px;height:auto\"\/><\/a><\/figure>\n\n\n\n<p><\/p>\n\n\n\n<p><strong>Ficha t\u00e9cnica:<\/strong><\/p>\n\n\n\n<p><strong>Projeto:<\/strong>&nbsp;Livros e Hist\u00f3rias na Pra\u00e7a<\/p>\n\n\n\n<p><strong>Incentivo:&nbsp;<\/strong>Edital Rouanet Norte<\/p>\n\n\n\n<p><strong>Patroc\u00ednio:<\/strong>&nbsp;Banco da Amaz\u00f4nia, Banco do Brasil, Correios e Caixa Econ\u00f4mica Federal<\/p>\n\n\n\n<p><strong>Patroc\u00ednio<\/strong>&nbsp;Master: Banco do Brasil<\/p>\n\n\n\n<p><strong>Proponente:<\/strong>&nbsp;Victoria Santiago<\/p>\n\n\n\n<figure class=\"wp-block-image is-resized\"><a href=\"https:\/\/blogger.googleusercontent.com\/img\/b\/R29vZ2xl\/AVvXsEjWH-xtNFtHvjxvxxUn6GDMvm-GZua70jnBkALp_Z6mn08LBQa_wjQUyCzZJXtxU62h1YA3qjOAXBXbhSIJCt_ODdZh5j-w7XWiNkQUDWBuke9vzN6F1PwfCmG2VweONIDytx9ObfH_NwrxPVk4TpztLv03SfMVyxqHiyT98_ZtYzREXHvQ3Yra3Pa6LRvK\/s1600\/7%20%20Doa%C3%A7%C3%A3o%20de%20tr%C3%AAs%20mil%20exemplares%20de%20livros%20infantis%20e%20%20hist%C3%B3rias%20encantadas%20para%20crian%C3%A7as%20nortistas.jpeg\"><img decoding=\"async\" src=\"https:\/\/blogger.googleusercontent.com\/img\/b\/R29vZ2xl\/AVvXsEjWH-xtNFtHvjxvxxUn6GDMvm-GZua70jnBkALp_Z6mn08LBQa_wjQUyCzZJXtxU62h1YA3qjOAXBXbhSIJCt_ODdZh5j-w7XWiNkQUDWBuke9vzN6F1PwfCmG2VweONIDytx9ObfH_NwrxPVk4TpztLv03SfMVyxqHiyT98_ZtYzREXHvQ3Yra3Pa6LRvK\/w430-h764\/7%20%20Doa%C3%A7%C3%A3o%20de%20tr%C3%AAs%20mil%20exemplares%20de%20livros%20infantis%20e%20%20hist%C3%B3rias%20encantadas%20para%20crian%C3%A7as%20nortistas.jpeg\" alt=\"\" style=\"width:781px;height:auto\"\/><\/a><\/figure>\n","protected":false},"excerpt":{"rendered":"<p>O projeto Livros e Hist\u00f3rias na Pra\u00e7a realizou uma s\u00e9rie de a\u00e7\u00f5es culturais gratuitas em munic\u00edpios da Regi\u00e3o Norte, com foco na forma\u00e7\u00e3o de leitores e na valoriza\u00e7\u00e3o da cultura popular. A iniciativa foi selecionada pelo Edital Rouanet Norte e percorreu 10 munic\u00edpios, promovendo atividades em espa\u00e7os p\u00fablicos e ampliando o acesso ao livro e &hellip;<\/p>\n","protected":false},"author":5,"featured_media":11650,"comment_status":"open","ping_status":"open","sticky":false,"template":"","format":"standard","meta":{"footnotes":""},"categories":[38],"tags":[],"class_list":["post-11649","post","type-post","status-publish","format-standard","has-post-thumbnail","","category-gurupi"],"_links":{"self":[{"href":"https:\/\/focotocantinense.com.br\/index.php?rest_route=\/wp\/v2\/posts\/11649","targetHints":{"allow":["GET"]}}],"collection":[{"href":"https:\/\/focotocantinense.com.br\/index.php?rest_route=\/wp\/v2\/posts"}],"about":[{"href":"https:\/\/focotocantinense.com.br\/index.php?rest_route=\/wp\/v2\/types\/post"}],"author":[{"embeddable":true,"href":"https:\/\/focotocantinense.com.br\/index.php?rest_route=\/wp\/v2\/users\/5"}],"replies":[{"embeddable":true,"href":"https:\/\/focotocantinense.com.br\/index.php?rest_route=%2Fwp%2Fv2%2Fcomments&post=11649"}],"version-history":[{"count":5,"href":"https:\/\/focotocantinense.com.br\/index.php?rest_route=\/wp\/v2\/posts\/11649\/revisions"}],"predecessor-version":[{"id":11657,"href":"https:\/\/focotocantinense.com.br\/index.php?rest_route=\/wp\/v2\/posts\/11649\/revisions\/11657"}],"wp:featuredmedia":[{"embeddable":true,"href":"https:\/\/focotocantinense.com.br\/index.php?rest_route=\/wp\/v2\/media\/11650"}],"wp:attachment":[{"href":"https:\/\/focotocantinense.com.br\/index.php?rest_route=%2Fwp%2Fv2%2Fmedia&parent=11649"}],"wp:term":[{"taxonomy":"category","embeddable":true,"href":"https:\/\/focotocantinense.com.br\/index.php?rest_route=%2Fwp%2Fv2%2Fcategories&post=11649"},{"taxonomy":"post_tag","embeddable":true,"href":"https:\/\/focotocantinense.com.br\/index.php?rest_route=%2Fwp%2Fv2%2Ftags&post=11649"}],"curies":[{"name":"wp","href":"https:\/\/api.w.org\/{rel}","templated":true}]}}