{"id":11643,"date":"2025-12-22T21:08:20","date_gmt":"2025-12-23T00:08:20","guid":{"rendered":"https:\/\/focotocantinense.com.br\/?p=11643"},"modified":"2025-12-22T21:10:22","modified_gmt":"2025-12-23T00:10:22","slug":"governador-wanderlei-barbosa-e-ministro-renan-filho-entregam-nova-ponte-jk-simbolo-de-integracao-entre-tocantins-e-maranhao","status":"publish","type":"post","link":"https:\/\/focotocantinense.com.br\/?p=11643","title":{"rendered":"Governador Wanderlei Barbosa e ministro Renan Filho entregam nova ponte JK, s\u00edmbolo de integra\u00e7\u00e3o entre Tocantins e Maranh\u00e3o"},"content":{"rendered":"\n<p>A popula\u00e7\u00e3o das Regi\u00f5es Norte e Nordeste do pa\u00eds passa a contar novamente com uma liga\u00e7\u00e3o essencial para a mobilidade e o transporte de pessoas e de cargas. Nesta segunda-feira, 22, os governadores do Tocantins, Wanderlei Barbosa, do Maranh\u00e3o, Carlos Brand\u00e3o, e o ministro dos Transportes, Renan Filho, inauguraram a nova ponte Juscelino Kubitschek de Oliveira, sobre o Rio Tocantins, que conecta os munic\u00edpios de Aguiarn\u00f3polis\/TO e Estreito\/MA pela rodovia BR-226. A entrega da obra foi simbolizada pelo descerramento da placa inaugural e pelo corte da fita, nas duas cabeceiras da estrutura, contando com a presen\u00e7a de autoridades federais, estaduais e municipais e da comunidade em geral.<\/p>\n\n\n\n<p>Durante a cerim\u00f4nia, Wanderlei Barbosa destacou que Tocantins e Maranh\u00e3o mant\u00eam uma rela\u00e7\u00e3o hist\u00f3rica de proximidade. \u201cO Tocantins \u00e9 habitado, em boa parte, por maranhenses; somos muito unidos. A queda da ponte separou os dois estados por um ano, &nbsp;mas hoje [segunda-feira, 22] estamos restabelecendo essa uni\u00e3o entre Aguiarn\u00f3polis e Estreito por meio da Ponte JK\u201d, pontuou. O chefe do Executivo tamb\u00e9m relembrou as a\u00e7\u00f5es do Governo do Tocantins na regi\u00e3o, enquanto a ponte era constru\u00edda. \u201cN\u00f3s disponibilizamos embarca\u00e7\u00f5es, trouxemos a Ag\u00eancia de Fomento e o pr\u00f3prio governo para dentro de Aguiarn\u00f3polis e de Palmeiras, para que pud\u00e9ssemos atender a popula\u00e7\u00e3o\u201d, acrescentou.<\/p>\n\n\n\n<p>O ministro dos Transportes, Renan Filho, ressaltou a import\u00e2ncia estrat\u00e9gica da ponte. \u201cImagine a import\u00e2ncia dessa interliga\u00e7\u00e3o. Essa ponte liga o Maranh\u00e3o ao Brasil inteiro e tamb\u00e9m \u00e0 Am\u00e9rica do Sul. As pessoas passam por aqui para seguir para a Argentina, o Uruguai, o Chile e para qualquer estado brasileiro. E, a partir de hoje [segunda-feira, 22], elas voltar\u00e3o a passar por este trecho\u201d, refor\u00e7ou.<\/p>\n\n\n\n<p>\u201cVivemos uma trag\u00e9dia quando a infraestrutura deixou de funcionar entre esses estados, as v\u00edtimas sofreram e as rodovias foram impactadas pelos desvios. Estivemos aqui desde o primeiro momento, assumimos um compromisso com os governos estaduais e, hoje [segunda-feira, 22], um ano depois, estamos entregando essa ponte de volta \u00e0 sociedade\u201d, refor\u00e7ou o diretor-geral do Departamento Nacional de Infraestrutura de Transportes (Dnit), Fabr\u00edcio Galv\u00e3o.<\/p>\n\n\n\n<p><strong>Integra\u00e7\u00e3o e desenvolvimento<\/strong><\/p>\n\n\n\n<p>A obra da Ponte JK, de responsabilidade do governo federal, foi executada pelo Dnit e contou com um investimento de R$ 171,97 milh\u00f5es.&nbsp;A estrutura possui 630 m de extens\u00e3o, 19 m de largura, um v\u00e3o livre de 154 m, duas faixas de rolamento de 3,6 m cada, dois acostamentos com 3 m de largura, barreiras de prote\u00e7\u00e3o do tipo<em>&nbsp;New Jersey<\/em>, dois passeios para pedestres e guarda-corpos em ambas as extremidades do tabuleiro, garantindo seguran\u00e7a e funcionalidade \u00e0 travessia.<\/p>\n\n\n\n<p>A conex\u00e3o \u00e9 reestabelecida ap\u00f3s um ano do desabamento da estrutura anterior, ocorrido em 22 de dezembro de 2024, e marca um recome\u00e7o para a comunidade local com a melhoria das atividades cotidianas de quem utiliza o trajeto, al\u00e9m de impulsionar a economia e o desenvolvimento de ambos os estados, que desempenham papel importante na produ\u00e7\u00e3o agr\u00edcola e industrial do pa\u00eds.<\/p>\n\n\n\n<p>O caminhoneiro Welismar Alves da Silva, morador de Estreito\/MA, elencou as dificuldades enfrentadas ap\u00f3s o desabamento da ponte. Antes do ocorrido, ele trafegava pela ponte transportando cargas cerca de tr\u00eas vezes por semana, mas passou a depender da travessia por balsa, o que tornava o deslocamento mais demorado. \u201cDepois que a ponte caiu, eu precisava usar a balsa e o transtorno era grande por causa da demora. Com a nova ponte, a situa\u00e7\u00e3o vai melhorar com certeza\u201d, afirmou.<\/p>\n\n\n\n<p>Moradora de Estreito h\u00e1 quatro anos e t\u00e9cnica de enfermagem que trabalha em Aguiarn\u00f3polis, Auricilene Lima Silva Dias precisou mudar de cidade ap\u00f3s o desabamento da ponte, j\u00e1 que realizava o deslocamento diariamente para cumprir sua jornada de trabalho. \u201cA queda da ponte impactou diretamente a nossa vida, assim como a de muitas outras fam\u00edlias. Para mim, em especial, a entrega dessa nova estrutura tem um significado muito grande. A popula\u00e7\u00e3o de Aguiarn\u00f3polis \u00e9 grata, assim como a de Estreito, porque essa estrutura \u00e9 fundamental\u201d, salientou.<\/p>\n\n\n\n<p>Presente na cerim\u00f4nia, o governador do Maranh\u00e3o, Carlos Brand\u00e3o, evidenciou a import\u00e2ncia do momento. \u201cHoje, 22 de dezembro de 2025, estamos aqui inaugurando esta ponte. Aproveito tamb\u00e9m para cumprimentar e parabenizar os oper\u00e1rios que constru\u00edram essa ponte em tempo recorde. Como foi dito aqui, temos agora mais de 100 anos pela frente com essa ponte em condi\u00e7\u00f5es de servir \u00e0 popula\u00e7\u00e3o\u201d, afirmou.<\/p>\n\n\n\n<p>O prefeito de Aguiarn\u00f3polis, Wanderly dos Santos Leite, manifestou solidariedade \u00e0s fam\u00edlias atingidas pelo acidente e agradeceu o apoio do Governo do Tocantins. \u201cNeste momento, queremos expressar a solidariedade do povo de Aguiarn\u00f3polis a todos os familiares das v\u00edtimas do acidente ocorrido com o colapso da ponte, em 22 de dezembro. Mais uma vez, agradecemos ao governador Wanderlei Barbosa pelo empenho e pelos investimentos destinados ao nosso munic\u00edpio, a\u00e7\u00f5es pelas quais as fam\u00edlias de Aguiarn\u00f3polis sempre ser\u00e3o gratas\u201d, expressou.<\/p>\n\n\n\n<p>O prefeito de Estreito, L\u00e9o Cunha, relembrou o significado simb\u00f3lico da entrega da obra para a popula\u00e7\u00e3o do munic\u00edpio e reconheceu o compromisso do governo federal. \u201cEm 22 de dezembro de 2024, vivemos um momento de profunda tristeza, mas agora celebramos a reconstru\u00e7\u00e3o\u201d, concluiu.<\/p>\n\n\n\n<p><strong>A\u00e7\u00f5es emergenciais adotadas pelo Governo do Tocantins<\/strong><\/p>\n\n\n\n<p>Desde as primeiras horas ap\u00f3s o desabamento da ponte, por determina\u00e7\u00e3o do governador Wanderlei Barbosa, foram adotadas medidas emergenciais e cont\u00ednuas para reduzir os impactos \u00e0 popula\u00e7\u00e3o da regi\u00e3o. Entre as a\u00e7\u00f5es iniciais, destaca-se a for\u00e7a-tarefa com atua\u00e7\u00e3o integrada do Corpo de Bombeiros Militar do Tocantins (CBMTO), da Pol\u00edcia Militar do Tocantins (PMTO) e da Pol\u00edcia Civil, que prestou apoio nas opera\u00e7\u00f5es de busca, resgate e identifica\u00e7\u00e3o das v\u00edtimas, al\u00e9m de garantir a ordem e a seguran\u00e7a local.<\/p>\n\n\n\n<p>Outra medida adotada foi a destina\u00e7\u00e3o de recursos para a travessia gratuita de passageiros por meio de voadeiras, atendendo tanto os moradores de Aguiarn\u00f3polis como de Estreito, de janeiro at\u00e9 dezembro deste ano. Na \u00e1rea social, a Secretaria de Estado do Trabalho e Desenvolvimento Social (Setas) antecipou o repasse de benef\u00edcios eventuais ao munic\u00edpio de Aguiarn\u00f3polis, com recursos do Fundo Estadual de Combate e Erradica\u00e7\u00e3o da Pobreza (Fecoep), para beneficiar fam\u00edlias em situa\u00e7\u00e3o de vulnerabilidade.<\/p>\n\n\n\n<p>A Ag\u00eancia de Transportes, Obras e Infraestrutura (Ageto) intensificou os servi\u00e7os de manuten\u00e7\u00e3o nas rodovias estaduais utilizadas como rotas alternativas, incluindo as rodovias TO-126, que liga Tocantin\u00f3polis a Aguiarn\u00f3polis; a TO-134, entre Darcin\u00f3polis e Axix\u00e1 do Tocantins; e a TO-201, conectando Axix\u00e1 ao distrito de Bela Vista, em S\u00e3o Miguel do Tocantins.<\/p>\n\n\n\n<figure class=\"wp-block-image size-full\"><img loading=\"lazy\" decoding=\"async\" width=\"883\" height=\"546\" src=\"https:\/\/focotocantinense.com.br\/wp-content\/uploads\/2025\/12\/aaaaaaaaaaaaaaaaa-1.jpeg\" alt=\"\" class=\"wp-image-11644\" srcset=\"https:\/\/focotocantinense.com.br\/wp-content\/uploads\/2025\/12\/aaaaaaaaaaaaaaaaa-1.jpeg 883w, https:\/\/focotocantinense.com.br\/wp-content\/uploads\/2025\/12\/aaaaaaaaaaaaaaaaa-1-300x186.jpeg 300w, https:\/\/focotocantinense.com.br\/wp-content\/uploads\/2025\/12\/aaaaaaaaaaaaaaaaa-1-768x475.jpeg 768w\" sizes=\"auto, (max-width: 883px) 100vw, 883px\" \/><\/figure>\n\n\n\n<p><\/p>\n\n\n\n<p>Al\u00e9m disso, servi\u00e7os p\u00fablicos estaduais e federais foram disponibilizados \u00e0 popula\u00e7\u00e3o durante a&nbsp;<em>Feira da Colheita<\/em>, realizada pelo Instituto de Desenvolvimento Rural do Tocantins (Ruraltins), com o apoio do governo federal e da prefeitura de Aguiarn\u00f3polis. Por meio da Ag\u00eancia de Fomento do Estado, tamb\u00e9m foi liberada uma linha de cr\u00e9dito emergencial de R$ 6 milh\u00f5es para comerciantes de Aguiarn\u00f3polis e Palmeiras do Tocantins.<\/p>\n\n\n\n<p>Na \u00e1rea da sa\u00fade, quase R$ 1 milh\u00e3o foi destinado para servi\u00e7os &nbsp;em Aguiarn\u00f3polis, Filad\u00e9lfia, Palmeiras do Tocantins e Tocantin\u00f3polis, munic\u00edpios afetados pela queda da ponte. Ainda foram entregues medicamentos e insumos para a rede hospitalar nessas cidades, entre outras a\u00e7\u00f5es priorit\u00e1rias.<\/p>\n\n\n\n<figure class=\"wp-block-image\"><img decoding=\"async\" src=\"https:\/\/central.to.gov.br\/image\/458838?w=670&amp;h=414\" alt=\"\"\/><\/figure>\n\n\n\n<p>Governador Wanderlei Barbosa destacou que Tocantins e Maranh\u00e3o mant\u00eam uma rela\u00e7\u00e3o hist\u00f3rica de proximidade \u2013 Marcio Vieira\/Governo do Tocantins&nbsp;<\/p>\n\n\n\n<figure class=\"wp-block-image\"><img decoding=\"async\" src=\"https:\/\/central.to.gov.br\/image\/458839?w=670&amp;h=414\" alt=\"\"\/><\/figure>\n\n\n\n<p>Ministro dos Transportes, Renan Filho, ressaltou a import\u00e2ncia estrat\u00e9gica da ponte para a regi\u00e3o \u2013 Marcio Vieira\/Governo do Tocantins&nbsp;<\/p>\n\n\n\n<figure class=\"wp-block-image\"><img decoding=\"async\" src=\"https:\/\/central.to.gov.br\/image\/458840?w=670&amp;h=414\" alt=\"\"\/><\/figure>\n\n\n\n<p>Diretor-geral do Dnit, Fabr\u00edcio Galv\u00e3o, enfatizou a reconex\u00e3o entre os estados com a entrega da ponte \u2013 Marcio Vieira\/Governo do Tocantins&nbsp;<\/p>\n\n\n\n<figure class=\"wp-block-image\"><img decoding=\"async\" src=\"https:\/\/central.to.gov.br\/image\/458841?w=670&amp;h=414\" alt=\"\"\/><\/figure>\n\n\n\n<p>Caminhoneiro Welismar Alves da Silva morador de Estreito, no Maranh\u00e3o, revelou as dificuldades ap\u00f3s colapso da antiga estrutura \u2013 Marcio Vieira\/Governo do Tocantins<\/p>\n\n\n\n<figure class=\"wp-block-image\"><img decoding=\"async\" src=\"https:\/\/central.to.gov.br\/image\/458842?w=670&amp;h=414\" alt=\"\"\/><\/figure>\n\n\n\n<p>Moradora de Estreito h\u00e1 quatro anos e t\u00e9cnica de enfermagem que trabalha em Aguiarn\u00f3polis, Auricilene Lima Silva Dias, teve que mudar de cidade \u2013 Marcio Vieira\/Governo do Tocantins&nbsp;<\/p>\n\n\n\n<figure class=\"wp-block-image\"><img decoding=\"async\" src=\"https:\/\/central.to.gov.br\/image\/458843?w=670&amp;h=414\" alt=\"\"\/><\/figure>\n\n\n\n<p>Governador do Maranh\u00e3o, Carlos Brand\u00e3o, celebrou a import\u00e2ncia do momento \u2013 Marcio Vieira\/Governo do Tocantins&nbsp;<\/p>\n\n\n\n<figure class=\"wp-block-image\"><img decoding=\"async\" src=\"https:\/\/central.to.gov.br\/image\/458844?w=670&amp;h=414\" alt=\"\"\/><\/figure>\n\n\n\n<p>Prefeito de Aguiarn\u00f3polis, Wanderly dos Santos Leite, manifestou solidariedade \u00e0s fam\u00edlias atingidas \u2013 Marcio Vieira\/Governo do Tocantins&nbsp;<\/p>\n\n\n\n<figure class=\"wp-block-image\"><img decoding=\"async\" src=\"https:\/\/central.to.gov.br\/image\/458845?w=670&amp;h=414\" alt=\"\"\/><\/figure>\n\n\n\n<p>Prefeito de Estreito, L\u00e9o Cunha, relembrou o significado simb\u00f3lico da entrega da obra para a popula\u00e7\u00e3o do munic\u00edpio \u2013 Marcio Vieira\/Governo do Tocantins&nbsp;<\/p>\n\n\n\n<figure class=\"wp-block-image\"><img decoding=\"async\" src=\"https:\/\/central.to.gov.br\/image\/458847?w=670&amp;h=414\" alt=\"\"\/><\/figure>\n\n\n\n<p>Obra da Ponte JK, de responsabilidade do governo federal, foi executada pelo Dnit e contou com um investimento de R$ 171,97 milh\u00f5es \u2013 Lucas Gomes\/Governo do Tocantins&nbsp;<\/p>\n\n\n\n<figure class=\"wp-block-image\"><img decoding=\"async\" src=\"https:\/\/central.to.gov.br\/image\/458846?w=670&amp;h=414\" alt=\"\"\/><\/figure>\n\n\n\n<p>Nova ponte Juscelino Kubitschek de Oliveira, sobre o Rio Tocantins, reconecta os munic\u00edpios de Aguiarn\u00f3polis\/TO e Estreito\/MA, pela rodovia BR-226 \u2013 Marcio Vieira\/Governo do Tocantins<\/p>\n\n\n\n<p><\/p>\n\n\n\n<figure class=\"wp-block-image size-full is-resized\"><img loading=\"lazy\" decoding=\"async\" width=\"727\" height=\"184\" src=\"https:\/\/focotocantinense.com.br\/wp-content\/uploads\/2025\/12\/SHOW-DE-HUMOR-DE-VINICIUS-MARTINS-6.jpeg\" alt=\"\" class=\"wp-image-11646\" style=\"width:840px;height:auto\" srcset=\"https:\/\/focotocantinense.com.br\/wp-content\/uploads\/2025\/12\/SHOW-DE-HUMOR-DE-VINICIUS-MARTINS-6.jpeg 727w, https:\/\/focotocantinense.com.br\/wp-content\/uploads\/2025\/12\/SHOW-DE-HUMOR-DE-VINICIUS-MARTINS-6-300x76.jpeg 300w\" sizes=\"auto, (max-width: 727px) 100vw, 727px\" \/><\/figure>\n","protected":false},"excerpt":{"rendered":"<p>A popula\u00e7\u00e3o das Regi\u00f5es Norte e Nordeste do pa\u00eds passa a contar novamente com uma liga\u00e7\u00e3o essencial para a mobilidade e o transporte de pessoas e de cargas. Nesta segunda-feira, 22, os governadores do Tocantins, Wanderlei Barbosa, do Maranh\u00e3o, Carlos Brand\u00e3o, e o ministro dos Transportes, Renan Filho, inauguraram a nova ponte Juscelino Kubitschek de &hellip;<\/p>\n","protected":false},"author":5,"featured_media":11644,"comment_status":"open","ping_status":"open","sticky":false,"template":"","format":"standard","meta":{"footnotes":""},"categories":[1],"tags":[],"class_list":["post-11643","post","type-post","status-publish","format-standard","has-post-thumbnail","","category-sem-categoria"],"_links":{"self":[{"href":"https:\/\/focotocantinense.com.br\/index.php?rest_route=\/wp\/v2\/posts\/11643","targetHints":{"allow":["GET"]}}],"collection":[{"href":"https:\/\/focotocantinense.com.br\/index.php?rest_route=\/wp\/v2\/posts"}],"about":[{"href":"https:\/\/focotocantinense.com.br\/index.php?rest_route=\/wp\/v2\/types\/post"}],"author":[{"embeddable":true,"href":"https:\/\/focotocantinense.com.br\/index.php?rest_route=\/wp\/v2\/users\/5"}],"replies":[{"embeddable":true,"href":"https:\/\/focotocantinense.com.br\/index.php?rest_route=%2Fwp%2Fv2%2Fcomments&post=11643"}],"version-history":[{"count":2,"href":"https:\/\/focotocantinense.com.br\/index.php?rest_route=\/wp\/v2\/posts\/11643\/revisions"}],"predecessor-version":[{"id":11647,"href":"https:\/\/focotocantinense.com.br\/index.php?rest_route=\/wp\/v2\/posts\/11643\/revisions\/11647"}],"wp:featuredmedia":[{"embeddable":true,"href":"https:\/\/focotocantinense.com.br\/index.php?rest_route=\/wp\/v2\/media\/11644"}],"wp:attachment":[{"href":"https:\/\/focotocantinense.com.br\/index.php?rest_route=%2Fwp%2Fv2%2Fmedia&parent=11643"}],"wp:term":[{"taxonomy":"category","embeddable":true,"href":"https:\/\/focotocantinense.com.br\/index.php?rest_route=%2Fwp%2Fv2%2Fcategories&post=11643"},{"taxonomy":"post_tag","embeddable":true,"href":"https:\/\/focotocantinense.com.br\/index.php?rest_route=%2Fwp%2Fv2%2Ftags&post=11643"}],"curies":[{"name":"wp","href":"https:\/\/api.w.org\/{rel}","templated":true}]}}