{"id":1164,"date":"2021-04-22T16:33:37","date_gmt":"2021-04-22T19:33:37","guid":{"rendered":"https:\/\/focotocantinense.com.br\/?p=1164"},"modified":"2021-04-22T16:33:41","modified_gmt":"2021-04-22T19:33:41","slug":"jornalista-e-gestor-cultural-ronaldo-teixeira-tem-projeto-de-oficina-aprovado-no-promic-em-palmas","status":"publish","type":"post","link":"https:\/\/focotocantinense.com.br\/?p=1164","title":{"rendered":"Jornalista e gestor cultural Ronaldo Teixeira tem projeto de oficina aprovado no Promic em Palmas"},"content":{"rendered":"\n<p>Um circuito de oficinas de formata\u00e7\u00e3o de projetos culturais nos quatro cantos de Palmas, Capital do Tocantins. Essa \u00e9 a proposta do Projeto CIRCUITO OFICINEIRO \u2013 OFICINA DE FORMATA\u00c7\u00c3O DE PROJETOS CULTURAIS, de autoria do escritor, jornalista e gestor cultural Ronaldo Teixeira, um dos aprovados no Programa Municipal de Incentivo \u00e0 Cultura (Promic), edi\u00e7\u00e3o 2019, da Funda\u00e7\u00e3o Cultural de Palmas, \u00f3rg\u00e3o da Prefeitura Municipal de Palmas. Totalmente gratuito, sua realiza\u00e7\u00e3o, em face da pandemia, ser\u00e1 ainda nesse primeiro semestre desse ano, em locais e datas a serem confirmadas. Mais informa\u00e7\u00f5es pelo telefone (63) 9 9230-3182 ou pelo e-mail pretextooficina@gmail.com.<\/p>\n\n\n\n<p>O projeto CIRCUITO OFICINEIRO \u2013 OFICINA DE FORMATA\u00c7\u00c3O DE PROJETOS CULTURAIS prev\u00ea a capacita\u00e7\u00e3o de artistas e produtores culturais das mais variadas \u00e1reas, no sentido de conseguirem colocar no papel, ou seja, formatar seus projetos culturais, dentro das coordenadas adotadas pelo Edital Promic, da Prefeitura de Palmas (TO), do ProCultura, do Governo do Tocantins, e que segue o padr\u00e3o do Sistema Nacional de Cultura (SNC), al\u00e9m de servir para outros editais da iniciativa privada (Rumos Ita\u00fa Cultural, Vivo, Natura&#8230;). O p\u00fablico alvo ser\u00e1 formado por artistas das mais diversas \u00e1reas (escritores, poetas, pintores, escultores, dan\u00e7arinos, teatr\u00f3logos, artes\u00e3os e outros), bem como produtores culturais e agentes culturais do Munic\u00edpio.<\/p>\n\n\n\n<p>De acordo com Ronaldo Teixeira, a capacita\u00e7\u00e3o de artistas, agentes e produtores culturais se dar\u00e1 por meio de teoria e pr\u00e1tica. &#8220;Parte da oficina \u00e9 voltada para a teoria com a explana\u00e7\u00e3o acerca das peculiaridades de cada \u00e1rea espec\u00edfica dos editais (Literatura; M\u00fasica; Teatro; Dan\u00e7a; Artes Pl\u00e1sticas; e Artesanato, etc.). E tem como objetivo situar o oficinando no teor da proposta da oficina. A segunda parte da oficina ser\u00e1 pr\u00e1tica, ou seja, cada um dos participantes vai colocar a m\u00e3o na massa, explicando e vendendo bem o seu produto. Ao final, cada um dos participantes sair\u00e1 com o seu projeto formatado e salvo num pen-drive, restando apenas que o oficinando atualize ou adeque o seu projeto quando diante de um edital espec\u00edfico. Exemplo: planilha or\u00e7ament\u00e1ria, cronograma de execu\u00e7\u00e3o, etc.,&#8221; disse.<\/p>\n\n\n\n<p>Ainda de acordo com o oficineiro, ele ir\u00e1 prestar assessoria aos participantes mesmo ap\u00f3s o t\u00e9rmino da oficina, ajudando-os, via telefone\/whatsapp\/internet, a finalizarem seus projetos. &#8220;Quero poder ajudar realmente os nossos artistas que, geralmente, t\u00eam dificuldade de por no papel a sua ideia, o seu projeto. Ser\u00e1 para mim uma alegria enorme ver a participa\u00e7\u00e3o das pessoas interessadas. E maior ainda, daqui a alguns meses ou anos, ver v\u00e1rios projetos do Tocantins acontecendo estado afora&#8221;, destacou Ronaldo Teixeira.<\/p>\n\n\n\n<p>Ronaldo Teixeira<\/p>\n\n\n\n<p>Ronaldo Coelho Teixeira, poeta, escritor e jornalista cearense, radicado no Tocantins. Por quatro (04) vezes foi ganhador da Bolsa Maximiano da Matta Teixeira, do Governo do Tocantins (inclusive, o \u00faltimo edital ProCultura, de 2013, ainda n\u00e3o pago pelo Estado), formatando, ele mesmo, todos os projetos liter\u00e1rios de sua autoria, como Visuautoretrato, sobre a vida e obra do artista pl\u00e1stico Mauro Cunha (In Memorian), que ficou como suplente (https:\/\/central3.to.gov.br\/arquivo\/276254\/) e Agenda Tocantina 2015 (https:\/\/central3.to.gov.br\/arquivo\/276266\/); Formatou e emplacou outros projetos em outras \u00e1reas para diversos artistas, como de M\u00fasica, do cantor e compositor Doriv\u00e3 \u201cFolia Dourada\u201d \u2013 Grava\u00e7\u00e3o de CD de M\u00fasica (https:\/\/central3.to.gov.br\/arquivo\/276224\/) e tamb\u00e9m de Chiquinho Chokolate. Formatou o Projeto Meninos do S\u00e3o Jo\u00e3o, do cantor Doriv\u00e3, no edital Ita\u00fa\/Unicef 2015\/2016, que chegou a ser finalista em Goi\u00e2nia, Goi\u00e1s. (https:\/\/premioitauunicef.cenpec.org.br\/finalista-e-semi\/11a-edicao-2015-2016-semifinalistas\/); formatou o projeto &#8220;Feira de C\u00e1 &#8211; Keila Lipe Interpreta Sucessos Tocantinenses nas Feiras de Palmas&#8221;, tamb\u00e9m aprovado no Promic 2019; formatou o projeto &#8220;Chico Fran Entre Amigos&#8221;, do referido cantor e compositor, aprovado no edital de M\u00fasica da Lei Aldir Blanc no Tocantins; e tamb\u00e9m tem aprovado seu projeto &#8220;Antologia Tocantina 2021 Jos\u00e9 Gomes Sobrinho&#8221;, no edital de Literatura da Lei Aldir Blanc no Tocantins.<\/p>\n\n\n\n<p>Participou ativamente do movimento cultural em Gurupi e no Estado do Tocantins, desde \u00e0 \u00e9poca de Goi\u00e1s, atuando como conselheiro municipal de Cultura e presidente da Associa\u00e7\u00e3o de Artes de Gurupi (AAG). Atuou como coordenador de Arte e Cultura na Funda\u00e7\u00e3o Cultural de Gurupi e depois Secretaria Municipal de Cultura de Gurupi, entre 2005 e 2012, quando formatava e realizava projetos culturais dos mais diversos, como festivais de m\u00fasica, concursos de poesia, festejos juninos, f\u00f3runs municipais e intermunicipais de Cultura. Inclusive, emplacou um financiamento a fundo perdido de R$ 110 mil reais junto ao Governo<\/p>\n\n\n\n<p>Federal, para aquisi\u00e7\u00e3o de equipamentos e instrumentos musicais para a Funda\u00e7\u00e3o Cultural de Gurupi em 2010, por meio da plataforma Siconv.<\/p>\n\n\n\n<p>Promic<\/p>\n\n\n\n<p>O Programa Municipal de Incentivo \u00e0 Cultura (Promic), fomenta, por meio de edital, projetos art\u00edsticos, culturais e de cidadania com recursos financeiros do Fundo Municipal de Apoio \u00e0 Cultura, da Prefeitura Municipal de Palmas, por meio da Funda\u00e7\u00e3o Cultural de Palmas. O Promic tem como objetivo fomentar, incentivar, valorizar, estimular, fortalecer, capacitar e difundir bens e servi\u00e7os culturais em Palmas, patrocinando por meio de sele\u00e7\u00e3o p\u00fablica, projetos que buscam realizar pesquisas, cria\u00e7\u00e3o, produ\u00e7\u00e3o e circula\u00e7\u00e3o de trabalhos culturais e art\u00edsticos.<\/p>\n\n\n\n<p>Servi\u00e7o<\/p>\n\n\n\n<p>O qu\u00ea: Projeto &#8220;CIRCUITO OFICINEIRO \u2013 OFICINA DE FORMATA\u00c7\u00c3O DE PROJETOS CULTURAIS&#8221;, de Ronaldo Teixeira, ser\u00e1 realizado em Palmas pelo Promic<\/p>\n\n\n\n<p>Como: realiza\u00e7\u00e3o de oficinas com acesso gratuito<\/p>\n\n\n\n<p>Onde: Setor central do Plano Diretor; Regi\u00e3o Sul (Aureny); Regi\u00e3o Norte (Arno); e em Taquaralto, Distrito de Palmas (TO) \u2014 (a definir)<\/p>\n\n\n\n<p>Quando: primeiro semestre de 2021 \u2014 (a definir)<\/p>\n\n\n\n<p>Informa\u00e7\u00f5es: (63) 9 9230-3182 \/ pretextooficina@gmail.com<\/p>\n\n\n\n<p>Imagem dispon\u00edvel para donwnload: https:\/\/url.gratis\/zb7RN<\/p>\n\n\n\n<p>Cr\u00e9dito da foto: Denes Vin\u00edcius<\/p>\n\n\n\n<p>Pretexto \u2014 oficina de comunica\u00e7\u00e3o e cultura \u00e9: Ronaldo Coelho Teixeira \u2014 jornalista e gestor cultural. ARNE 63, Rua 6, QI-8, Lote 24 \u2013 77006-626 &#8211; Palmas-TO. (63) 9 9230-3182 (zap). pretextooficina@gmail.com &#8211; Os textos podem ser reproduzidos para divulga\u00e7\u00e3o, desde que sejam citadas a fonte.<\/p>\n","protected":false},"excerpt":{"rendered":"<p>Um circuito de oficinas de formata\u00e7\u00e3o de projetos culturais nos quatro cantos de Palmas, Capital do Tocantins. Essa \u00e9 a proposta do Projeto CIRCUITO OFICINEIRO \u2013 OFICINA DE FORMATA\u00c7\u00c3O DE PROJETOS CULTURAIS, de autoria do escritor, jornalista e gestor cultural Ronaldo Teixeira, um dos aprovados no Programa Municipal de Incentivo \u00e0 Cultura (Promic), edi\u00e7\u00e3o 2019, &hellip;<\/p>\n","protected":false},"author":5,"featured_media":1165,"comment_status":"open","ping_status":"open","sticky":false,"template":"","format":"standard","meta":{"footnotes":""},"categories":[1],"tags":[],"class_list":["post-1164","post","type-post","status-publish","format-standard","has-post-thumbnail","","category-sem-categoria"],"_links":{"self":[{"href":"https:\/\/focotocantinense.com.br\/index.php?rest_route=\/wp\/v2\/posts\/1164","targetHints":{"allow":["GET"]}}],"collection":[{"href":"https:\/\/focotocantinense.com.br\/index.php?rest_route=\/wp\/v2\/posts"}],"about":[{"href":"https:\/\/focotocantinense.com.br\/index.php?rest_route=\/wp\/v2\/types\/post"}],"author":[{"embeddable":true,"href":"https:\/\/focotocantinense.com.br\/index.php?rest_route=\/wp\/v2\/users\/5"}],"replies":[{"embeddable":true,"href":"https:\/\/focotocantinense.com.br\/index.php?rest_route=%2Fwp%2Fv2%2Fcomments&post=1164"}],"version-history":[{"count":1,"href":"https:\/\/focotocantinense.com.br\/index.php?rest_route=\/wp\/v2\/posts\/1164\/revisions"}],"predecessor-version":[{"id":1166,"href":"https:\/\/focotocantinense.com.br\/index.php?rest_route=\/wp\/v2\/posts\/1164\/revisions\/1166"}],"wp:featuredmedia":[{"embeddable":true,"href":"https:\/\/focotocantinense.com.br\/index.php?rest_route=\/wp\/v2\/media\/1165"}],"wp:attachment":[{"href":"https:\/\/focotocantinense.com.br\/index.php?rest_route=%2Fwp%2Fv2%2Fmedia&parent=1164"}],"wp:term":[{"taxonomy":"category","embeddable":true,"href":"https:\/\/focotocantinense.com.br\/index.php?rest_route=%2Fwp%2Fv2%2Fcategories&post=1164"},{"taxonomy":"post_tag","embeddable":true,"href":"https:\/\/focotocantinense.com.br\/index.php?rest_route=%2Fwp%2Fv2%2Ftags&post=1164"}],"curies":[{"name":"wp","href":"https:\/\/api.w.org\/{rel}","templated":true}]}}