{"id":11637,"date":"2025-12-22T16:36:14","date_gmt":"2025-12-22T19:36:14","guid":{"rendered":"https:\/\/focotocantinense.com.br\/?p=11637"},"modified":"2025-12-22T16:40:14","modified_gmt":"2025-12-22T19:40:14","slug":"comite-de-cultura-no-tocantins-inicia-articulacao-para-foruns-regionais-e-estadual-em-2026","status":"publish","type":"post","link":"https:\/\/focotocantinense.com.br\/?p=11637","title":{"rendered":"Comit\u00ea de Cultura no Tocantins inicia articula\u00e7\u00e3o para f\u00f3runs regionais e estadual em 2026"},"content":{"rendered":"\n<p><strong>Por Rodrigo Martins<\/strong><\/p>\n\n\n\n<p>O&nbsp;<strong>Comit\u00ea de Cultura no Tocantins<\/strong>&nbsp;iniciou, neste m\u00eas de dezembro, uma s\u00e9rie de articula\u00e7\u00f5es e di\u00e1logos com parceiros para a realiza\u00e7\u00e3o de f\u00f3runs regionais e do f\u00f3rum estadual, previstos para acontecer de 14 a 18 de abril de 2026. A iniciativa marca o in\u00edcio de uma mobiliza\u00e7\u00e3o voltada ao debate amplo e participativo sobre a realidade da cultura no Tocantins.<\/p>\n\n\n\n<p>Para a realiza\u00e7\u00e3o dos f\u00f3runs, o Comit\u00ea est\u00e1 articulando a ades\u00e3o de diversos parceiros, como a Universidade Federal do Norte do Tocantins (UFNT) e a Funda\u00e7\u00e3o Cultural de Palmas. Outras institui\u00e7\u00f5es tamb\u00e9m est\u00e3o sendo convidadas para contribuir com a mobiliza\u00e7\u00e3o dos territ\u00f3rios e com a organiza\u00e7\u00e3o das atividades previstas. A proposta refor\u00e7a o car\u00e1ter colaborativo e descentralizado do processo.<\/p>\n\n\n\n<p>De acordo com o coordenador-geral do Comit\u00ea de Cultura no Tocantins, Kak\u00e1 Nogueira, os f\u00f3runs s\u00e3o fundamentais para garantir escuta qualificada e participa\u00e7\u00e3o social. \u201cQueremos construir um espa\u00e7o onde os territ\u00f3rios possam se reconhecer, apresentar suas demandas e contribuir diretamente para a formula\u00e7\u00e3o de propostas que fortale\u00e7am a pol\u00edtica cultural no Tocantins\u201d, afirma.<\/p>\n\n\n\n<p><strong>F\u00f3runs Regionais e Estadual<\/strong><\/p>\n\n\n\n<p>Est\u00e3o previstas a realiza\u00e7\u00e3o de f\u00f3runs regionais nos munic\u00edpios de Aragua\u00edna, Tocantin\u00f3polis, Gurupi e Porto Nacional, al\u00e9m do f\u00f3rum estadual, que acontecer\u00e1 em Palmas. Os encontros ir\u00e3o reunir gestores p\u00fablicos, conselheiros de cultura, agentes culturais e representantes da sociedade civil para debater desafios, perspectivas e caminhos para o desenvolvimento cultural nos territ\u00f3rios.<\/p>\n\n\n\n<p>Como resultado do processo, ser\u00e1 elaborada uma Carta de Diretrizes, constru\u00edda de forma participativa, a partir de tr\u00eas eixos estruturantes: Infraestrutura Cultural, Fomento Cultural e Pol\u00edtica e Gest\u00e3o Cultural. O documento ir\u00e1 sistematizar propostas e encaminhamentos a partir das discuss\u00f5es realizadas nos f\u00f3runs.<\/p>\n\n\n\n<p><\/p>\n\n\n\n<p>Para subsidiar essa constru\u00e7\u00e3o coletiva, o Comit\u00ea tamb\u00e9m promover\u00e1 encontros espec\u00edficos, como o Encontro dos Secret\u00e1rios Municipais e Estadual de Cultura, o Encontro dos Conselhos Municipais e Estadual de Cultura, o Encontro dos Secret\u00e1rios e Gestores Municipais e Estadual de Cultura e o Encontro dos Comit\u00eas de Cultura da Regi\u00e3o Norte, aberto \u00e0 participa\u00e7\u00e3o de representantes de outras regi\u00f5es do pa\u00eds.<\/p>\n\n\n\n<p>A iniciativa integra as a\u00e7\u00f5es do Comit\u00ea de Cultura no Tocantins, coordenado pela Federa\u00e7\u00e3o Tocantinense de Artes C\u00eanicas (FETAC), com a participa\u00e7\u00e3o da Associa\u00e7\u00e3o Gurupiense de Artes\u00e3os (AGA) e do Instituto Social e Cultural Araguaia (ISCA), e atua em colabora\u00e7\u00e3o com o Minist\u00e9rio da Cultura, por meio do Programa Nacional dos Comit\u00eas de Cultura (PNCC), fortalecendo a participa\u00e7\u00e3o social e a constru\u00e7\u00e3o coletiva das pol\u00edticas culturais no estado.<\/p>\n\n\n\n<figure class=\"wp-block-image size-full is-resized\"><img loading=\"lazy\" decoding=\"async\" width=\"727\" height=\"184\" src=\"https:\/\/focotocantinense.com.br\/wp-content\/uploads\/2025\/12\/SHOW-DE-HUMOR-DE-VINICIUS-MARTINS-5.jpeg\" alt=\"\" class=\"wp-image-11629\" style=\"width:808px;height:auto\" srcset=\"https:\/\/focotocantinense.com.br\/wp-content\/uploads\/2025\/12\/SHOW-DE-HUMOR-DE-VINICIUS-MARTINS-5.jpeg 727w, https:\/\/focotocantinense.com.br\/wp-content\/uploads\/2025\/12\/SHOW-DE-HUMOR-DE-VINICIUS-MARTINS-5-300x76.jpeg 300w\" sizes=\"auto, (max-width: 727px) 100vw, 727px\" \/><\/figure>\n","protected":false},"excerpt":{"rendered":"<p>Por Rodrigo Martins O&nbsp;Comit\u00ea de Cultura no Tocantins&nbsp;iniciou, neste m\u00eas de dezembro, uma s\u00e9rie de articula\u00e7\u00f5es e di\u00e1logos com parceiros para a realiza\u00e7\u00e3o de f\u00f3runs regionais e do f\u00f3rum estadual, previstos para acontecer de 14 a 18 de abril de 2026. A iniciativa marca o in\u00edcio de uma mobiliza\u00e7\u00e3o voltada ao debate amplo e participativo &hellip;<\/p>\n","protected":false},"author":5,"featured_media":11638,"comment_status":"open","ping_status":"open","sticky":false,"template":"","format":"standard","meta":{"footnotes":""},"categories":[79],"tags":[],"class_list":["post-11637","post","type-post","status-publish","format-standard","has-post-thumbnail","","category-guarai"],"_links":{"self":[{"href":"https:\/\/focotocantinense.com.br\/index.php?rest_route=\/wp\/v2\/posts\/11637","targetHints":{"allow":["GET"]}}],"collection":[{"href":"https:\/\/focotocantinense.com.br\/index.php?rest_route=\/wp\/v2\/posts"}],"about":[{"href":"https:\/\/focotocantinense.com.br\/index.php?rest_route=\/wp\/v2\/types\/post"}],"author":[{"embeddable":true,"href":"https:\/\/focotocantinense.com.br\/index.php?rest_route=\/wp\/v2\/users\/5"}],"replies":[{"embeddable":true,"href":"https:\/\/focotocantinense.com.br\/index.php?rest_route=%2Fwp%2Fv2%2Fcomments&post=11637"}],"version-history":[{"count":3,"href":"https:\/\/focotocantinense.com.br\/index.php?rest_route=\/wp\/v2\/posts\/11637\/revisions"}],"predecessor-version":[{"id":11641,"href":"https:\/\/focotocantinense.com.br\/index.php?rest_route=\/wp\/v2\/posts\/11637\/revisions\/11641"}],"wp:featuredmedia":[{"embeddable":true,"href":"https:\/\/focotocantinense.com.br\/index.php?rest_route=\/wp\/v2\/media\/11638"}],"wp:attachment":[{"href":"https:\/\/focotocantinense.com.br\/index.php?rest_route=%2Fwp%2Fv2%2Fmedia&parent=11637"}],"wp:term":[{"taxonomy":"category","embeddable":true,"href":"https:\/\/focotocantinense.com.br\/index.php?rest_route=%2Fwp%2Fv2%2Fcategories&post=11637"},{"taxonomy":"post_tag","embeddable":true,"href":"https:\/\/focotocantinense.com.br\/index.php?rest_route=%2Fwp%2Fv2%2Ftags&post=11637"}],"curies":[{"name":"wp","href":"https:\/\/api.w.org\/{rel}","templated":true}]}}