{"id":11617,"date":"2025-12-21T15:12:26","date_gmt":"2025-12-21T18:12:26","guid":{"rendered":"https:\/\/focotocantinense.com.br\/?p=11617"},"modified":"2025-12-21T15:42:28","modified_gmt":"2025-12-21T18:42:28","slug":"gurupi-recebeu-o-espetaculo-teatral-o-homem-e-a-mancha-com-kaka-nogueira","status":"publish","type":"post","link":"https:\/\/focotocantinense.com.br\/?p=11617","title":{"rendered":"Gurupi recebeu o espet\u00e1culo teatral &#8216;O Homem e a Mancha&#8217;, com Kak\u00e1 Nogueira"},"content":{"rendered":"\n<p><strong>Por Zacarias Martins<\/strong><\/p>\n\n\n\n<p>Com o apoio da regional sul\/sudeste do Comit\u00ea de Cultura no Tocantins, o&nbsp;&nbsp;<strong><em>Ponto de Cultura Cia Lambrequins,<\/em><\/strong>&nbsp;localizado na cidade de&nbsp; Gurupi, recebeu no s\u00e1bado (21), o espet\u00e1culo teatral&nbsp; &#8216;<strong><em>O Homem e a Mancha&#8217;<\/em><\/strong>&nbsp;, mon\u00f3logo&nbsp; apresentado pelo atore produtor cultural tocantinense&nbsp; Kak\u00e1 Nogueira.&nbsp;<\/p>\n\n\n\n<p><strong>Incentivos da LPG<\/strong><\/p>\n\n\n\n<p>A atividade foi contemplada com recursos da Lei Paulo Gustavo (LPG), por meio do Minist\u00e9rio da Cultura e da Secretaria da Cultura do Estado do Tocantins, fortalecendo a circula\u00e7\u00e3o das artes c\u00eanicas e o acesso gratuito \u00e0 cultura em Gurupi e regi\u00e3o.<\/p>\n\n\n\n<figure class=\"wp-block-image size-large is-resized\"><img loading=\"lazy\" decoding=\"async\" width=\"1024\" height=\"683\" src=\"https:\/\/focotocantinense.com.br\/wp-content\/uploads\/2025\/12\/3-Kaka-Nogueira-estreia-espetaculo-teatral-em-Gurupi-Foto-Divulgacao-1024x683.jpeg\" alt=\"\" class=\"wp-image-11619\" style=\"aspect-ratio:1.4992888417882142;width:375px;height:auto\" srcset=\"https:\/\/focotocantinense.com.br\/wp-content\/uploads\/2025\/12\/3-Kaka-Nogueira-estreia-espetaculo-teatral-em-Gurupi-Foto-Divulgacao-1024x683.jpeg 1024w, https:\/\/focotocantinense.com.br\/wp-content\/uploads\/2025\/12\/3-Kaka-Nogueira-estreia-espetaculo-teatral-em-Gurupi-Foto-Divulgacao-300x200.jpeg 300w, https:\/\/focotocantinense.com.br\/wp-content\/uploads\/2025\/12\/3-Kaka-Nogueira-estreia-espetaculo-teatral-em-Gurupi-Foto-Divulgacao-768x512.jpeg 768w, https:\/\/focotocantinense.com.br\/wp-content\/uploads\/2025\/12\/3-Kaka-Nogueira-estreia-espetaculo-teatral-em-Gurupi-Foto-Divulgacao.jpeg 1080w\" sizes=\"auto, (max-width: 1024px) 100vw, 1024px\" \/><\/figure>\n\n\n\n<p><\/p>\n\n\n\n<p><strong>O enredo<\/strong><\/p>\n\n\n\n<p>Trata-se de uma releitura do cl\u00e1ssico livro&#8217;<strong><em>Dom Quixote de La Mancha<\/em><\/strong>&#8216;, de Miguel de Cervantes, retratando a hist\u00f3ria de Miguel, um homem rec\u00e9m-aposentado que se fecha em seu apartamento, onde ele acredita ter tudo que precisa para viver os seus merecidos dias de descanso. Miguel vive um amor plat\u00f4nico, \u00e9 subitamente tomado por sonhos e fantasias.&nbsp;<\/p>\n\n\n\n<figure class=\"wp-block-image size-large\"><img loading=\"lazy\" decoding=\"async\" width=\"1024\" height=\"576\" src=\"https:\/\/focotocantinense.com.br\/wp-content\/uploads\/2025\/12\/1-Kaka-Nogueira-estreia-espetaculo-teatral-em-Gurupi-Foto-Divulgacao-1-1024x576.jpeg\" alt=\"\" class=\"wp-image-11622\" srcset=\"https:\/\/focotocantinense.com.br\/wp-content\/uploads\/2025\/12\/1-Kaka-Nogueira-estreia-espetaculo-teatral-em-Gurupi-Foto-Divulgacao-1-1024x576.jpeg 1024w, https:\/\/focotocantinense.com.br\/wp-content\/uploads\/2025\/12\/1-Kaka-Nogueira-estreia-espetaculo-teatral-em-Gurupi-Foto-Divulgacao-1-300x169.jpeg 300w, https:\/\/focotocantinense.com.br\/wp-content\/uploads\/2025\/12\/1-Kaka-Nogueira-estreia-espetaculo-teatral-em-Gurupi-Foto-Divulgacao-1-768x432.jpeg 768w, https:\/\/focotocantinense.com.br\/wp-content\/uploads\/2025\/12\/1-Kaka-Nogueira-estreia-espetaculo-teatral-em-Gurupi-Foto-Divulgacao-1-1536x864.jpeg 1536w, https:\/\/focotocantinense.com.br\/wp-content\/uploads\/2025\/12\/1-Kaka-Nogueira-estreia-espetaculo-teatral-em-Gurupi-Foto-Divulgacao-1.jpeg 1600w\" sizes=\"auto, (max-width: 1024px) 100vw, 1024px\" \/><\/figure>\n\n\n\n<p><strong>Credenciais do ator<\/strong><\/p>\n\n\n\n<p>Kak\u00e1 Nogueira \u00e9 al\u00e9m de ator, diretor, roteirista e produtor cultural com mais de 20anos de experi\u00eancia, \u00e9 presidente da FETAC \u2013 Federa\u00e7\u00e3o Tocantinense de Artes C\u00eanicas e, tamb\u00e9m, o coordenador geral do&nbsp; Comit\u00ea de Cultura no Tocantins. O artista j\u00e1 participou de v\u00e1rios espet\u00e1culos teatrais e&nbsp; filmes de longa-metragem.<\/p>\n\n\n\n<figure class=\"wp-block-image size-large\"><img loading=\"lazy\" decoding=\"async\" width=\"1024\" height=\"460\" src=\"https:\/\/focotocantinense.com.br\/wp-content\/uploads\/2025\/12\/2-Kaka-Nogueira-estreia-espetaculo-teatral-em-Gurupi-Foto-Divulgacao-1024x460.jpeg\" alt=\"\" class=\"wp-image-11623\" srcset=\"https:\/\/focotocantinense.com.br\/wp-content\/uploads\/2025\/12\/2-Kaka-Nogueira-estreia-espetaculo-teatral-em-Gurupi-Foto-Divulgacao-1024x460.jpeg 1024w, https:\/\/focotocantinense.com.br\/wp-content\/uploads\/2025\/12\/2-Kaka-Nogueira-estreia-espetaculo-teatral-em-Gurupi-Foto-Divulgacao-300x135.jpeg 300w, https:\/\/focotocantinense.com.br\/wp-content\/uploads\/2025\/12\/2-Kaka-Nogueira-estreia-espetaculo-teatral-em-Gurupi-Foto-Divulgacao-768x345.jpeg 768w, https:\/\/focotocantinense.com.br\/wp-content\/uploads\/2025\/12\/2-Kaka-Nogueira-estreia-espetaculo-teatral-em-Gurupi-Foto-Divulgacao-1536x690.jpeg 1536w, https:\/\/focotocantinense.com.br\/wp-content\/uploads\/2025\/12\/2-Kaka-Nogueira-estreia-espetaculo-teatral-em-Gurupi-Foto-Divulgacao.jpeg 1600w\" sizes=\"auto, (max-width: 1024px) 100vw, 1024px\" \/><\/figure>\n\n\n\n<p><\/p>\n\n\n\n<p><strong>Sobre o Comit\u00ea<\/strong><\/p>\n\n\n\n<p>O Comit\u00ea de Cultura no Tocantins \u00e9coordenado pela Federa\u00e7\u00e3o Tocantinense de Artes C\u00eanicas &#8211; FETAC, contando com a parceria da Associa\u00e7\u00e3o Gurupiense de Artes\u00e3os (AGA) e do Instituto Cultural e Social Araguaia (ISCA). Essas institui\u00e7\u00f5es t\u00eam trabalhado juntas por meio de um termo de colabora\u00e7\u00e3o firmado com o Minist\u00e9rio da Cultura &#8211; MinC, buscando implementar o Programa Nacional de Comit\u00eas de Cultura (PNCC), em diferentesregi\u00f5es do Estado.<\/p>\n\n\n\n<figure class=\"wp-block-image size-full is-resized\"><img loading=\"lazy\" decoding=\"async\" width=\"727\" height=\"184\" src=\"https:\/\/focotocantinense.com.br\/wp-content\/uploads\/2025\/12\/SHOW-DE-HUMOR-DE-VINICIUS-MARTINS-5.jpeg\" alt=\"\" class=\"wp-image-11629\" style=\"width:840px;height:auto\" srcset=\"https:\/\/focotocantinense.com.br\/wp-content\/uploads\/2025\/12\/SHOW-DE-HUMOR-DE-VINICIUS-MARTINS-5.jpeg 727w, https:\/\/focotocantinense.com.br\/wp-content\/uploads\/2025\/12\/SHOW-DE-HUMOR-DE-VINICIUS-MARTINS-5-300x76.jpeg 300w\" sizes=\"auto, (max-width: 727px) 100vw, 727px\" \/><\/figure>\n","protected":false},"excerpt":{"rendered":"<p>Por Zacarias Martins Com o apoio da regional sul\/sudeste do Comit\u00ea de Cultura no Tocantins, o&nbsp;&nbsp;Ponto de Cultura Cia Lambrequins,&nbsp;localizado na cidade de&nbsp; Gurupi, recebeu no s\u00e1bado (21), o espet\u00e1culo teatral&nbsp; &#8216;O Homem e a Mancha&#8217;&nbsp;, mon\u00f3logo&nbsp; apresentado pelo atore produtor cultural tocantinense&nbsp; Kak\u00e1 Nogueira.&nbsp; Incentivos da LPG A atividade foi contemplada com recursos da &hellip;<\/p>\n","protected":false},"author":5,"featured_media":11618,"comment_status":"open","ping_status":"open","sticky":false,"template":"","format":"standard","meta":{"footnotes":""},"categories":[1],"tags":[],"class_list":["post-11617","post","type-post","status-publish","format-standard","has-post-thumbnail","","category-sem-categoria"],"_links":{"self":[{"href":"https:\/\/focotocantinense.com.br\/index.php?rest_route=\/wp\/v2\/posts\/11617","targetHints":{"allow":["GET"]}}],"collection":[{"href":"https:\/\/focotocantinense.com.br\/index.php?rest_route=\/wp\/v2\/posts"}],"about":[{"href":"https:\/\/focotocantinense.com.br\/index.php?rest_route=\/wp\/v2\/types\/post"}],"author":[{"embeddable":true,"href":"https:\/\/focotocantinense.com.br\/index.php?rest_route=\/wp\/v2\/users\/5"}],"replies":[{"embeddable":true,"href":"https:\/\/focotocantinense.com.br\/index.php?rest_route=%2Fwp%2Fv2%2Fcomments&post=11617"}],"version-history":[{"count":6,"href":"https:\/\/focotocantinense.com.br\/index.php?rest_route=\/wp\/v2\/posts\/11617\/revisions"}],"predecessor-version":[{"id":11630,"href":"https:\/\/focotocantinense.com.br\/index.php?rest_route=\/wp\/v2\/posts\/11617\/revisions\/11630"}],"wp:featuredmedia":[{"embeddable":true,"href":"https:\/\/focotocantinense.com.br\/index.php?rest_route=\/wp\/v2\/media\/11618"}],"wp:attachment":[{"href":"https:\/\/focotocantinense.com.br\/index.php?rest_route=%2Fwp%2Fv2%2Fmedia&parent=11617"}],"wp:term":[{"taxonomy":"category","embeddable":true,"href":"https:\/\/focotocantinense.com.br\/index.php?rest_route=%2Fwp%2Fv2%2Fcategories&post=11617"},{"taxonomy":"post_tag","embeddable":true,"href":"https:\/\/focotocantinense.com.br\/index.php?rest_route=%2Fwp%2Fv2%2Ftags&post=11617"}],"curies":[{"name":"wp","href":"https:\/\/api.w.org\/{rel}","templated":true}]}}