{"id":11611,"date":"2025-12-20T18:35:19","date_gmt":"2025-12-20T21:35:19","guid":{"rendered":"https:\/\/focotocantinense.com.br\/?p=11611"},"modified":"2025-12-20T19:05:42","modified_gmt":"2025-12-20T22:05:42","slug":"comite-de-cultura-no-tocantins-faz-uma-avaliacao-positiva-das-acoes-realizadas-em-gurupi-e-regiao","status":"publish","type":"post","link":"https:\/\/focotocantinense.com.br\/?p=11611","title":{"rendered":"Comit\u00ea de Cultura no Tocantins faz uma avalia\u00e7\u00e3o positiva das a\u00e7\u00f5es realizadas em Gurupi e regi\u00e3o"},"content":{"rendered":"\n<p><strong><em>Por Zacarias Martins<\/em><\/strong><\/p>\n\n\n\n<p>Integrantes da Comiss\u00e3o Executiva da Regional Sul-Sudeste do Comit\u00ea de Cultura no Tocantins, estiveram reunidos na manh\u00e3 deste s\u00e1bado, 20, no Ponto de Cultura da AGA-Associa\u00e7\u00e3o Gurupiense de Artes\u00e3o, para fazer uma avalia\u00e7\u00e3o das atividades realizadas no decorrer deste ano que se finda.<\/p>\n\n\n\n<figure class=\"wp-block-image size-large is-resized\"><img loading=\"lazy\" decoding=\"async\" width=\"1024\" height=\"754\" src=\"https:\/\/focotocantinense.com.br\/wp-content\/uploads\/2025\/12\/1-O-Comite-de-Cultura-em-Gurupi-desenvolve-um-trabalho-expressivo-na-regiao-sul-do-Tocantins-Foto-Leticia-Japiassu-1024x754.jpeg\" alt=\"\" class=\"wp-image-11613\" style=\"aspect-ratio:1.3581289218482602;width:378px;height:auto\" srcset=\"https:\/\/focotocantinense.com.br\/wp-content\/uploads\/2025\/12\/1-O-Comite-de-Cultura-em-Gurupi-desenvolve-um-trabalho-expressivo-na-regiao-sul-do-Tocantins-Foto-Leticia-Japiassu-1024x754.jpeg 1024w, https:\/\/focotocantinense.com.br\/wp-content\/uploads\/2025\/12\/1-O-Comite-de-Cultura-em-Gurupi-desenvolve-um-trabalho-expressivo-na-regiao-sul-do-Tocantins-Foto-Leticia-Japiassu-300x221.jpeg 300w, https:\/\/focotocantinense.com.br\/wp-content\/uploads\/2025\/12\/1-O-Comite-de-Cultura-em-Gurupi-desenvolve-um-trabalho-expressivo-na-regiao-sul-do-Tocantins-Foto-Leticia-Japiassu-768x565.jpeg 768w, https:\/\/focotocantinense.com.br\/wp-content\/uploads\/2025\/12\/1-O-Comite-de-Cultura-em-Gurupi-desenvolve-um-trabalho-expressivo-na-regiao-sul-do-Tocantins-Foto-Leticia-Japiassu.jpeg 1280w\" sizes=\"auto, (max-width: 1024px) 100vw, 1024px\" \/><\/figure>\n\n\n\n<p><\/p>\n\n\n\n<p><strong>Valoriza\u00e7\u00e3o dos produtores culturais<\/strong><\/p>\n\n\n\n<p>A ativista cultural Maria do Socorro de Sousa Barros, presidente da Associa\u00e7\u00e3o Gurupiense de Artes\u00e3os (AGA),&nbsp; e coordenadora regional do Comit\u00ea de Cultura para as regi\u00f5es&nbsp; &nbsp;sul e sudeste do Tocantins, comemorou os bons resultados alcan\u00e7ados com as a\u00e7\u00f5es realizadas e disse est\u00e1 gratificada por integrar uma equipe de agentes culturais que trabalha continuamente para&nbsp; fomentar o fazer cultural, valorizando, principalmente os fazedores de cultura da regi\u00e3o.<\/p>\n\n\n\n<p><strong>Pol\u00edticas culturais<\/strong><\/p>\n\n\n\n<p>\u201cGra\u00e7as \u00e0s pol\u00edticas culturais determinadas pelo&nbsp; Governo Federal e colocadas em pr\u00e1tica&nbsp; pelo Minist\u00e9rio da Cultura (MinC) e seus parceiros vivemos um momento&nbsp; muito especial, tanto pela&nbsp; valoriza\u00e7\u00e3o do trabalho dos fazedores de cultura, como, tamb\u00e9m, do acesso democr\u00e1tico aos bens culturais que est\u00e3o sendo disponibilizados para toda a popula\u00e7\u00e3o brasileira\u201d, afirmou Maria do Socorro, ressaltando que o objetivo das a\u00e7\u00f5es do&nbsp; Comit\u00ea de Cultura \u00e9 o de&nbsp; fortalecer a cultura regional e integrar pol\u00edticas p\u00fablicas em \u00e2mbito estadual e federal.<\/p>\n\n\n\n<figure class=\"wp-block-image size-large\"><img loading=\"lazy\" decoding=\"async\" width=\"1024\" height=\"768\" src=\"https:\/\/focotocantinense.com.br\/wp-content\/uploads\/2025\/12\/2-O-Comite-de-Cultura-em-Gurupi-desenvolve-um-trabalho-expressivo-na-regiao-sul-do-Tocantins-Foto-Leticia-Japiassu-1024x768.jpeg\" alt=\"\" class=\"wp-image-11612\" srcset=\"https:\/\/focotocantinense.com.br\/wp-content\/uploads\/2025\/12\/2-O-Comite-de-Cultura-em-Gurupi-desenvolve-um-trabalho-expressivo-na-regiao-sul-do-Tocantins-Foto-Leticia-Japiassu-1024x768.jpeg 1024w, https:\/\/focotocantinense.com.br\/wp-content\/uploads\/2025\/12\/2-O-Comite-de-Cultura-em-Gurupi-desenvolve-um-trabalho-expressivo-na-regiao-sul-do-Tocantins-Foto-Leticia-Japiassu-300x225.jpeg 300w, https:\/\/focotocantinense.com.br\/wp-content\/uploads\/2025\/12\/2-O-Comite-de-Cultura-em-Gurupi-desenvolve-um-trabalho-expressivo-na-regiao-sul-do-Tocantins-Foto-Leticia-Japiassu-768x576.jpeg 768w, https:\/\/focotocantinense.com.br\/wp-content\/uploads\/2025\/12\/2-O-Comite-de-Cultura-em-Gurupi-desenvolve-um-trabalho-expressivo-na-regiao-sul-do-Tocantins-Foto-Leticia-Japiassu.jpeg 1280w\" sizes=\"auto, (max-width: 1024px) 100vw, 1024px\" \/><\/figure>\n\n\n\n<p><\/p>\n\n\n\n<p><strong>Sobre o Comit\u00ea<\/strong><\/p>\n\n\n\n<p>O Comit\u00ea de Cultura no Tocantins \u00e9 coordenado pela Federa\u00e7\u00e3o Tocantinense de Artes C\u00eanicas &#8211; FETAC, contando com a parceria da Associa\u00e7\u00e3o Gurupiense de Artes\u00e3os (AGA) e do Instituto Cultural e Social Araguaia (ISCA). Essas institui\u00e7\u00f5es t\u00eam trabalhado juntas por meio de um termo de colabora\u00e7\u00e3o firmado com o Minist\u00e9rio da Cultura &#8211; MinC, buscando implementar o Programa Nacional de Comit\u00eas de Cultura (PNCC), em diferentes regi\u00f5es do Estado.<\/p>\n\n\n\n<figure class=\"wp-block-image is-resized\"><a href=\"https:\/\/blogger.googleusercontent.com\/img\/b\/R29vZ2xl\/AVvXsEj9tkNUWmbb_KWaIXh9oYf3eC7JDBVBV-lBMN0i2TXbPfhRpDxlIU_EQNpBPwnFGpJA5cn4LcQJFqzkQ-LO8d8lzMAKiyZxzJe-GxDDJCENodWQ-gWvxClw7OloTCjy62bRMHsyh1YgBIk5Ho8_-RmybhyaaXRDG1_xUNm04YvVbWdZSlCI9hBewkNmKvAI\/s727\/SHOW%20DE%20HUMOR%20DE%20VINICIUS%20MARTINS.jpeg\"><img decoding=\"async\" src=\"https:\/\/blogger.googleusercontent.com\/img\/b\/R29vZ2xl\/AVvXsEj9tkNUWmbb_KWaIXh9oYf3eC7JDBVBV-lBMN0i2TXbPfhRpDxlIU_EQNpBPwnFGpJA5cn4LcQJFqzkQ-LO8d8lzMAKiyZxzJe-GxDDJCENodWQ-gWvxClw7OloTCjy62bRMHsyh1YgBIk5Ho8_-RmybhyaaXRDG1_xUNm04YvVbWdZSlCI9hBewkNmKvAI\/w530-h134\/SHOW%20DE%20HUMOR%20DE%20VINICIUS%20MARTINS.jpeg\" alt=\"\" style=\"width:840px;height:auto\"\/><\/a><\/figure>\n","protected":false},"excerpt":{"rendered":"<p>Por Zacarias Martins Integrantes da Comiss\u00e3o Executiva da Regional Sul-Sudeste do Comit\u00ea de Cultura no Tocantins, estiveram reunidos na manh\u00e3 deste s\u00e1bado, 20, no Ponto de Cultura da AGA-Associa\u00e7\u00e3o Gurupiense de Artes\u00e3o, para fazer uma avalia\u00e7\u00e3o das atividades realizadas no decorrer deste ano que se finda. Valoriza\u00e7\u00e3o dos produtores culturais A ativista cultural Maria do &hellip;<\/p>\n","protected":false},"author":5,"featured_media":11612,"comment_status":"open","ping_status":"open","sticky":false,"template":"","format":"standard","meta":{"footnotes":""},"categories":[38],"tags":[],"class_list":["post-11611","post","type-post","status-publish","format-standard","has-post-thumbnail","","category-gurupi"],"_links":{"self":[{"href":"https:\/\/focotocantinense.com.br\/index.php?rest_route=\/wp\/v2\/posts\/11611","targetHints":{"allow":["GET"]}}],"collection":[{"href":"https:\/\/focotocantinense.com.br\/index.php?rest_route=\/wp\/v2\/posts"}],"about":[{"href":"https:\/\/focotocantinense.com.br\/index.php?rest_route=\/wp\/v2\/types\/post"}],"author":[{"embeddable":true,"href":"https:\/\/focotocantinense.com.br\/index.php?rest_route=\/wp\/v2\/users\/5"}],"replies":[{"embeddable":true,"href":"https:\/\/focotocantinense.com.br\/index.php?rest_route=%2Fwp%2Fv2%2Fcomments&post=11611"}],"version-history":[{"count":2,"href":"https:\/\/focotocantinense.com.br\/index.php?rest_route=\/wp\/v2\/posts\/11611\/revisions"}],"predecessor-version":[{"id":11616,"href":"https:\/\/focotocantinense.com.br\/index.php?rest_route=\/wp\/v2\/posts\/11611\/revisions\/11616"}],"wp:featuredmedia":[{"embeddable":true,"href":"https:\/\/focotocantinense.com.br\/index.php?rest_route=\/wp\/v2\/media\/11612"}],"wp:attachment":[{"href":"https:\/\/focotocantinense.com.br\/index.php?rest_route=%2Fwp%2Fv2%2Fmedia&parent=11611"}],"wp:term":[{"taxonomy":"category","embeddable":true,"href":"https:\/\/focotocantinense.com.br\/index.php?rest_route=%2Fwp%2Fv2%2Fcategories&post=11611"},{"taxonomy":"post_tag","embeddable":true,"href":"https:\/\/focotocantinense.com.br\/index.php?rest_route=%2Fwp%2Fv2%2Ftags&post=11611"}],"curies":[{"name":"wp","href":"https:\/\/api.w.org\/{rel}","templated":true}]}}