{"id":11601,"date":"2025-12-18T22:31:53","date_gmt":"2025-12-19T01:31:53","guid":{"rendered":"https:\/\/focotocantinense.com.br\/?p=11601"},"modified":"2025-12-18T22:32:43","modified_gmt":"2025-12-19T01:32:43","slug":"prefeitura-de-gurupi-lanca-oficialmente-o-carnaval-2026-com-cinco-atracoes-nacionais-e-35-bandas-regionais","status":"publish","type":"post","link":"https:\/\/focotocantinense.com.br\/?p=11601","title":{"rendered":"Prefeitura de Gurupi lan\u00e7a oficialmente o Carnaval 2026 com cinco atra\u00e7\u00f5es nacionais e 35 bandas regionais"},"content":{"rendered":"\n<p>A Prefeitura de Gurupi, por meio da Secretaria Municipal de Cultura e Turismo, realizou na tarde desta quinta-feira, 18, o lan\u00e7amento oficial do Carnaval de Gurupi 2026, conhecido como o Maior Carnaval do Norte do Brasil. A festa acontecer\u00e1 entre os dias 13 e 16 de fevereiro, reunindo grandes atra\u00e7\u00f5es nacionais, artistas regionais, blocos tradicionais e uma megaestrutura preparada para receber milhares de foli\u00f5es.<\/p>\n\n\n\n<p>O evento de lan\u00e7amento foi realizado no Centro Cultural Mauro Cunha e contou com a presen\u00e7a da prefeita Josi Nunes, do vice-prefeito Adailton Fonseca, vereadores, secret\u00e1rios municipais, representantes da imprensa, empres\u00e1rios, lideran\u00e7as de blocos carnavalescos, \u00f3rg\u00e3os de seguran\u00e7a e artistas locais. Na ocasi\u00e3o, foram apresentadas a programa\u00e7\u00e3o oficial, a estrutura do evento e todo o planejamento da festa para 2026.<\/p>\n\n\n\n<p>Ao todo, ser\u00e3o cinco atra\u00e7\u00f5es nacionais animando os quatro dias de folia: Patchanka (dia 13), Jefferson Morais (14), Vitinho Imperador (15) e, encerrando o Carnaval, Rapazolla e Voa Dois (16). Al\u00e9m disso, mais de 35 bandas regionais integrar\u00e3o a programa\u00e7\u00e3o, refor\u00e7ando a valoriza\u00e7\u00e3o dos talentos locais.<\/p>\n\n\n\n<p>O Carnaval contar\u00e1 ainda com a participa\u00e7\u00e3o de 14 blocos carnavalescos, que ir\u00e3o concorrer a R$ 30 mil em premia\u00e7\u00f5es, fortalecendo a tradi\u00e7\u00e3o e a criatividade dos grupos que fazem parte da hist\u00f3ria da folia gurupiense.<\/p>\n\n\n\n<p>O circuito ser\u00e1 mantido na Avenida C, no setor Nova Fronteira, local adotado na \u00faltima edi\u00e7\u00e3o e aprovado tanto pelos foli\u00f5es quanto pelo com\u00e9rcio local. A \u00e1rea, mais ampla e confort\u00e1vel, seguir\u00e1 sendo utilizada por oferecer melhores condi\u00e7\u00f5es para a realiza\u00e7\u00e3o do evento. Al\u00e9m do circuito principal, tamb\u00e9m ser\u00e1 realizado o tradicional Carna Trevo, no povoado Trevo da Praia, localizado a cerca de 70 km do centro de Gurupi.<\/p>\n\n\n\n<figure class=\"wp-block-image size-large\"><img loading=\"lazy\" decoding=\"async\" width=\"1024\" height=\"680\" src=\"https:\/\/focotocantinense.com.br\/wp-content\/uploads\/2025\/12\/1-JOSI-NUNES-1024x680.jpeg\" alt=\"\" class=\"wp-image-11602\" srcset=\"https:\/\/focotocantinense.com.br\/wp-content\/uploads\/2025\/12\/1-JOSI-NUNES-1024x680.jpeg 1024w, https:\/\/focotocantinense.com.br\/wp-content\/uploads\/2025\/12\/1-JOSI-NUNES-300x199.jpeg 300w, https:\/\/focotocantinense.com.br\/wp-content\/uploads\/2025\/12\/1-JOSI-NUNES-768x510.jpeg 768w, https:\/\/focotocantinense.com.br\/wp-content\/uploads\/2025\/12\/1-JOSI-NUNES-310x205.jpeg 310w, https:\/\/focotocantinense.com.br\/wp-content\/uploads\/2025\/12\/1-JOSI-NUNES.jpeg 1511w\" sizes=\"auto, (max-width: 1024px) 100vw, 1024px\" \/><\/figure>\n\n\n\n<p><\/p>\n\n\n\n<p>Na programa\u00e7\u00e3o oficial, est\u00e3o previstas ainda as tradicionais matin\u00eas adulta e infantil, no s\u00e1bado (14) e domingo (15), com som automotivo e bandas ao vivo, garantindo divers\u00e3o para todas as idades.<\/p>\n\n\n\n<p>A estrutura do Carnaval 2026 contar\u00e1 com quatro trios el\u00e9tricos com bandas ao vivo circulando pelo circuito; pra\u00e7a de alimenta\u00e7\u00e3o com mais de 100 comerciantes e ambulantes; parquinho infantil; circuito fechado com monitoramento por c\u00e2meras; apoio da Pol\u00edcia Militar, Corpo de Bombeiros e seguran\u00e7a privada; estande da Sa\u00fade; al\u00e9m de arquibancadas e camarotes \u2014 oficial, empresariais e para a imprensa.<\/p>\n\n\n\n<p>A secret\u00e1ria municipal de Cultura e Turismo, Liliane Pagliarini, destacou o cuidado e o planejamento da gest\u00e3o para garantir mais uma edi\u00e7\u00e3o de sucesso. \u201cTudo est\u00e1 sendo preparado com muito carinho para que sejam quatro dias de festa em grande estilo. O Carnaval de Gurupi \u00e9 pensado com base nas sugest\u00f5es da popula\u00e7\u00e3o e tamb\u00e9m dos \u00f3rg\u00e3os de seguran\u00e7a, o que nos permite melhorar ainda mais o espa\u00e7o, a organiza\u00e7\u00e3o e a experi\u00eancia do foli\u00e3o para 2026\u201d, ressaltou.<\/p>\n\n\n\n<p>A prefeita Josi Nunes convidou a popula\u00e7\u00e3o local e visitantes para participarem da festa e destacou a tradi\u00e7\u00e3o do Carnaval de Gurupi. \u201cA expectativa \u00e9 maravilhosa. Quero convidar a todos para virem participar do Maior Carnaval do Norte do Brasil. Estamos lan\u00e7ando o Carnaval ainda neste ano porque, em 2026, ele acontece mais cedo, e queremos que todos possam conhecer as atra\u00e7\u00f5es e se organizar para passar o Carnaval em Gurupi. O nosso Carnaval \u00e9 tradi\u00e7\u00e3o, \u00e9 identidade. Gurupi \u00e9 reconhecida nacionalmente por ter um Carnaval maravilhoso, e n\u00f3s fazemos quest\u00e3o de manter isso ano ap\u00f3s ano, com mais planejamento, organiza\u00e7\u00e3o e seguran\u00e7a, para proporcionar uma festa que emociona e acolhe o nosso foli\u00e3o\u201d, afirmou.<\/p>\n\n\n\n<p>O vice-prefeito Adailton Fonseca destacou a import\u00e2ncia do evento para a economia local. \u201cO Carnaval de Gurupi movimenta todo o com\u00e9rcio, gera emprego, renda e oportunidades para muitas fam\u00edlias. \u00c9 um evento fundamental para a economia da cidade, mas tamb\u00e9m para a nossa identidade cultural. A festa fortalece Gurupi como refer\u00eancia regional e impulsiona diversos setores\u201d, pontuou.<\/p>\n\n\n\n<p><strong>Seguran\u00e7a<\/strong><\/p>\n\n\n\n<p>O comandante do 4\u00ba Batalh\u00e3o da Pol\u00edcia Militar, Ten. Cel. W. Costa, refor\u00e7ou o planejamento antecipado para garantir a tranquilidade do evento. \u201cO Carnaval de Gurupi j\u00e1 \u00e9 tradicional. Quando termina uma edi\u00e7\u00e3o, a Prefeitura e a Pol\u00edcia Militar j\u00e1 come\u00e7am a planejar a pr\u00f3xima. A partir do dia 5 de janeiro, o novo comandante, Ten. Cel. Lisboa, assumir\u00e1 e dar\u00e1 continuidade a esse trabalho. Ele conhece bem o Carnaval de Gurupi e todo o processo de seguran\u00e7a. \u00c9 importante destacar que, nos \u00faltimos anos, n\u00e3o tivemos ocorr\u00eancias graves no circuito, que j\u00e1 \u00e9 um ambiente ordeiro, com a pol\u00edcia presente durante todo o evento para garantir a seguran\u00e7a dos foli\u00f5es\u201d, afirmou.<\/p>\n\n\n\n<p>J\u00e1 o comandante do 3\u00ba Batalh\u00e3o do Corpo de Bombeiros Militar de Gurupi, Ten. Cel. Carlos Roberto de Almeida, elogiou a postura da gest\u00e3o municipal. \u201cN\u00e3o somente no Carnaval, mas em todos os eventos realizados pela Prefeitura de Gurupi, as normas de seguran\u00e7a s\u00e3o rigorosamente cumpridas. Em toda a minha gest\u00e3o aqui, n\u00e3o houve nenhum evento em que a Prefeitura deixasse de atender \u00e0s exig\u00eancias do Corpo de Bombeiros. S\u00f3 temos a agradecer e elogiar a postura. Estaremos no circuito garantindo a seguran\u00e7a, o atendimento pr\u00e9-hospitalar e o combate a inc\u00eandios, sempre com foco na prote\u00e7\u00e3o do foli\u00e3o\u201d, destacou.<\/p>\n\n\n\n<figure class=\"wp-block-image size-large\"><img loading=\"lazy\" decoding=\"async\" width=\"1024\" height=\"658\" src=\"https:\/\/focotocantinense.com.br\/wp-content\/uploads\/2025\/12\/2-JOSI-NUNES-1024x658.jpeg\" alt=\"\" class=\"wp-image-11604\" srcset=\"https:\/\/focotocantinense.com.br\/wp-content\/uploads\/2025\/12\/2-JOSI-NUNES-1024x658.jpeg 1024w, https:\/\/focotocantinense.com.br\/wp-content\/uploads\/2025\/12\/2-JOSI-NUNES-300x193.jpeg 300w, https:\/\/focotocantinense.com.br\/wp-content\/uploads\/2025\/12\/2-JOSI-NUNES-768x494.jpeg 768w, https:\/\/focotocantinense.com.br\/wp-content\/uploads\/2025\/12\/2-JOSI-NUNES.jpeg 1493w\" sizes=\"auto, (max-width: 1024px) 100vw, 1024px\" \/><\/figure>\n\n\n\n<p><\/p>\n\n\n\n<p><strong>Blocos e bandas regionais<\/strong><\/p>\n\n\n\n<p>A gest\u00e3o da prefeita Josi Nunes tem mantido o compromisso de valorizar os artistas locais e os blocos carnavalescos, oferecendo incentivo, visibilidade e espa\u00e7o na programa\u00e7\u00e3o oficial. A proposta \u00e9 fortalecer a cultura local e garantir que a festa seja constru\u00edda de forma coletiva, com a participa\u00e7\u00e3o ativa de quem faz o Carnaval acontecer.<\/p>\n\n\n\n<p>O cantor regional Rafael Barbosa enalteceu a iniciativa da Prefeitura. \u201cQuero parabenizar a Prefeitura por organizar e preparar mais uma bela festa para Gurupi. A gest\u00e3o Josi Nunes sempre valorizou os artistas regionais, incluindo a gente em um evento grandioso como esse, que d\u00e1 visibilidade e reconhecimento aos talentos locais\u201d, afirmou.<\/p>\n\n\n\n<p>J\u00e1 a presidente do Bloco Pega pra Cap\u00e1, Joice Avelino, que em 2026 completa 31 anos de hist\u00f3ria na folia gurupiense, destacou a import\u00e2ncia do lan\u00e7amento antecipado. \u201cA antecipa\u00e7\u00e3o do lan\u00e7amento facilita muito a organiza\u00e7\u00e3o dos blocos, ainda mais com o Carnaval acontecendo mais cedo em 2026. A iniciativa da Prefeitura \u00e9 muito positiva, e as expectativas s\u00e3o as melhores para mais uma grande edi\u00e7\u00e3o\u201d, ressaltou.<\/p>\n\n\n\n<p><strong>M\u00fasica ao vivo<\/strong><\/p>\n\n\n\n<p>E, como n\u00e3o poderia faltar, o lan\u00e7amento do Maior Carnaval do Norte do Brasil foi marcado por muita anima\u00e7\u00e3o. A m\u00fasica ao vivo ficou por conta da banda Amigos do Samba, que embalou o p\u00fablico presente com grandes sucessos carnavalescos, j\u00e1 dando um gostinho do clima de alegria e energia que tomar\u00e1 conta de Gurupi em fevereiro de 2026.<\/p>\n\n\n\n<figure class=\"wp-block-image size-full is-resized\"><img loading=\"lazy\" decoding=\"async\" width=\"727\" height=\"184\" src=\"https:\/\/focotocantinense.com.br\/wp-content\/uploads\/2025\/12\/SHOW-DE-HUMOR-DE-VINICIUS-MARTINS-4.jpeg\" alt=\"\" class=\"wp-image-11603\" style=\"width:840px;height:auto\" srcset=\"https:\/\/focotocantinense.com.br\/wp-content\/uploads\/2025\/12\/SHOW-DE-HUMOR-DE-VINICIUS-MARTINS-4.jpeg 727w, https:\/\/focotocantinense.com.br\/wp-content\/uploads\/2025\/12\/SHOW-DE-HUMOR-DE-VINICIUS-MARTINS-4-300x76.jpeg 300w\" sizes=\"auto, (max-width: 727px) 100vw, 727px\" \/><\/figure>\n","protected":false},"excerpt":{"rendered":"<p>A Prefeitura de Gurupi, por meio da Secretaria Municipal de Cultura e Turismo, realizou na tarde desta quinta-feira, 18, o lan\u00e7amento oficial do Carnaval de Gurupi 2026, conhecido como o Maior Carnaval do Norte do Brasil. A festa acontecer\u00e1 entre os dias 13 e 16 de fevereiro, reunindo grandes atra\u00e7\u00f5es nacionais, artistas regionais, blocos tradicionais &hellip;<\/p>\n","protected":false},"author":5,"featured_media":11602,"comment_status":"open","ping_status":"open","sticky":false,"template":"","format":"standard","meta":{"footnotes":""},"categories":[38],"tags":[],"class_list":["post-11601","post","type-post","status-publish","format-standard","has-post-thumbnail","","category-gurupi"],"_links":{"self":[{"href":"https:\/\/focotocantinense.com.br\/index.php?rest_route=\/wp\/v2\/posts\/11601","targetHints":{"allow":["GET"]}}],"collection":[{"href":"https:\/\/focotocantinense.com.br\/index.php?rest_route=\/wp\/v2\/posts"}],"about":[{"href":"https:\/\/focotocantinense.com.br\/index.php?rest_route=\/wp\/v2\/types\/post"}],"author":[{"embeddable":true,"href":"https:\/\/focotocantinense.com.br\/index.php?rest_route=\/wp\/v2\/users\/5"}],"replies":[{"embeddable":true,"href":"https:\/\/focotocantinense.com.br\/index.php?rest_route=%2Fwp%2Fv2%2Fcomments&post=11601"}],"version-history":[{"count":2,"href":"https:\/\/focotocantinense.com.br\/index.php?rest_route=\/wp\/v2\/posts\/11601\/revisions"}],"predecessor-version":[{"id":11606,"href":"https:\/\/focotocantinense.com.br\/index.php?rest_route=\/wp\/v2\/posts\/11601\/revisions\/11606"}],"wp:featuredmedia":[{"embeddable":true,"href":"https:\/\/focotocantinense.com.br\/index.php?rest_route=\/wp\/v2\/media\/11602"}],"wp:attachment":[{"href":"https:\/\/focotocantinense.com.br\/index.php?rest_route=%2Fwp%2Fv2%2Fmedia&parent=11601"}],"wp:term":[{"taxonomy":"category","embeddable":true,"href":"https:\/\/focotocantinense.com.br\/index.php?rest_route=%2Fwp%2Fv2%2Fcategories&post=11601"},{"taxonomy":"post_tag","embeddable":true,"href":"https:\/\/focotocantinense.com.br\/index.php?rest_route=%2Fwp%2Fv2%2Ftags&post=11601"}],"curies":[{"name":"wp","href":"https:\/\/api.w.org\/{rel}","templated":true}]}}