{"id":11596,"date":"2025-12-18T18:36:31","date_gmt":"2025-12-18T21:36:31","guid":{"rendered":"https:\/\/focotocantinense.com.br\/?p=11596"},"modified":"2025-12-18T18:37:53","modified_gmt":"2025-12-18T21:37:53","slug":"eletiva-poetas-do-xodo-de-tocantinia-proporciona-aula-interdisciplinar-diferenciada-em-palmas","status":"publish","type":"post","link":"https:\/\/focotocantinense.com.br\/?p=11596","title":{"rendered":"Eletiva Poetas do Xod\u00f3 de Tocant\u00ednia proporciona aula interdisciplinar diferenciada em Palmas"},"content":{"rendered":"\n<p><strong><br>Por Zacarias Martins<\/strong><\/p>\n\n\n\n<p>Na quarta-feira, 17, estudantes do CEFYA \u2013 Centro Educacional F\u00e9 e Alegria Frei Ant\u00f4nio, de Tocant\u00ednia, na regi\u00e3o central do estado,&nbsp; que&nbsp; participam do&nbsp; Projeto de Eletiva Poetas do Xod\u00f3,&nbsp; sob a coordena\u00e7\u00e3o do poeta e professor Andr\u00e9 Goveia,&nbsp; viveram uma aula campo incr\u00edvel em Palmas, envolvendo diversas atividades interdisciplinares que abordaram tem\u00e1ticas que envolvem&nbsp; projeto de vida, protagonismo, eletiva comum,&nbsp; cultural e artes.<\/p>\n\n\n\n<figure class=\"wp-block-image is-resized\"><a href=\"https:\/\/blogger.googleusercontent.com\/img\/b\/R29vZ2xl\/AVvXsEj7sKTKum9OXDGlAyX24ihE9RGn-FhLDOmDNtAwZ6Wk1sMQbJpfbv-fl7Ufxesp50pZJ1Bas2Rpx7EEWGlN_UHCBuB-zANtwddYXGewrqkW3_CzqfPNtpP7tUXOiyFyhSDsC54QP2pQjlka1pZjERXv6oXd4TAtWvw0FbA4Z8bmeSTsQ6d3hN3XuWmInr4e\/s1600\/2%20TURMA%20NO%20SHOPPING.jpg\"><img decoding=\"async\" src=\"https:\/\/blogger.googleusercontent.com\/img\/b\/R29vZ2xl\/AVvXsEj7sKTKum9OXDGlAyX24ihE9RGn-FhLDOmDNtAwZ6Wk1sMQbJpfbv-fl7Ufxesp50pZJ1Bas2Rpx7EEWGlN_UHCBuB-zANtwddYXGewrqkW3_CzqfPNtpP7tUXOiyFyhSDsC54QP2pQjlka1pZjERXv6oXd4TAtWvw0FbA4Z8bmeSTsQ6d3hN3XuWmInr4e\/w469-h624\/2%20TURMA%20NO%20SHOPPING.jpg\" alt=\"\" style=\"aspect-ratio:0.7495559502664298;width:386px;height:auto\"\/><\/a><\/figure>\n\n\n\n<p><\/p>\n\n\n\n<p><strong>Roda de Conversa<\/strong><\/p>\n\n\n\n<p>A manh\u00e3 come\u00e7ou com uma roda de conversa liter\u00e1ria na Biblioteca Jaime C\u00e2mara, no Espa\u00e7o Cultural, com a escritora Dra. Gislene Camargo e o presidente da Academia Palmense de Letras (APL), Orion Milhomem. Os estudantes compartilharam suas experi\u00eancias e aprendizados sobre o projeto e a poesia, recebendo valiosas orienta\u00e7\u00f5es e diversas obras liter\u00e1rias como presente.<\/p>\n\n\n\n<figure class=\"wp-block-image is-resized\"><a href=\"https:\/\/blogger.googleusercontent.com\/img\/b\/R29vZ2xl\/AVvXsEgA10vw28yswSGzoseHs1tLegq_jLZhfkY1miWPLZ7NMu8gMFkC0k-niuMPDOdcSbZGncvrFGZW-rjn3n_qq3xKkJZpMRferSpoEP5qfx9trw2xUWvd9VhsBzzhSwDxjQwzSrg8RgBdIgNqswfhfg-Ip6vY4EHNx2UlxLb71NyQhU5EFozNskySd6aEjSOs\/s1600\/4%20Eletiva%20Poetas%20do%20Xod%C3%B3%20de%20Tocant%C3%ADnia%20proporciona%20aula%20interdisciplinar%20diferenciada%20em%20Palmas.jpeg\"><img decoding=\"async\" src=\"https:\/\/blogger.googleusercontent.com\/img\/b\/R29vZ2xl\/AVvXsEgA10vw28yswSGzoseHs1tLegq_jLZhfkY1miWPLZ7NMu8gMFkC0k-niuMPDOdcSbZGncvrFGZW-rjn3n_qq3xKkJZpMRferSpoEP5qfx9trw2xUWvd9VhsBzzhSwDxjQwzSrg8RgBdIgNqswfhfg-Ip6vY4EHNx2UlxLb71NyQhU5EFozNskySd6aEjSOs\/w491-h368\/4%20Eletiva%20Poetas%20do%20Xod%C3%B3%20de%20Tocant%C3%ADnia%20proporciona%20aula%20interdisciplinar%20diferenciada%20em%20Palmas.jpeg\" alt=\"\" style=\"width:811px;height:auto\"\/><\/a><\/figure>\n\n\n\n<p><\/p>\n\n\n\n<p><strong>Visita ao SBT<\/strong><\/p>\n\n\n\n<p>Em seguida, os estudantes visitaram os est\u00fadios do SBT, onde receberam instru\u00e7\u00f5es e treinamento com a jornalista Andressa Santos sobre comunica\u00e7\u00e3o, reportagem e transmiss\u00e3o de programas televisivos.&nbsp;&nbsp;<\/p>\n\n\n\n<figure class=\"wp-block-image size-large\"><img loading=\"lazy\" decoding=\"async\" width=\"1024\" height=\"576\" src=\"https:\/\/focotocantinense.com.br\/wp-content\/uploads\/2025\/12\/10-Turma-dos-Poetas-do-Xodo-de-Tocantinia-1024x576.jpeg\" alt=\"\" class=\"wp-image-11597\" srcset=\"https:\/\/focotocantinense.com.br\/wp-content\/uploads\/2025\/12\/10-Turma-dos-Poetas-do-Xodo-de-Tocantinia-1024x576.jpeg 1024w, https:\/\/focotocantinense.com.br\/wp-content\/uploads\/2025\/12\/10-Turma-dos-Poetas-do-Xodo-de-Tocantinia-300x169.jpeg 300w, https:\/\/focotocantinense.com.br\/wp-content\/uploads\/2025\/12\/10-Turma-dos-Poetas-do-Xodo-de-Tocantinia-768x432.jpeg 768w, https:\/\/focotocantinense.com.br\/wp-content\/uploads\/2025\/12\/10-Turma-dos-Poetas-do-Xodo-de-Tocantinia-1536x864.jpeg 1536w, https:\/\/focotocantinense.com.br\/wp-content\/uploads\/2025\/12\/10-Turma-dos-Poetas-do-Xodo-de-Tocantinia.jpeg 1600w\" sizes=\"auto, (max-width: 1024px) 100vw, 1024px\" \/><\/figure>\n\n\n\n<p><\/p>\n\n\n\n<p>Para o professor Andr\u00e9 Goveia, \u201cFoi uma experi\u00eancia \u00fanica, onde os estudantes puderam experimentar o papel de rep\u00f3rteres e aprender sobre a profiss\u00e3o\u201d.<\/p>\n\n\n\n<figure class=\"wp-block-image is-resized\"><a href=\"https:\/\/blogger.googleusercontent.com\/img\/b\/R29vZ2xl\/AVvXsEjGHWdzIYAgYAcgRgOGY931vB4fKtYpONqf_On_0t0QrfA1LBZW-n76H6XnThKoolK_aby8Zr95Z8UKtZLODjjG9xniVl5N76Yy82tMqmpu4ivlB4mFfLB_YyYs8IoN91puTERZe4Tf21MZ69XqVwzVb9PHzOJ89D8_cRoGyQ_790HJOTqNH80vaBQLlBNV\/s1600\/7%20Eletiva%20Poetas%20do%20Xod%C3%B3%20de%20Tocant%C3%ADnia%20proporciona%20aula%20interdisciplinar%20diferenciada%20em%20Palmas.jpg\"><img decoding=\"async\" src=\"https:\/\/blogger.googleusercontent.com\/img\/b\/R29vZ2xl\/AVvXsEjGHWdzIYAgYAcgRgOGY931vB4fKtYpONqf_On_0t0QrfA1LBZW-n76H6XnThKoolK_aby8Zr95Z8UKtZLODjjG9xniVl5N76Yy82tMqmpu4ivlB4mFfLB_YyYs8IoN91puTERZe4Tf21MZ69XqVwzVb9PHzOJ89D8_cRoGyQ_790HJOTqNH80vaBQLlBNV\/w469-h352\/7%20Eletiva%20Poetas%20do%20Xod%C3%B3%20de%20Tocant%C3%ADnia%20proporciona%20aula%20interdisciplinar%20diferenciada%20em%20Palmas.jpg\" alt=\"\" style=\"aspect-ratio:1.332388377037562;width:818px;height:auto\"\/><\/a><\/figure>\n\n\n\n<p><\/p>\n\n\n\n<p><strong>Educa\u00e7\u00e3o financeira<\/strong><\/p>\n\n\n\n<p>O professor Andr\u00e9&nbsp; Goveia informou ainda que durante o per\u00edodo dedicado ao&nbsp; almo\u00e7o, os estudantes aprenderam sobre educa\u00e7\u00e3o financeira com foco no protagonismo e projeto de vida, cuidando do seu pr\u00f3prio dinheiro.&nbsp; Goveia&nbsp; destaca que a iniciativa se transformou num momento importante para refletir sobre a import\u00e2ncia da gest\u00e3o financeira e como ela pode impactar o futuro.<\/p>\n\n\n\n<figure class=\"wp-block-image is-resized\"><a href=\"https:\/\/blogger.googleusercontent.com\/img\/b\/R29vZ2xl\/AVvXsEg25Z2fYzNzRXLvcT4BLhcV-ZHkopIjtxusloH3ju3ZaA95JoxHQlef0PhjGoMzu7SbJq-URBC-m3Av6sHfzkwNTa_cXSSKbtjsztOr_SlufU3ur0CHKXeiYy3o1azjZ4bwJLh-KNvGJnOczgVyRhm5pzC6cwaZPPxGhyPfVSkBT4FuGQbayksxsjiWNsH4\/s1600\/aaaaaaaaa.jpg\"><img decoding=\"async\" src=\"https:\/\/blogger.googleusercontent.com\/img\/b\/R29vZ2xl\/AVvXsEg25Z2fYzNzRXLvcT4BLhcV-ZHkopIjtxusloH3ju3ZaA95JoxHQlef0PhjGoMzu7SbJq-URBC-m3Av6sHfzkwNTa_cXSSKbtjsztOr_SlufU3ur0CHKXeiYy3o1azjZ4bwJLh-KNvGJnOczgVyRhm5pzC6cwaZPPxGhyPfVSkBT4FuGQbayksxsjiWNsH4\/w513-h385\/aaaaaaaaa.jpg\" alt=\"\" style=\"width:840px;height:auto\"\/><\/a><\/figure>\n\n\n\n<p><\/p>\n\n\n\n<p><strong>Visita ao shopping<\/strong><\/p>\n\n\n\n<p>\u00c0 tarde, os estudantes visitaram uma livraria no Capim Dourado Shopping, onde aprenderam como um escritor leva seus livros para serem vendidos&nbsp; nesse tipo de estabelecimento.&nbsp;<\/p>\n\n\n\n<p>\u201cFoi uma experi\u00eancia valiosa para entender o processo de publica\u00e7\u00e3o e comercializa\u00e7\u00e3o de livros, destacou o professor.<\/p>\n\n\n\n<figure class=\"wp-block-image is-resized\"><a href=\"https:\/\/blogger.googleusercontent.com\/img\/b\/R29vZ2xl\/AVvXsEjkVg_vCRbxl6jDZwzsZ8QDVG0BCjt3X6MLWtJrqZw77Rc6Mb_isKplwsRx0l34Wm-fuarcbQczFrOjL8GsVsquDriRnY5mIzkPDPkGIiDYzs8FnKXAGBo059K8S4Vev1ZsIEmEHtk3DkK9rh_hvDy3WMqgl2jox4mqOyZj0sZ_6OasRyJm4i4_KrtxE-tH\/s1600\/8%20visita%20ao%20museu%20de%20Palmas.jpg\"><img decoding=\"async\" src=\"https:\/\/blogger.googleusercontent.com\/img\/b\/R29vZ2xl\/AVvXsEjkVg_vCRbxl6jDZwzsZ8QDVG0BCjt3X6MLWtJrqZw77Rc6Mb_isKplwsRx0l34Wm-fuarcbQczFrOjL8GsVsquDriRnY5mIzkPDPkGIiDYzs8FnKXAGBo059K8S4Vev1ZsIEmEHtk3DkK9rh_hvDy3WMqgl2jox4mqOyZj0sZ_6OasRyJm4i4_KrtxE-tH\/w530-h706\/8%20visita%20ao%20museu%20de%20Palmas.jpg\" alt=\"\" style=\"width:840px;height:auto\"\/><\/a><\/figure>\n\n\n\n<p><\/p>\n\n\n\n<p><strong>Visita ao Museu<\/strong><\/p>\n\n\n\n<p>Para finalizar, os estudantes visitaram o Museu Su\u00e7uapara, onde puderam conhecer melhor sobre&nbsp; a hist\u00f3ria da capital, Palmas,&nbsp; e sobre elementos do cerrado com a exposi\u00e7\u00e3o Ecos da Serra. Tamb\u00e9m anotaram inspira\u00e7\u00f5es po\u00e9ticas e visitaram o Parque Cesamar, um espa\u00e7o de lazer e contempla\u00e7\u00e3o.<\/p>\n\n\n\n<figure class=\"wp-block-image is-resized\"><a href=\"https:\/\/blogger.googleusercontent.com\/img\/b\/R29vZ2xl\/AVvXsEh0UEJbkw8lJ_MoMprvl-uZ69gcuE_GR1qfcvq11DxRfXGFawJT919dL78kEx33gYyMTwbOsdUnH0bR_888ZBWUaIJZtc5miQKrM7tgVd4o2zlM8brWaMWEPkCrdNpgR_Rpj8osGqXGHLymL9kNBZ234QpR7j_ElEwUciwmKqviFfOiFcLmDECehuGgaL3U\/s1600\/9%20visita%20%20%C3%A0%20Biblioteca%20com%20a%20escritora%20Gislene.jpg\"><img decoding=\"async\" src=\"https:\/\/blogger.googleusercontent.com\/img\/b\/R29vZ2xl\/AVvXsEh0UEJbkw8lJ_MoMprvl-uZ69gcuE_GR1qfcvq11DxRfXGFawJT919dL78kEx33gYyMTwbOsdUnH0bR_888ZBWUaIJZtc5miQKrM7tgVd4o2zlM8brWaMWEPkCrdNpgR_Rpj8osGqXGHLymL9kNBZ234QpR7j_ElEwUciwmKqviFfOiFcLmDECehuGgaL3U\/w529-h705\/9%20visita%20%20%C3%A0%20Biblioteca%20com%20a%20escritora%20Gislene.jpg\" alt=\"\" style=\"width:840px;height:auto\"\/><\/a><\/figure>\n\n\n\n<p><\/p>\n\n\n\n<p>\u201cEssa aula campo foi uma experi\u00eancia incr\u00edvel para os estudantes do Projeto de Eletiva Poetas do Xod\u00f3, que puderam aprender e se inspirar em diversas \u00e1reas do conhecimento. Foi um dia inesquec\u00edvel\u201d, concluiu o professor Andr\u00e9 Goveia.<\/p>\n\n\n\n<figure class=\"wp-block-image is-resized\"><a href=\"https:\/\/blogger.googleusercontent.com\/img\/b\/R29vZ2xl\/AVvXsEjVRwlbQY-O16BQ5vdEJbL5wzWGcSAX8BZYPi1uGhCRudZ-2gu2-52nrg7jkx-u-lrKTHP2Pl0FjpSIIhFhJxdX1qruRdrr-rtRkXGrgFroM5iz1ZIhBgbcsdnNeVvHoXFHldJcPEI4-q50wA7mUNs7vMcA7JrImi5g7w0u6Yj8lVxDZ2DaHxCPuKrHufnO\/s727\/SHOW%20DE%20HUMOR%20DE%20VINICIUS%20MARTINS.jpeg\"><img decoding=\"async\" src=\"https:\/\/blogger.googleusercontent.com\/img\/b\/R29vZ2xl\/AVvXsEjVRwlbQY-O16BQ5vdEJbL5wzWGcSAX8BZYPi1uGhCRudZ-2gu2-52nrg7jkx-u-lrKTHP2Pl0FjpSIIhFhJxdX1qruRdrr-rtRkXGrgFroM5iz1ZIhBgbcsdnNeVvHoXFHldJcPEI4-q50wA7mUNs7vMcA7JrImi5g7w0u6Yj8lVxDZ2DaHxCPuKrHufnO\/w490-h124\/SHOW%20DE%20HUMOR%20DE%20VINICIUS%20MARTINS.jpeg\" alt=\"\" style=\"width:840px;height:auto\"\/><\/a><\/figure>\n","protected":false},"excerpt":{"rendered":"<p>Por Zacarias Martins Na quarta-feira, 17, estudantes do CEFYA \u2013 Centro Educacional F\u00e9 e Alegria Frei Ant\u00f4nio, de Tocant\u00ednia, na regi\u00e3o central do estado,&nbsp; que&nbsp; participam do&nbsp; Projeto de Eletiva Poetas do Xod\u00f3,&nbsp; sob a coordena\u00e7\u00e3o do poeta e professor Andr\u00e9 Goveia,&nbsp; viveram uma aula campo incr\u00edvel em Palmas, envolvendo diversas atividades interdisciplinares que abordaram &hellip;<\/p>\n","protected":false},"author":5,"featured_media":11597,"comment_status":"open","ping_status":"open","sticky":false,"template":"","format":"standard","meta":{"footnotes":""},"categories":[78],"tags":[],"class_list":["post-11596","post","type-post","status-publish","format-standard","has-post-thumbnail","","category-tocantinia"],"_links":{"self":[{"href":"https:\/\/focotocantinense.com.br\/index.php?rest_route=\/wp\/v2\/posts\/11596","targetHints":{"allow":["GET"]}}],"collection":[{"href":"https:\/\/focotocantinense.com.br\/index.php?rest_route=\/wp\/v2\/posts"}],"about":[{"href":"https:\/\/focotocantinense.com.br\/index.php?rest_route=\/wp\/v2\/types\/post"}],"author":[{"embeddable":true,"href":"https:\/\/focotocantinense.com.br\/index.php?rest_route=\/wp\/v2\/users\/5"}],"replies":[{"embeddable":true,"href":"https:\/\/focotocantinense.com.br\/index.php?rest_route=%2Fwp%2Fv2%2Fcomments&post=11596"}],"version-history":[{"count":3,"href":"https:\/\/focotocantinense.com.br\/index.php?rest_route=\/wp\/v2\/posts\/11596\/revisions"}],"predecessor-version":[{"id":11600,"href":"https:\/\/focotocantinense.com.br\/index.php?rest_route=\/wp\/v2\/posts\/11596\/revisions\/11600"}],"wp:featuredmedia":[{"embeddable":true,"href":"https:\/\/focotocantinense.com.br\/index.php?rest_route=\/wp\/v2\/media\/11597"}],"wp:attachment":[{"href":"https:\/\/focotocantinense.com.br\/index.php?rest_route=%2Fwp%2Fv2%2Fmedia&parent=11596"}],"wp:term":[{"taxonomy":"category","embeddable":true,"href":"https:\/\/focotocantinense.com.br\/index.php?rest_route=%2Fwp%2Fv2%2Fcategories&post=11596"},{"taxonomy":"post_tag","embeddable":true,"href":"https:\/\/focotocantinense.com.br\/index.php?rest_route=%2Fwp%2Fv2%2Ftags&post=11596"}],"curies":[{"name":"wp","href":"https:\/\/api.w.org\/{rel}","templated":true}]}}