{"id":11590,"date":"2025-12-18T17:14:38","date_gmt":"2025-12-18T20:14:38","guid":{"rendered":"https:\/\/focotocantinense.com.br\/?p=11590"},"modified":"2025-12-19T19:03:35","modified_gmt":"2025-12-19T22:03:35","slug":"monologo-o-homem-e-a-manha-sera-apresentado-hoje-em-araguaina-com-sessoes-gratuitas","status":"publish","type":"post","link":"https:\/\/focotocantinense.com.br\/?p=11590","title":{"rendered":"Mon\u00f3logo O Homem e a Mancha ser\u00e1 apresentado hoje em Aragua\u00edna com sess\u00f5es gratuitas"},"content":{"rendered":"\n<p><strong>Por Rodrigo Martins&nbsp;&nbsp;&nbsp;<\/strong>&nbsp;<\/p>\n\n\n\n<p>Entre fios, sil\u00eancio e gestos cotidianos, um homem atravessa a noite para reinventar a pr\u00f3pria exist\u00eancia. \u00c9 com essa atmosfera po\u00e9tica que o mon\u00f3logo\u00a0<strong><em>O Homem e a Mancha\u00a0<\/em><\/strong>chega hoje, 18, a Aragua\u00edna, com apresenta\u00e7\u00f5es \u00e0s 18h30 e \u00e0s 20h30, no Cineteatro do Grupo Artpalco, no Espa\u00e7o Cultural de Aragua\u00edna. A entrada \u00e9 gratuita.<\/p>\n\n\n\n<figure class=\"wp-block-image size-large is-resized\"><img loading=\"lazy\" decoding=\"async\" width=\"1024\" height=\"1021\" src=\"https:\/\/focotocantinense.com.br\/wp-content\/uploads\/2025\/12\/Apresentacao-Araguaina-1024x1021.jpeg\" alt=\"\" class=\"wp-image-11591\" style=\"aspect-ratio:1.0029476512070445;width:410px;height:auto\" srcset=\"https:\/\/focotocantinense.com.br\/wp-content\/uploads\/2025\/12\/Apresentacao-Araguaina-1024x1021.jpeg 1024w, https:\/\/focotocantinense.com.br\/wp-content\/uploads\/2025\/12\/Apresentacao-Araguaina-300x300.jpeg 300w, https:\/\/focotocantinense.com.br\/wp-content\/uploads\/2025\/12\/Apresentacao-Araguaina-150x150.jpeg 150w, https:\/\/focotocantinense.com.br\/wp-content\/uploads\/2025\/12\/Apresentacao-Araguaina-768x766.jpeg 768w, https:\/\/focotocantinense.com.br\/wp-content\/uploads\/2025\/12\/Apresentacao-Araguaina.jpeg 1081w\" sizes=\"auto, (max-width: 1024px) 100vw, 1024px\" \/><\/figure>\n\n\n\n<p><\/p>\n\n\n\n<p>Al\u00e9m da apresenta\u00e7\u00e3o do espet\u00e1culo, a programa\u00e7\u00e3o inclui um ensaio aberto, permitindo que o p\u00fablico acompanhe de perto o processo de montagem, cria\u00e7\u00e3o e dire\u00e7\u00e3o da obra. A proposta amplia o acesso ao teatro e convida os espectadores a compreenderem os caminhos criativos que constroem uma encena\u00e7\u00e3o, fortalecendo a rela\u00e7\u00e3o entre artista e p\u00fablico.<\/p>\n\n\n\n<p>Com atua\u00e7\u00e3o de Kak\u00e1 Nogueira, dire\u00e7\u00e3o de Mauri de Castro e texto de Caio Fernando Abreu, O Homem e a Manh\u00e3 constr\u00f3i uma narrativa sens\u00edvel e simb\u00f3lica sobre humanidade, cria\u00e7\u00e3o e recome\u00e7o. A encena\u00e7\u00e3o dialoga com o sil\u00eancio, o corpo e os objetos em cena, propondo uma experi\u00eancia que atravessa o tempo e provoca reflex\u00f5es sobre a condi\u00e7\u00e3o humana.<\/p>\n\n\n\n<p>A atividade conta com recursos da Lei Paulo Gustavo, por meio do Minist\u00e9rio da Cultura e da Secretaria da Cultura do Estado do Tocantins, fortalecendo a circula\u00e7\u00e3o das artes c\u00eanicas e o acesso gratuito \u00e0 cultura em Aragua\u00edna e regi\u00e3o.<\/p>\n\n\n\n<figure class=\"wp-block-image size-full is-resized\"><img loading=\"lazy\" decoding=\"async\" width=\"727\" height=\"184\" src=\"https:\/\/focotocantinense.com.br\/wp-content\/uploads\/2025\/12\/SHOW-DE-HUMOR-DE-VINICIUS-MARTINS-3.jpeg\" alt=\"\" class=\"wp-image-11592\" style=\"aspect-ratio:3.9510885773933793;width:828px;height:auto\" srcset=\"https:\/\/focotocantinense.com.br\/wp-content\/uploads\/2025\/12\/SHOW-DE-HUMOR-DE-VINICIUS-MARTINS-3.jpeg 727w, https:\/\/focotocantinense.com.br\/wp-content\/uploads\/2025\/12\/SHOW-DE-HUMOR-DE-VINICIUS-MARTINS-3-300x76.jpeg 300w\" sizes=\"auto, (max-width: 727px) 100vw, 727px\" \/><\/figure>\n","protected":false},"excerpt":{"rendered":"<p>Por Rodrigo Martins&nbsp;&nbsp;&nbsp;&nbsp; Entre fios, sil\u00eancio e gestos cotidianos, um homem atravessa a noite para reinventar a pr\u00f3pria exist\u00eancia. \u00c9 com essa atmosfera po\u00e9tica que o mon\u00f3logo\u00a0O Homem e a Mancha\u00a0chega hoje, 18, a Aragua\u00edna, com apresenta\u00e7\u00f5es \u00e0s 18h30 e \u00e0s 20h30, no Cineteatro do Grupo Artpalco, no Espa\u00e7o Cultural de Aragua\u00edna. A entrada \u00e9 &hellip;<\/p>\n","protected":false},"author":5,"featured_media":11591,"comment_status":"open","ping_status":"open","sticky":false,"template":"","format":"standard","meta":{"footnotes":""},"categories":[1],"tags":[],"class_list":["post-11590","post","type-post","status-publish","format-standard","has-post-thumbnail","","category-sem-categoria"],"_links":{"self":[{"href":"https:\/\/focotocantinense.com.br\/index.php?rest_route=\/wp\/v2\/posts\/11590","targetHints":{"allow":["GET"]}}],"collection":[{"href":"https:\/\/focotocantinense.com.br\/index.php?rest_route=\/wp\/v2\/posts"}],"about":[{"href":"https:\/\/focotocantinense.com.br\/index.php?rest_route=\/wp\/v2\/types\/post"}],"author":[{"embeddable":true,"href":"https:\/\/focotocantinense.com.br\/index.php?rest_route=\/wp\/v2\/users\/5"}],"replies":[{"embeddable":true,"href":"https:\/\/focotocantinense.com.br\/index.php?rest_route=%2Fwp%2Fv2%2Fcomments&post=11590"}],"version-history":[{"count":3,"href":"https:\/\/focotocantinense.com.br\/index.php?rest_route=\/wp\/v2\/posts\/11590\/revisions"}],"predecessor-version":[{"id":11610,"href":"https:\/\/focotocantinense.com.br\/index.php?rest_route=\/wp\/v2\/posts\/11590\/revisions\/11610"}],"wp:featuredmedia":[{"embeddable":true,"href":"https:\/\/focotocantinense.com.br\/index.php?rest_route=\/wp\/v2\/media\/11591"}],"wp:attachment":[{"href":"https:\/\/focotocantinense.com.br\/index.php?rest_route=%2Fwp%2Fv2%2Fmedia&parent=11590"}],"wp:term":[{"taxonomy":"category","embeddable":true,"href":"https:\/\/focotocantinense.com.br\/index.php?rest_route=%2Fwp%2Fv2%2Fcategories&post=11590"},{"taxonomy":"post_tag","embeddable":true,"href":"https:\/\/focotocantinense.com.br\/index.php?rest_route=%2Fwp%2Fv2%2Ftags&post=11590"}],"curies":[{"name":"wp","href":"https:\/\/api.w.org\/{rel}","templated":true}]}}