{"id":11583,"date":"2025-12-18T08:24:30","date_gmt":"2025-12-18T11:24:30","guid":{"rendered":"https:\/\/focotocantinense.com.br\/?p=11583"},"modified":"2025-12-18T08:32:32","modified_gmt":"2025-12-18T11:32:32","slug":"projeto-atelie-art-japiassu-encerra-ciclo-de-oficinas-apos-circular-por-escolas-e-espacos-comunitarios-de-gurupi","status":"publish","type":"post","link":"https:\/\/focotocantinense.com.br\/?p=11583","title":{"rendered":"Projeto Ateli\u00ea Art Japiass\u00fa encerra ciclo de oficinas ap\u00f3s circular por escolas e espa\u00e7os comunit\u00e1rios de Gurupi"},"content":{"rendered":"\n<p>O Projeto \u201cAteli\u00ea Art Japiass\u00fa\u201d chega ao seu encerramento ap\u00f3s um ano de intensa atua\u00e7\u00e3o em Gurupi, levando oficinas art\u00edsticas gratuitas a diferentes espa\u00e7os educativos, culturais e comunit\u00e1rios do munic\u00edpio mensalmentes. A \u00faltima atividade do projeto foi realizada neste m\u00eas com uma turma do IFTO, marcando o fechamento de um ciclo iniciado no come\u00e7o do ano.<\/p>\n\n\n\n<p>Ao longo de sua execu\u00e7\u00e3o, o projeto percorreu escolas p\u00fablicas estaduais e municipais, al\u00e9m de espa\u00e7os como CEIP, CRAS, Sesc e a\u00e7\u00f5es realizadas diretamente com a comunidade, ampliando o acesso \u00e0 arte para crian\u00e7as, adolescentes, jovens adultos e idosos em diferentes contextos sociais, beneficiando mais de 160 pessoas ao longo de sua execu\u00e7\u00e3o.<\/p>\n\n\n\n<figure class=\"wp-block-image is-resized\"><a href=\"https:\/\/blogger.googleusercontent.com\/img\/b\/R29vZ2xl\/AVvXsEhC4chtwawCsF9fhOLEMNnhuryHmQjLvXCDqM-3lAl10vXGBeu1IlyiaH1180ofC_VKhOE925hEBPe4Zsnk6ZB6G95fRWwb34n_JzAdGfyNvRYUEjKCIHYN0o378Tj3tURo91xgmGiIRZ4IbleJsPAtyCVMm4zx2bmPWeT_dqwyqeIX1yrChf6BZoa0VVdv\/s1280\/6%20Projeto%20Ateli%C3%AA%20Art%20Japiass%C3%BA%20encerra%20ciclo%20de%20oficinas%20ap%C3%B3s%20circular%20por%20escolas%20e%20espa%C3%A7os%20comunit%C3%A1rios%20de%20Gurupi..jpg\"><img decoding=\"async\" src=\"https:\/\/blogger.googleusercontent.com\/img\/b\/R29vZ2xl\/AVvXsEhC4chtwawCsF9fhOLEMNnhuryHmQjLvXCDqM-3lAl10vXGBeu1IlyiaH1180ofC_VKhOE925hEBPe4Zsnk6ZB6G95fRWwb34n_JzAdGfyNvRYUEjKCIHYN0o378Tj3tURo91xgmGiIRZ4IbleJsPAtyCVMm4zx2bmPWeT_dqwyqeIX1yrChf6BZoa0VVdv\/w557-h743\/6%20Projeto%20Ateli%C3%AA%20Art%20Japiass%C3%BA%20encerra%20ciclo%20de%20oficinas%20ap%C3%B3s%20circular%20por%20escolas%20e%20espa%C3%A7os%20comunit%C3%A1rios%20de%20Gurupi..jpg\" alt=\"\" style=\"width:407px;height:auto\"\/><\/a><\/figure>\n\n\n\n<p>As oficinas foram idealizadas e conduzidas pela arte-educadora e artista Lett\u00edcia Japiass\u00fa, que desenvolveu uma metodologia baseada na experimenta\u00e7\u00e3o art\u00edstica, no incentivo \u00e0 autonomia criativa e no respeito \u00e0s individualidades. Durante os encontros, os participantes tiveram contato com t\u00e9cnicas de pintura, lettering e personaliza\u00e7\u00e3o de pe\u00e7as, utilizando materiais como porcelana, vidro, MDF e ecobags, sempre com acompanhamento pedag\u00f3gico e est\u00edmulo \u00e0 livre express\u00e3o.<\/p>\n\n\n\n<figure class=\"wp-block-image is-resized\"><a href=\"https:\/\/blogger.googleusercontent.com\/img\/b\/R29vZ2xl\/AVvXsEjcmDORoonTh7ZUm-T7arVvIafGVJ6XxtEvWPnRsVy6nVgbFJOo9oMhCsAOHOV69jBt1lU5NI7rO3pIetN7pwYgWvHDbduLfxbLnI4JqunufRAiUMw4z_JISIOdgMqWoLEkcyb5nFwY1LIbs2E9ZVxpSQGkvd3J-ybuT2DZ644RankcRuK6_7uP_CSsfKDG\/s1280\/3%20Projeto%20Ateli%C3%AA%20Art%20Japiass%C3%BA%20encerra%20%20ciclo%20de%20oficinas%20ap%C3%B3s%20circular%20por%20escolas%20e%20espa%C3%A7os%20comunit%C3%A1rios%20de%20Gurupi..jpeg\"><img decoding=\"async\" src=\"https:\/\/blogger.googleusercontent.com\/img\/b\/R29vZ2xl\/AVvXsEjcmDORoonTh7ZUm-T7arVvIafGVJ6XxtEvWPnRsVy6nVgbFJOo9oMhCsAOHOV69jBt1lU5NI7rO3pIetN7pwYgWvHDbduLfxbLnI4JqunufRAiUMw4z_JISIOdgMqWoLEkcyb5nFwY1LIbs2E9ZVxpSQGkvd3J-ybuT2DZ644RankcRuK6_7uP_CSsfKDG\/w482-h322\/3%20Projeto%20Ateli%C3%AA%20Art%20Japiass%C3%BA%20encerra%20%20ciclo%20de%20oficinas%20ap%C3%B3s%20circular%20por%20escolas%20e%20espa%C3%A7os%20comunit%C3%A1rios%20de%20Gurupi..jpeg\" alt=\"\" style=\"width:840px;height:auto\"\/><\/a><\/figure>\n\n\n\n<p>As 12 oficinas foram pensadas como espa\u00e7os de experimenta\u00e7\u00e3o e acolhimento, como um ateli\u00ea criativo, onde cada participante p\u00f4de desenvolver sua identidade criativa. Todos os alunos receberam kits de materiais, e as produ\u00e7\u00f5es realizadas durante os encontros foram levadas para casa, refor\u00e7ando o v\u00ednculo entre arte, autoestima e pertencimento.<\/p>\n\n\n\n<figure class=\"wp-block-image is-resized\"><a href=\"https:\/\/blogger.googleusercontent.com\/img\/b\/R29vZ2xl\/AVvXsEgXcJQ00NX7k9SR-P-gSVu_-wEMoe7hxmKXz35E286qKbAFCWj-o3cFrEa3W6MqALT0nHh2EFg6ZHDTNK7oxjf9vRzfEbHzA6C5HemgDhFBmtoq9TprN-alJ2knpLiZQGCoZT8YZioFZSLScS8kZn8gHce94ACTnqxOQGEjmQZdHJmghcDJspmyJqVmWLLu\/s1280\/4%20Projeto%20Ateli%C3%AA%20Art%20Japiass%C3%BA%20encerra%20%20ciclo%20de%20oficinas%20ap%C3%B3s%20circular%20por%20escolas%20e%20espa%C3%A7os%20comunit%C3%A1rios%20de%20Gurupi..jpeg\"><img decoding=\"async\" src=\"https:\/\/blogger.googleusercontent.com\/img\/b\/R29vZ2xl\/AVvXsEgXcJQ00NX7k9SR-P-gSVu_-wEMoe7hxmKXz35E286qKbAFCWj-o3cFrEa3W6MqALT0nHh2EFg6ZHDTNK7oxjf9vRzfEbHzA6C5HemgDhFBmtoq9TprN-alJ2knpLiZQGCoZT8YZioFZSLScS8kZn8gHce94ACTnqxOQGEjmQZdHJmghcDJspmyJqVmWLLu\/w480-h321\/4%20Projeto%20Ateli%C3%AA%20Art%20Japiass%C3%BA%20encerra%20%20ciclo%20de%20oficinas%20ap%C3%B3s%20circular%20por%20escolas%20e%20espa%C3%A7os%20comunit%C3%A1rios%20de%20Gurupi..jpeg\" alt=\"\" style=\"width:840px;height:auto\"\/><\/a><\/figure>\n\n\n\n<p>Um dos pilares do Projeto Ateli\u00ea Art Japiass\u00fa foi a inclus\u00e3o e acessibilidade, contando com int\u00e9rprete de Libras e Psic\u00f3loga em suas atividades, conforme a necessidade de cada espa\u00e7o, garantindo a participa\u00e7\u00e3o mais inclusiva e aproximando a arte de p\u00fablicos que, muitas vezes, n\u00e3o t\u00eam acesso a esse tipo de forma\u00e7\u00e3o.<\/p>\n\n\n\n<figure class=\"wp-block-image is-resized\"><a href=\"https:\/\/blogger.googleusercontent.com\/img\/b\/R29vZ2xl\/AVvXsEgbGLfiHWoa9sZShE6Hq1l6AAM2IfIWed__uE0jkcaBG8HAidMrTas8OhWEHuz_6ZD3q_a0dni3DPY3hyphenhyphendH8UE2Y9jVZ0ybocFjgIYd0uFK5QUE41B_DYpJa2MDtBZuhf58xpdOrcnZ9V4foNC9IIbcrrrhVzzsWkIQrtbPn_QrbazVUF1nW6URBPdg4YyC\/s1280\/5%20Projeto%20Ateli%C3%AA%20Art%20Japiass%C3%BA%20encerra%20%20ciclo%20de%20oficinas%20ap%C3%B3s%20circular%20por%20escolas%20e%20espa%C3%A7os%20comunit%C3%A1rios%20de%20Gurupi..jpeg\"><img decoding=\"async\" src=\"https:\/\/blogger.googleusercontent.com\/img\/b\/R29vZ2xl\/AVvXsEgbGLfiHWoa9sZShE6Hq1l6AAM2IfIWed__uE0jkcaBG8HAidMrTas8OhWEHuz_6ZD3q_a0dni3DPY3hyphenhyphendH8UE2Y9jVZ0ybocFjgIYd0uFK5QUE41B_DYpJa2MDtBZuhf58xpdOrcnZ9V4foNC9IIbcrrrhVzzsWkIQrtbPn_QrbazVUF1nW6URBPdg4YyC\/w494-h278\/5%20Projeto%20Ateli%C3%AA%20Art%20Japiass%C3%BA%20encerra%20%20ciclo%20de%20oficinas%20ap%C3%B3s%20circular%20por%20escolas%20e%20espa%C3%A7os%20comunit%C3%A1rios%20de%20Gurupi..jpeg\" alt=\"\" style=\"width:827px;height:auto\"\/><\/a><\/figure>\n\n\n\n<p>Com recursos da Pol\u00edtica Nacional Aldir Blanc, o projeto reafirma a import\u00e2ncia do investimento em a\u00e7\u00f5es culturais cont\u00ednuas, capazes de transformar realidades por meio da arte e da educa\u00e7\u00e3o. O encerramento com a turma do IFTO simboliza n\u00e3o apenas o fim de um cronograma, mas o impacto duradouro deixado nos espa\u00e7os por onde o Ateli\u00ea Art Japiass\u00fa passou.<\/p>\n\n\n\n<p>Lett\u00edcia Japiass\u00fa \u00e9 atriz, artes\u00e3, produtora e arte educadora. Formada em Licenciatura em Artes C\u00eanicas e p\u00f3s-graduada em Arte-Educa\u00e7\u00e3o pelo Instituto Federal do Tocantins (IFTO), em Gurupi, integra o Grupo Motir\u00f5 de Teatro desde 2017.<\/p>\n\n\n\n<p>\u00c0 frente do Ateli\u00ea Art Japiass\u00fa, desenvolve trabalhos de Lettering e personaliza\u00e7\u00e3o art\u00edstica. Atua como Assessora Regional de Rede e M\u00eddias \u2013 Sul pelo Comit\u00ea de Cultura no Tocantins.<\/p>\n\n\n\n<figure class=\"wp-block-image is-resized\"><a href=\"https:\/\/blogger.googleusercontent.com\/img\/b\/R29vZ2xl\/AVvXsEjivXpNkOx6SJF4AHAZevXdQD2s_BQKFjOEzSzYSk-RecU7PElzA6Eo0uj_-Y3crIJuL8TTXFGaQ-M_BQIFe-wJwpcy4PFh-3g5kNqsOF0dCOAAJRno7U7h5bbZIoZ12DATFWwn6hGp9zglsMu-2OGp1hMoOz-uPt-IHz89qMgg3_BKYBG0oylVdYxiwV2A\/s727\/SHOW%20DE%20HUMOR%20DE%20VINICIUS%20MARTINS.jpeg\"><img decoding=\"async\" src=\"https:\/\/blogger.googleusercontent.com\/img\/b\/R29vZ2xl\/AVvXsEjivXpNkOx6SJF4AHAZevXdQD2s_BQKFjOEzSzYSk-RecU7PElzA6Eo0uj_-Y3crIJuL8TTXFGaQ-M_BQIFe-wJwpcy4PFh-3g5kNqsOF0dCOAAJRno7U7h5bbZIoZ12DATFWwn6hGp9zglsMu-2OGp1hMoOz-uPt-IHz89qMgg3_BKYBG0oylVdYxiwV2A\/w541-h137\/SHOW%20DE%20HUMOR%20DE%20VINICIUS%20MARTINS.jpeg\" alt=\"\" style=\"width:840px;height:auto\"\/><\/a><\/figure>\n","protected":false},"excerpt":{"rendered":"<p>O Projeto \u201cAteli\u00ea Art Japiass\u00fa\u201d chega ao seu encerramento ap\u00f3s um ano de intensa atua\u00e7\u00e3o em Gurupi, levando oficinas art\u00edsticas gratuitas a diferentes espa\u00e7os educativos, culturais e comunit\u00e1rios do munic\u00edpio mensalmentes. A \u00faltima atividade do projeto foi realizada neste m\u00eas com uma turma do IFTO, marcando o fechamento de um ciclo iniciado no come\u00e7o do &hellip;<\/p>\n","protected":false},"author":5,"featured_media":11584,"comment_status":"open","ping_status":"open","sticky":false,"template":"","format":"standard","meta":{"footnotes":""},"categories":[38],"tags":[],"class_list":["post-11583","post","type-post","status-publish","format-standard","has-post-thumbnail","","category-gurupi"],"_links":{"self":[{"href":"https:\/\/focotocantinense.com.br\/index.php?rest_route=\/wp\/v2\/posts\/11583","targetHints":{"allow":["GET"]}}],"collection":[{"href":"https:\/\/focotocantinense.com.br\/index.php?rest_route=\/wp\/v2\/posts"}],"about":[{"href":"https:\/\/focotocantinense.com.br\/index.php?rest_route=\/wp\/v2\/types\/post"}],"author":[{"embeddable":true,"href":"https:\/\/focotocantinense.com.br\/index.php?rest_route=\/wp\/v2\/users\/5"}],"replies":[{"embeddable":true,"href":"https:\/\/focotocantinense.com.br\/index.php?rest_route=%2Fwp%2Fv2%2Fcomments&post=11583"}],"version-history":[{"count":3,"href":"https:\/\/focotocantinense.com.br\/index.php?rest_route=\/wp\/v2\/posts\/11583\/revisions"}],"predecessor-version":[{"id":11588,"href":"https:\/\/focotocantinense.com.br\/index.php?rest_route=\/wp\/v2\/posts\/11583\/revisions\/11588"}],"wp:featuredmedia":[{"embeddable":true,"href":"https:\/\/focotocantinense.com.br\/index.php?rest_route=\/wp\/v2\/media\/11584"}],"wp:attachment":[{"href":"https:\/\/focotocantinense.com.br\/index.php?rest_route=%2Fwp%2Fv2%2Fmedia&parent=11583"}],"wp:term":[{"taxonomy":"category","embeddable":true,"href":"https:\/\/focotocantinense.com.br\/index.php?rest_route=%2Fwp%2Fv2%2Fcategories&post=11583"},{"taxonomy":"post_tag","embeddable":true,"href":"https:\/\/focotocantinense.com.br\/index.php?rest_route=%2Fwp%2Fv2%2Ftags&post=11583"}],"curies":[{"name":"wp","href":"https:\/\/api.w.org\/{rel}","templated":true}]}}