{"id":11579,"date":"2025-12-17T21:08:51","date_gmt":"2025-12-18T00:08:51","guid":{"rendered":"https:\/\/focotocantinense.com.br\/?p=11579"},"modified":"2025-12-17T21:09:44","modified_gmt":"2025-12-18T00:09:44","slug":"formoso-do-araguaia-rompe-fronteiras-e-gestao-israel-kawe-projeta-o-municipio-no-radar-global-do-agronegocio","status":"publish","type":"post","link":"https:\/\/focotocantinense.com.br\/?p=11579","title":{"rendered":"Formoso do Araguaia rompe fronteiras e gest\u00e3o Israel Kaw\u00ea projeta o munic\u00edpio no radar global do Agroneg\u00f3cio"},"content":{"rendered":"\n<p><em>Em um salto hist\u00f3rico de desenvolvimento, o munic\u00edpio apresenta seu potencial h\u00eddrico ao mercado asi\u00e1tico e consolida-se como a nova fronteira da agricultura inteligente sob a lideran\u00e7a de uma gest\u00e3o vision\u00e1ria.<\/em><\/p>\n\n\n\n<p><strong><em>Por Jonas Amaral<\/em><\/strong><\/p>\n\n\n\n<p>Ap\u00f3s d\u00e9cadas de estagna\u00e7\u00e3o e sil\u00eancio, Formoso do Araguaia vive um renascimento sem precedentes. O que antes era apenas potencial latente, transformou-se em realidade estrat\u00e9gica sob a batuta do prefeito Israel Kaw\u00ea. Em apenas um ano de administra\u00e7\u00e3o, a cidade rompeu as barreiras do Tocantins para se posicionar como um player de peso no cen\u00e1rio internacional. Este novo vigor foi o grande protagonista durante o recente Semin\u00e1rio Vietn\u00e3\u2013Brasil, onde Formoso n\u00e3o foi apenas uma participante, mas o centro das aten\u00e7\u00f5es em debates sobre investimentos de alta performance.<\/p>\n\n\n\n<p><strong><em>A For\u00e7a da Irriga\u00e7\u00e3o e o Olhar do Oriente<\/em><\/strong><\/p>\n\n\n\n<p>O cora\u00e7\u00e3o da nova estrat\u00e9gia econ\u00f4mica municipal reside no Projeto de Irriga\u00e7\u00e3o de Formoso do Araguaia. Durante o evento \u2014 realizado via videoconfer\u00eancia gra\u00e7as \u00e0 articula\u00e7\u00e3o conjunta do deputado federal Filipe Martins e da Embaixada do Vietn\u00e3 \u2014 a cidade apresentou suas credenciais h\u00eddricas a uma audi\u00eancia seleta de autoridades e investidores. A capacidade de produ\u00e7\u00e3o em larga escala, aliada ao uso intensivo de tecnologia, despertou o interesse direto de investidores do Sudeste Asi\u00e1tico, que veem no munic\u00edpio o parceiro ideal para garantir a seguran\u00e7a alimentar da regi\u00e3o da ASEAN.<\/p>\n\n\n\n<p><strong><em>Gest\u00e3o T\u00e9cnica e Parceria de Resultados<\/em><\/strong><\/p>\n\n\n\n<p>O sucesso na vitrine global \u00e9 o resultado de uma constru\u00e7\u00e3o meticulosa entre pol\u00edtica e t\u00e9cnica. O agr\u00f4nomo e empres\u00e1rio Evaldo Costa, da empresa Manejo do Agro que tamb\u00e9m participou da reuni\u00e3o por v\u00eddeo confer\u00eancia, detalhou os diferenciais competitivos que tornam Formoso imbat\u00edvel: a combina\u00e7\u00e3o de abund\u00e2ncia natural com processos de agricultura inteligente. Essa robustez t\u00e9cnica garante que o munic\u00edpio esteja pronto para atender \u00e0s exig\u00eancias mais rigorosas do mercado externo, um n\u00edvel de prontid\u00e3o que \u00e9 marca registrada da atual gest\u00e3o.<\/p>\n\n\n\n<figure class=\"wp-block-image size-full is-resized\"><img loading=\"lazy\" decoding=\"async\" width=\"768\" height=\"504\" src=\"https:\/\/focotocantinense.com.br\/wp-content\/uploads\/2025\/12\/WhatsApp-Image-2025-12-17-at-09.09.52-768x504-1.jpeg\" alt=\"\" class=\"wp-image-11580\" style=\"width:840px;height:auto\" srcset=\"https:\/\/focotocantinense.com.br\/wp-content\/uploads\/2025\/12\/WhatsApp-Image-2025-12-17-at-09.09.52-768x504-1.jpeg 768w, https:\/\/focotocantinense.com.br\/wp-content\/uploads\/2025\/12\/WhatsApp-Image-2025-12-17-at-09.09.52-768x504-1-300x197.jpeg 300w\" sizes=\"auto, (max-width: 768px) 100vw, 768px\" \/><\/figure>\n\n\n\n<p><\/p>\n\n\n\n<p><strong><em>O Compromisso com o Futuro: A Fala de Ad\u00e3o Coutinho<\/em><\/strong><\/p>\n\n\n\n<p>Presente no evento atrav\u00e9s de v\u00eddeo confer\u00eancia, e representando o poder executivo, o Secret\u00e1rio de Agroneg\u00f3cios e Desenvolvimento Econ\u00f4mico, Ad\u00e3o Coutinho, refor\u00e7ou que este momento \u00e9 o reflexo direto de uma lideran\u00e7a que acredita na inova\u00e7\u00e3o. Segundo o secret\u00e1rio, o apoio incondicional do prefeito foi o combust\u00edvel para essa conquista.<\/p>\n\n\n\n<p><em>\u201cO que estamos vendo hoje \u00e9 a colheita de uma semente de coragem plantada pelo prefeito Israel Kaw\u00ea. Ele n\u00e3o apenas nos deu a miss\u00e3o de modernizar nosso agroneg\u00f3cio, mas nos deu as ferramentas e o suporte pol\u00edtico necess\u00e1rio para chegarmos ao mercado internacional. A gest\u00e3o de Kaw\u00ea tirou Formoso de um isolamento de d\u00e9cadas; hoje, o mundo olha para n\u00f3s porque temos um prefeito que trabalha com seriedade, vis\u00e3o de futuro e um amor profundo por esta terra. Esse projeto de irriga\u00e7\u00e3o \u00e9 o nosso passaporte para o desenvolvimento, e o apoio do prefeito tem sido o pilar para que possamos transformar nossa cidade em um polo global de exporta\u00e7\u00e3o\u201d,&nbsp;<\/em>comentou o secret\u00e1rio.<\/p>\n\n\n\n<p><strong><em>Diplomacia Econ\u00f4mica e Pr\u00f3ximos Passos<\/em><\/strong><\/p>\n\n\n\n<p>Como desdobramento imediato do semin\u00e1rio, o Embaixador do Vietn\u00e3 no Brasil j\u00e1 sinalizou a realiza\u00e7\u00e3o de uma visita oficial ao munic\u00edpio. Caso as tratativas em andamento se consolidem, o encontro poder\u00e1 marcar o in\u00edcio de uma nova fase de desenvolvimento, com gera\u00e7\u00e3o de empregos, renda e valor agregado para a popula\u00e7\u00e3o local, projetando o munic\u00edpio como uma estrela ascendente do agroneg\u00f3cio tocantinense.<\/p>\n\n\n\n<p><\/p>\n\n\n\n<figure class=\"wp-block-image size-full is-resized\"><img loading=\"lazy\" decoding=\"async\" width=\"727\" height=\"184\" src=\"https:\/\/focotocantinense.com.br\/wp-content\/uploads\/2025\/12\/SHOW-DE-HUMOR-DE-VINICIUS-MARTINS-2.jpeg\" alt=\"\" class=\"wp-image-11555\" style=\"width:838px;height:auto\" srcset=\"https:\/\/focotocantinense.com.br\/wp-content\/uploads\/2025\/12\/SHOW-DE-HUMOR-DE-VINICIUS-MARTINS-2.jpeg 727w, https:\/\/focotocantinense.com.br\/wp-content\/uploads\/2025\/12\/SHOW-DE-HUMOR-DE-VINICIUS-MARTINS-2-300x76.jpeg 300w\" sizes=\"auto, (max-width: 727px) 100vw, 727px\" \/><\/figure>\n","protected":false},"excerpt":{"rendered":"<p>Em um salto hist\u00f3rico de desenvolvimento, o munic\u00edpio apresenta seu potencial h\u00eddrico ao mercado asi\u00e1tico e consolida-se como a nova fronteira da agricultura inteligente sob a lideran\u00e7a de uma gest\u00e3o vision\u00e1ria. Por Jonas Amaral Ap\u00f3s d\u00e9cadas de estagna\u00e7\u00e3o e sil\u00eancio, Formoso do Araguaia vive um renascimento sem precedentes. O que antes era apenas potencial latente, &hellip;<\/p>\n","protected":false},"author":5,"featured_media":11580,"comment_status":"open","ping_status":"open","sticky":false,"template":"","format":"standard","meta":{"footnotes":""},"categories":[51],"tags":[],"class_list":["post-11579","post","type-post","status-publish","format-standard","has-post-thumbnail","","category-formoso-do-araguaia"],"_links":{"self":[{"href":"https:\/\/focotocantinense.com.br\/index.php?rest_route=\/wp\/v2\/posts\/11579","targetHints":{"allow":["GET"]}}],"collection":[{"href":"https:\/\/focotocantinense.com.br\/index.php?rest_route=\/wp\/v2\/posts"}],"about":[{"href":"https:\/\/focotocantinense.com.br\/index.php?rest_route=\/wp\/v2\/types\/post"}],"author":[{"embeddable":true,"href":"https:\/\/focotocantinense.com.br\/index.php?rest_route=\/wp\/v2\/users\/5"}],"replies":[{"embeddable":true,"href":"https:\/\/focotocantinense.com.br\/index.php?rest_route=%2Fwp%2Fv2%2Fcomments&post=11579"}],"version-history":[{"count":2,"href":"https:\/\/focotocantinense.com.br\/index.php?rest_route=\/wp\/v2\/posts\/11579\/revisions"}],"predecessor-version":[{"id":11582,"href":"https:\/\/focotocantinense.com.br\/index.php?rest_route=\/wp\/v2\/posts\/11579\/revisions\/11582"}],"wp:featuredmedia":[{"embeddable":true,"href":"https:\/\/focotocantinense.com.br\/index.php?rest_route=\/wp\/v2\/media\/11580"}],"wp:attachment":[{"href":"https:\/\/focotocantinense.com.br\/index.php?rest_route=%2Fwp%2Fv2%2Fmedia&parent=11579"}],"wp:term":[{"taxonomy":"category","embeddable":true,"href":"https:\/\/focotocantinense.com.br\/index.php?rest_route=%2Fwp%2Fv2%2Fcategories&post=11579"},{"taxonomy":"post_tag","embeddable":true,"href":"https:\/\/focotocantinense.com.br\/index.php?rest_route=%2Fwp%2Fv2%2Ftags&post=11579"}],"curies":[{"name":"wp","href":"https:\/\/api.w.org\/{rel}","templated":true}]}}