{"id":11572,"date":"2025-12-16T19:26:38","date_gmt":"2025-12-16T22:26:38","guid":{"rendered":"https:\/\/focotocantinense.com.br\/?p=11572"},"modified":"2025-12-16T19:28:26","modified_gmt":"2025-12-16T22:28:26","slug":"projeto-livros-e-historias-na-praca-promove-leitura-cultura-e-inclusao-em-municipios-da-regiao-norte","status":"publish","type":"post","link":"https:\/\/focotocantinense.com.br\/?p=11572","title":{"rendered":"Projeto \u201cLivros e Hist\u00f3rias na Pra\u00e7a\u201d promove leitura, cultura e inclus\u00e3o em munic\u00edpios da Regi\u00e3o Norte"},"content":{"rendered":"\n<p><br>O projeto Livros e Hist\u00f3rias na Pra\u00e7a, contemplado pelo Edital Rouanet Norte, realizou uma ampla a\u00e7\u00e3o de incentivo \u00e0 leitura e valoriza\u00e7\u00e3o da cultura popular em 10 munic\u00edpios da Regi\u00e3o Norte do Brasil, levando literatura, brincadeiras e atividades culturais a espa\u00e7os p\u00fablicos de conviv\u00eancia. A iniciativa contou com o patroc\u00ednio do Banco da Amaz\u00f4nia, Banco do Brasil, Correios&nbsp;e Caixa Econ\u00f4mica Federal, e teve como proponente Victoria Santiago.<\/p>\n\n\n\n<figure class=\"wp-block-image size-large is-resized\"><img loading=\"lazy\" decoding=\"async\" width=\"576\" height=\"1024\" src=\"https:\/\/focotocantinense.com.br\/wp-content\/uploads\/2025\/12\/4-Irma-Galhardo-em-acao-Foto-Divulgacao-576x1024.jpeg\" alt=\"\" class=\"wp-image-11574\" style=\"aspect-ratio:0.5625064626202048;width:392px;height:auto\" srcset=\"https:\/\/focotocantinense.com.br\/wp-content\/uploads\/2025\/12\/4-Irma-Galhardo-em-acao-Foto-Divulgacao-576x1024.jpeg 576w, https:\/\/focotocantinense.com.br\/wp-content\/uploads\/2025\/12\/4-Irma-Galhardo-em-acao-Foto-Divulgacao-169x300.jpeg 169w, https:\/\/focotocantinense.com.br\/wp-content\/uploads\/2025\/12\/4-Irma-Galhardo-em-acao-Foto-Divulgacao-768x1365.jpeg 768w, https:\/\/focotocantinense.com.br\/wp-content\/uploads\/2025\/12\/4-Irma-Galhardo-em-acao-Foto-Divulgacao-864x1536.jpeg 864w, https:\/\/focotocantinense.com.br\/wp-content\/uploads\/2025\/12\/4-Irma-Galhardo-em-acao-Foto-Divulgacao.jpeg 900w\" sizes=\"auto, (max-width: 576px) 100vw, 576px\" \/><\/figure>\n\n\n\n<p><br>Ao todo, foram realizadas 50 edi\u00e7\u00f5es&nbsp;do projeto em pra\u00e7as p\u00fablicas de diferentes cidades, transformando esses espa\u00e7os em verdadeiros pontos de encontro entre livros, hist\u00f3rias e comunidades. A programa\u00e7\u00e3o incluiu conta\u00e7\u00e3o de hist\u00f3rias, brincadeiras tradicionais, cantigas de roda, media\u00e7\u00e3o de leitura&nbsp;e doa\u00e7\u00e3o de livros infantis, fortalecendo o acesso \u00e0 leitura desde a inf\u00e2ncia e estimulando o h\u00e1bito leitor de forma l\u00fadica e acess\u00edvel.<\/p>\n\n\n\n<figure class=\"wp-block-image size-full\"><img loading=\"lazy\" decoding=\"async\" width=\"960\" height=\"720\" src=\"https:\/\/focotocantinense.com.br\/wp-content\/uploads\/2025\/12\/1-Irma-Galhardo-em-acao-contando-historias-para-criancas-foto-divulgacao.jpg\" alt=\"\" class=\"wp-image-11573\" srcset=\"https:\/\/focotocantinense.com.br\/wp-content\/uploads\/2025\/12\/1-Irma-Galhardo-em-acao-contando-historias-para-criancas-foto-divulgacao.jpg 960w, https:\/\/focotocantinense.com.br\/wp-content\/uploads\/2025\/12\/1-Irma-Galhardo-em-acao-contando-historias-para-criancas-foto-divulgacao-300x225.jpg 300w, https:\/\/focotocantinense.com.br\/wp-content\/uploads\/2025\/12\/1-Irma-Galhardo-em-acao-contando-historias-para-criancas-foto-divulgacao-768x576.jpg 768w\" sizes=\"auto, (max-width: 960px) 100vw, 960px\" \/><\/figure>\n\n\n\n<p><br>No Tocantins, embora as pra\u00e7as contempladas pelas atividades presenciais estivessem localizadas na capital, Palmas, o projeto ampliou seu alcance e beneficiou tamb\u00e9m munic\u00edpios do interior por meio da doa\u00e7\u00e3o de livros. Um dos destaques foi a cidade de Gurupi, onde a Biblioteca Quintal de Mem\u00f3rias&nbsp;recebeu a doa\u00e7\u00e3o de 230 exemplares de livros de literatura infantil. A iniciativa representa uma contribui\u00e7\u00e3o significativa para o fortalecimento das a\u00e7\u00f5es de leitura no munic\u00edpio, impactando positivamente crian\u00e7as, educadores e a comunidade em geral.<\/p>\n\n\n\n<figure class=\"wp-block-image size-full\"><img loading=\"lazy\" decoding=\"async\" width=\"960\" height=\"720\" src=\"https:\/\/focotocantinense.com.br\/wp-content\/uploads\/2025\/12\/3-Foi-um-grande-aprendizado-para-a-gurizada-Foto-Divulgacao.jpg\" alt=\"\" class=\"wp-image-11575\" srcset=\"https:\/\/focotocantinense.com.br\/wp-content\/uploads\/2025\/12\/3-Foi-um-grande-aprendizado-para-a-gurizada-Foto-Divulgacao.jpg 960w, https:\/\/focotocantinense.com.br\/wp-content\/uploads\/2025\/12\/3-Foi-um-grande-aprendizado-para-a-gurizada-Foto-Divulgacao-300x225.jpg 300w, https:\/\/focotocantinense.com.br\/wp-content\/uploads\/2025\/12\/3-Foi-um-grande-aprendizado-para-a-gurizada-Foto-Divulgacao-768x576.jpg 768w\" sizes=\"auto, (max-width: 960px) 100vw, 960px\" \/><\/figure>\n\n\n\n<p><br>O Livros e Hist\u00f3rias na Pra\u00e7a&nbsp;reafirma o compromisso com a democratiza\u00e7\u00e3o do acesso ao livro e \u00e0 cultura, valorizando a oralidade, a tradi\u00e7\u00e3o popular e o direito \u00e0 leitura em espa\u00e7os p\u00fablicos. O projeto evidencia a import\u00e2ncia das pol\u00edticas de incentivo cultural e do apoio institucional para a promo\u00e7\u00e3o de transforma\u00e7\u00f5es sociais por meio da educa\u00e7\u00e3o e da cultura.<br>Projeto Livros e Hist\u00f3rias na Pra\u00e7a<\/p>\n\n\n\n<p>Incentivo: Edital Rouanet Norte<\/p>\n\n\n\n<p>Patroc\u00ednio: Banco da Amaz\u00f4nia, Banco do Brasil, Correios e Caixa Econ\u00f4mica Federal<\/p>\n","protected":false},"excerpt":{"rendered":"<p>O projeto Livros e Hist\u00f3rias na Pra\u00e7a, contemplado pelo Edital Rouanet Norte, realizou uma ampla a\u00e7\u00e3o de incentivo \u00e0 leitura e valoriza\u00e7\u00e3o da cultura popular em 10 munic\u00edpios da Regi\u00e3o Norte do Brasil, levando literatura, brincadeiras e atividades culturais a espa\u00e7os p\u00fablicos de conviv\u00eancia. A iniciativa contou com o patroc\u00ednio do Banco da Amaz\u00f4nia, Banco &hellip;<\/p>\n","protected":false},"author":5,"featured_media":11573,"comment_status":"open","ping_status":"open","sticky":false,"template":"","format":"standard","meta":{"footnotes":""},"categories":[38],"tags":[],"class_list":["post-11572","post","type-post","status-publish","format-standard","has-post-thumbnail","","category-gurupi"],"_links":{"self":[{"href":"https:\/\/focotocantinense.com.br\/index.php?rest_route=\/wp\/v2\/posts\/11572","targetHints":{"allow":["GET"]}}],"collection":[{"href":"https:\/\/focotocantinense.com.br\/index.php?rest_route=\/wp\/v2\/posts"}],"about":[{"href":"https:\/\/focotocantinense.com.br\/index.php?rest_route=\/wp\/v2\/types\/post"}],"author":[{"embeddable":true,"href":"https:\/\/focotocantinense.com.br\/index.php?rest_route=\/wp\/v2\/users\/5"}],"replies":[{"embeddable":true,"href":"https:\/\/focotocantinense.com.br\/index.php?rest_route=%2Fwp%2Fv2%2Fcomments&post=11572"}],"version-history":[{"count":3,"href":"https:\/\/focotocantinense.com.br\/index.php?rest_route=\/wp\/v2\/posts\/11572\/revisions"}],"predecessor-version":[{"id":11578,"href":"https:\/\/focotocantinense.com.br\/index.php?rest_route=\/wp\/v2\/posts\/11572\/revisions\/11578"}],"wp:featuredmedia":[{"embeddable":true,"href":"https:\/\/focotocantinense.com.br\/index.php?rest_route=\/wp\/v2\/media\/11573"}],"wp:attachment":[{"href":"https:\/\/focotocantinense.com.br\/index.php?rest_route=%2Fwp%2Fv2%2Fmedia&parent=11572"}],"wp:term":[{"taxonomy":"category","embeddable":true,"href":"https:\/\/focotocantinense.com.br\/index.php?rest_route=%2Fwp%2Fv2%2Fcategories&post=11572"},{"taxonomy":"post_tag","embeddable":true,"href":"https:\/\/focotocantinense.com.br\/index.php?rest_route=%2Fwp%2Fv2%2Ftags&post=11572"}],"curies":[{"name":"wp","href":"https:\/\/api.w.org\/{rel}","templated":true}]}}