{"id":11563,"date":"2025-12-15T17:28:21","date_gmt":"2025-12-15T20:28:21","guid":{"rendered":"https:\/\/focotocantinense.com.br\/?p=11563"},"modified":"2025-12-15T17:31:35","modified_gmt":"2025-12-15T20:31:35","slug":"araguaina-ganha-novo-polo-cultural-com-a-inauguracao-da-sede-do-instituto-social-e-cultural-araguaia-isca-em-parceria-com-o-grupo-artpalco","status":"publish","type":"post","link":"https:\/\/focotocantinense.com.br\/?p=11563","title":{"rendered":"Aragua\u00edna ganha novo polo cultural com a inaugura\u00e7\u00e3o da sede do Instituto Social e Cultural Araguaia (Isca) em parceria com o Grupo Artpalco"},"content":{"rendered":"\n<p>Aragua\u00edna celebra um marco hist\u00f3rico para a cultura e o desenvolvimento social do munic\u00edpio com a inaugura\u00e7\u00e3o oficial da sede do Instituto Social e Cultural Araguaia (Isca) em parceria com o Grupo Artpalco. O novo complexo cultural nasce da parceria entre o Isca e Artpalco e transforma um antigo galp\u00e3o em um espa\u00e7o vivo, acess\u00edvel e pulsante de arte, forma\u00e7\u00e3o e pertencimento.<\/p>\n\n\n\n<p>O espa\u00e7o foi completamente revitalizado e hoje abriga uma estrutura moderna e acolhedora, com salas administrativas, salas de dan\u00e7a e artes, camarim, dep\u00f3sito de cen\u00e1rios, \u00e1reas de conviv\u00eancia, exposi\u00e7\u00e3o permanente de artistas locais e um teatro de bolso com capacidade para 100 pessoas, equipado com ilumina\u00e7\u00e3o e sonoriza\u00e7\u00e3o profissional e acessibilidade para pessoas com defici\u00eancia, incluindo espa\u00e7o para cadeirantes, audiodescri\u00e7\u00e3o e tradu\u00e7\u00e3o em Libras.<\/p>\n\n\n\n<figure class=\"wp-block-image size-large is-resized\"><img loading=\"lazy\" decoding=\"async\" width=\"1024\" height=\"768\" src=\"https:\/\/focotocantinense.com.br\/wp-content\/uploads\/2025\/12\/3-ISCA-1024x768.jpeg\" alt=\"\" class=\"wp-image-11564\" style=\"width:399px;height:auto\" srcset=\"https:\/\/focotocantinense.com.br\/wp-content\/uploads\/2025\/12\/3-ISCA-1024x768.jpeg 1024w, https:\/\/focotocantinense.com.br\/wp-content\/uploads\/2025\/12\/3-ISCA-300x225.jpeg 300w, https:\/\/focotocantinense.com.br\/wp-content\/uploads\/2025\/12\/3-ISCA-768x576.jpeg 768w, https:\/\/focotocantinense.com.br\/wp-content\/uploads\/2025\/12\/3-ISCA-1536x1152.jpeg 1536w, https:\/\/focotocantinense.com.br\/wp-content\/uploads\/2025\/12\/3-ISCA-2048x1536.jpeg 2048w\" sizes=\"auto, (max-width: 1024px) 100vw, 1024px\" \/><\/figure>\n\n\n\n<p><\/p>\n\n\n\n<p>Desde maio, o local j\u00e1 funciona em plena atividade, oferecendo mais de 10 cursos art\u00edsticos, entre ballet, baby class, canto, dan\u00e7a de sal\u00e3o, desenho, jazz, K-pop, teatro e viol\u00e3o. S\u00e3o 30 turmas, atendendo crian\u00e7as, jovens, adultos e idosos, com aulas das 8h \u00e0s 22h, de segunda a sexta-feira. Em 2025, 282 alunos j\u00e1 passaram pelo espa\u00e7o, sendo cerca de 150 alunos ativos, incluindo bolsistas, pessoas de baixa renda, estudantes da rede p\u00fablica e inscritos no Cad\u00danico.<\/p>\n\n\n\n<p>Nos fins de semana, o teatro se transforma em palco para espet\u00e1culos que j\u00e1 atra\u00edram mais de 1.200 espectadores, consolidando o espa\u00e7o como refer\u00eancia para a produ\u00e7\u00e3o e frui\u00e7\u00e3o cultural em Aragua\u00edna. Al\u00e9m disso, o local se destaca pelo compromisso com a acessibilidade, sendo o \u00fanico espa\u00e7o do Tocantins, voltado \u00e0 cultura, a contar com 10 equipamentos profissionais de audiodescri\u00e7\u00e3o, permitindo o atendimento simult\u00e2neo de pessoas cegas, e cerca de 70% dos espet\u00e1culos contam com tradu\u00e7\u00e3o em Libras.<\/p>\n\n\n\n<figure class=\"wp-block-image\"><img decoding=\"async\" src=\"http:\/\/n1to.com.br\/img\/uploads\/2_ISCA.jpeg\" alt=\"\"\/><\/figure>\n\n\n\n<p><\/p>\n\n\n\n<p><strong>Sonho<\/strong><\/p>\n\n\n\n<p>A presidente do Instituto Social e Cultural Araguaia, Ana Cristina dos Santos Lira, destaca o impacto social do projeto. \u201cO Isca nasce com a miss\u00e3o de garantir acesso, dignidade e oportunidades por meio da cultura. Aqui, a arte n\u00e3o \u00e9 privil\u00e9gio, \u00e9 direito. Cada aluno atendido, cada fam\u00edlia acolhida, refor\u00e7a nosso compromisso com uma cidade mais humana e inclusiva.\u201d<\/p>\n\n\n\n<figure class=\"wp-block-image size-large\"><img loading=\"lazy\" decoding=\"async\" width=\"1024\" height=\"768\" src=\"https:\/\/focotocantinense.com.br\/wp-content\/uploads\/2025\/12\/1-ISCA-1024x768.jpg\" alt=\"\" class=\"wp-image-11568\" srcset=\"https:\/\/focotocantinense.com.br\/wp-content\/uploads\/2025\/12\/1-ISCA-1024x768.jpg 1024w, https:\/\/focotocantinense.com.br\/wp-content\/uploads\/2025\/12\/1-ISCA-300x225.jpg 300w, https:\/\/focotocantinense.com.br\/wp-content\/uploads\/2025\/12\/1-ISCA-768x576.jpg 768w, https:\/\/focotocantinense.com.br\/wp-content\/uploads\/2025\/12\/1-ISCA-1536x1152.jpg 1536w, https:\/\/focotocantinense.com.br\/wp-content\/uploads\/2025\/12\/1-ISCA-2048x1536.jpg 2048w\" sizes=\"auto, (max-width: 1024px) 100vw, 1024px\" \/><\/figure>\n\n\n\n<p><\/p>\n\n\n\n<p>Para o diretor-geral do Grupo Artpalco, George Henrique Silva, a inaugura\u00e7\u00e3o representa a materializa\u00e7\u00e3o de um sonho coletivo. \u201cEsse espa\u00e7o \u00e9 a prova de que a arte transforma realidades. Onde antes havia sil\u00eancio, hoje h\u00e1 vida, encontro e oportunidades. O Artpalco nasce para ser um territ\u00f3rio de sonhos, forma\u00e7\u00e3o e inclus\u00e3o, fortalecendo Aragua\u00edna como um verdadeiro polo cultural.\u201d<\/p>\n\n\n\n<p>J\u00e1 a produtora executiva do Artpalco, Tatiane Breve, ressalta o cuidado com cada detalhe da estrutura e da programa\u00e7\u00e3o. \u201cPensamos este espa\u00e7o para acolher pessoas em todas as etapas do processo art\u00edstico, do aprendizado ao palco. \u00c9 um ambiente profissional, acess\u00edvel e, acima de tudo, afetivo, onde artistas e p\u00fablico se sentem pertencentes.\u201d<\/p>\n\n\n\n<p>A iniciativa foi viabilizada por meio da parceria com a Prefeitura de Aragua\u00edna, que cedeu galp\u00e3o no Espa\u00e7o Cultural de Aragua\u00edna, reformado com recursos da Pol\u00edtica Nacional Aldir Blanc, refor\u00e7ando a import\u00e2ncia das pol\u00edticas p\u00fablicas para o fortalecimento da cultura. Para o futuro, a meta \u00e9 ampliar cursos, dobrar o n\u00famero de alunos, gerar novos empregos e consolidar Aragua\u00edna como refer\u00eancia cultural no Tocantins.<\/p>\n\n\n\n<p>Mais do que um pr\u00e9dio, o novo espa\u00e7o se firma como um territ\u00f3rio de encontros, sonhos e transforma\u00e7\u00e3o, onde a arte cria ra\u00edzes e segue construindo novos caminhos para a cidade e sua gente.<\/p>\n\n\n\n<figure class=\"wp-block-image is-resized\"><img decoding=\"async\" src=\"http:\/\/n1to.com.br\/img\/uploads\/SHOW_DE_HUMOR_DE_VINICIUS_MARTINS_174.jpeg\" alt=\"\" style=\"width:840px;height:auto\"\/><\/figure>\n","protected":false},"excerpt":{"rendered":"<p>Aragua\u00edna celebra um marco hist\u00f3rico para a cultura e o desenvolvimento social do munic\u00edpio com a inaugura\u00e7\u00e3o oficial da sede do Instituto Social e Cultural Araguaia (Isca) em parceria com o Grupo Artpalco. O novo complexo cultural nasce da parceria entre o Isca e Artpalco e transforma um antigo galp\u00e3o em um espa\u00e7o vivo, acess\u00edvel &hellip;<\/p>\n","protected":false},"author":5,"featured_media":11564,"comment_status":"open","ping_status":"open","sticky":false,"template":"","format":"standard","meta":{"footnotes":""},"categories":[45],"tags":[],"class_list":["post-11563","post","type-post","status-publish","format-standard","has-post-thumbnail","","category-araguaina"],"_links":{"self":[{"href":"https:\/\/focotocantinense.com.br\/index.php?rest_route=\/wp\/v2\/posts\/11563","targetHints":{"allow":["GET"]}}],"collection":[{"href":"https:\/\/focotocantinense.com.br\/index.php?rest_route=\/wp\/v2\/posts"}],"about":[{"href":"https:\/\/focotocantinense.com.br\/index.php?rest_route=\/wp\/v2\/types\/post"}],"author":[{"embeddable":true,"href":"https:\/\/focotocantinense.com.br\/index.php?rest_route=\/wp\/v2\/users\/5"}],"replies":[{"embeddable":true,"href":"https:\/\/focotocantinense.com.br\/index.php?rest_route=%2Fwp%2Fv2%2Fcomments&post=11563"}],"version-history":[{"count":5,"href":"https:\/\/focotocantinense.com.br\/index.php?rest_route=\/wp\/v2\/posts\/11563\/revisions"}],"predecessor-version":[{"id":11571,"href":"https:\/\/focotocantinense.com.br\/index.php?rest_route=\/wp\/v2\/posts\/11563\/revisions\/11571"}],"wp:featuredmedia":[{"embeddable":true,"href":"https:\/\/focotocantinense.com.br\/index.php?rest_route=\/wp\/v2\/media\/11564"}],"wp:attachment":[{"href":"https:\/\/focotocantinense.com.br\/index.php?rest_route=%2Fwp%2Fv2%2Fmedia&parent=11563"}],"wp:term":[{"taxonomy":"category","embeddable":true,"href":"https:\/\/focotocantinense.com.br\/index.php?rest_route=%2Fwp%2Fv2%2Fcategories&post=11563"},{"taxonomy":"post_tag","embeddable":true,"href":"https:\/\/focotocantinense.com.br\/index.php?rest_route=%2Fwp%2Fv2%2Ftags&post=11563"}],"curies":[{"name":"wp","href":"https:\/\/api.w.org\/{rel}","templated":true}]}}