{"id":11557,"date":"2025-12-13T08:16:02","date_gmt":"2025-12-13T11:16:02","guid":{"rendered":"https:\/\/focotocantinense.com.br\/?p=11557"},"modified":"2025-12-13T08:25:07","modified_gmt":"2025-12-13T11:25:07","slug":"apug-ssind-empossa-nova-diretoria-para-mandato-ate-2027","status":"publish","type":"post","link":"https:\/\/focotocantinense.com.br\/?p=11557","title":{"rendered":"Apug-Ssind empossa nova diretoria para mandato at\u00e9 2027"},"content":{"rendered":"\n<p><\/p>\n\n\n\n<p><strong>A Associa\u00e7\u00e3o dos Professores Universit\u00e1rios de Gurupi \u2013 ApugSsind, se\u00e7\u00e3o sindical do Andes-SN, realizou nesta sexta-feira, 12 de dezembro, na sede da entidade, a solenidade de posse da nova diretoria, que conduzir\u00e1 o sindicato at\u00e9 12 de dezembro de 2027. O ato tamb\u00e9m ocorreu em formato de assembleia geral e reuniu representantes sindicais, autoridades acad\u00eamicas e pol\u00edticas do munic\u00edpio.<\/strong><\/p>\n\n\n\n<p><\/p>\n\n\n\n<p><strong>A sess\u00e3o foi presidida pelo ent\u00e3o presidente da APUG, professor Ant\u00f4nio Netto, que apresentou um breve balan\u00e7o das atividades desenvolvidas nos \u00faltimos dois anos, destacando os desafios enfrentados, as conquistas obtidas e agradecendo a presen\u00e7a dos convidados e da categoria docente.<\/strong><\/p>\n\n\n\n<p><strong>Estiveram presentes representantes de diversas entidades e institui\u00e7\u00f5es, entre eles: Lucileia Nascimento, presidente do Sisemg; V\u00e2nia Paes, diretora regional do Sintet; Walter Coelho, vereador e presidente da AsaUnirg; Maria Adriana, diretora administrativa e financeira da Funda\u00e7\u00e3o Unirg; Fabiano Konji, diretor do Sesduft; M\u00e1rcio Carvalho, 1\u00ba secret\u00e1rio da Secretaria Regional Planalto do Andes-SN; A Reitoria da Universidade Unirg, representada pela reitora Jaqueline Ribeiro, pelo vice-reitor Paulo Henrique, e pelos pr\u00f3-reitores Walmirton Bezerra (Pesquisa) e K\u00e1ttia Ferreira (Extens\u00e3o). Tamb\u00e9m participaram o vice-prefeito de Gurupi, Adailton Fonseca, e o secret\u00e1rio de governo, Zezinho da Lafiche, que representaram a prefeita Josi Nunes.<\/strong><\/p>\n\n\n\n<p><strong>Durante a solenidade, todos os integrantes da mesa fizeram uso da palavra. O assessor jur\u00eddico da APUG, Rog\u00e9rio Machado, apresentou um panorama das principais a\u00e7\u00f5es conduzidas pelo setor jur\u00eddico da entidade, com destaque para a vit\u00f3ria por unanimidade no Tribunal de Justi\u00e7a contra a tentativa da gest\u00e3o municipal de implantar a lista tr\u00edplice para a reitoria da Funda\u00e7\u00e3o Unirg. Ele tamb\u00e9m abordou outras demandas administrativas e judiciais, incluindo a\u00e7\u00f5es relativas ao descumprimento de direitos, progress\u00f5es e pagamentos retroativos.<\/strong><\/p>\n\n\n\n<figure class=\"wp-block-image size-large\"><img loading=\"lazy\" decoding=\"async\" width=\"1024\" height=\"682\" src=\"https:\/\/focotocantinense.com.br\/wp-content\/uploads\/2025\/12\/2-APUG-1-1024x682.jpeg\" alt=\"\" class=\"wp-image-11561\" srcset=\"https:\/\/focotocantinense.com.br\/wp-content\/uploads\/2025\/12\/2-APUG-1-1024x682.jpeg 1024w, https:\/\/focotocantinense.com.br\/wp-content\/uploads\/2025\/12\/2-APUG-1-300x200.jpeg 300w, https:\/\/focotocantinense.com.br\/wp-content\/uploads\/2025\/12\/2-APUG-1-768x512.jpeg 768w, https:\/\/focotocantinense.com.br\/wp-content\/uploads\/2025\/12\/2-APUG-1-1536x1023.jpeg 1536w, https:\/\/focotocantinense.com.br\/wp-content\/uploads\/2025\/12\/2-APUG-1-310x205.jpeg 310w, https:\/\/focotocantinense.com.br\/wp-content\/uploads\/2025\/12\/2-APUG-1.jpeg 1600w\" sizes=\"auto, (max-width: 1024px) 100vw, 1024px\" \/><\/figure>\n\n\n\n<p><\/p>\n\n\n\n<p><strong>Em sua fala, o professor M\u00e1rcio Carvalho, representando a Regional Planalto do Andes-SN, ressaltou a import\u00e2ncia da mobiliza\u00e7\u00e3o sindical frente \u00e0 reforma administrativa, fez um resgate da reforma trabalhista e alertou para os impactos das medidas que ainda est\u00e3o por vir. Segundo ele, quando a APUG se mobiliza, o Andes-SN tamb\u00e9m se fortalece, consolidando uma luta unificada em defesa dos direitos docentes em \u00e2mbito local e nacional.<\/strong><\/p>\n\n\n\n<p><strong>Discurso de posse<\/strong><\/p>\n\n\n\n<p><strong>Em seu discurso de posse, o novo presidente da APUG-SSIND, professor Gilberto Correia da Silva, iniciou sua fala saudando as mulheres presentes e as mulheres brasileiras que, segundo ele, enfrentam diariamente o peso do machismo, da intoler\u00e2ncia e da covardia, em um contexto marcado pelo crescimento do feminic\u00eddio, que \u201cescancara nossa fal\u00eancia social e moral\u201d.<\/strong><\/p>\n\n\n\n<p><strong>O presidente destacou ainda o papel hist\u00f3rico da entidade, que em fevereiro completa 38 anos, reafirmando a APUG como uma trincheira permanente de luta em defesa dos direitos dos docentes. Em um dos trechos mais enf\u00e1ticos de sua fala, Gilberto Correia reafirmou com todas as letras que \u201ca APUG n\u00e3o \u00e9 puxadinho de ningu\u00e9m. N\u00e3o somos extens\u00e3o de prefeitura, funda\u00e7\u00e3o ou qualquer poder. Somos como dois trilhos de trem: caminhamos paralelos, convivemos institucionalmente, com respeito, mas n\u00e3o nos cruzamos, n\u00e3o nos curvamos para que o equil\u00edbrio social seja mantido, ainda que de forma muito desigual para a classe trabalhadora.\u201d<\/strong><\/p>\n\n\n\n<p><strong>Ele refor\u00e7ou que a APUG tem lado definido, \u201co lado do trabalhador; o lado da democracia; o lado da justi\u00e7a social; o lado da universidade p\u00fablica, aut\u00f4noma, plural e inclusiva; e o lado do Andes-SN, sindicato nacional, que expressa e representa uma categoria combativa em todo o Brasil\u201d.<\/strong><\/p>\n\n\n\n<p><strong>Gilberto Correia encerrou seu discurso ensejando que \u201ctodos possam<\/strong> sonhar juntos. E mais que isso: lutar juntos. Para construir uma Unirg melhor, mais justa, mais humana, mais democr\u00e1tica e verdadeiramente p\u00fablica. N\u00e3o apenas conforme os olhares dos gestores, mas segundo o olhar coletivo de todos e todas que fazem esta Universidade existir.\u201d, finalizou o presidente eleito.<\/p>\n\n\n\n<figure class=\"wp-block-image size-large\"><img loading=\"lazy\" decoding=\"async\" width=\"1024\" height=\"460\" src=\"https:\/\/focotocantinense.com.br\/wp-content\/uploads\/2025\/12\/1-APUG-FOTO-DIVULGACAO-1024x460.jpeg\" alt=\"\" class=\"wp-image-11558\" srcset=\"https:\/\/focotocantinense.com.br\/wp-content\/uploads\/2025\/12\/1-APUG-FOTO-DIVULGACAO-1024x460.jpeg 1024w, https:\/\/focotocantinense.com.br\/wp-content\/uploads\/2025\/12\/1-APUG-FOTO-DIVULGACAO-300x135.jpeg 300w, https:\/\/focotocantinense.com.br\/wp-content\/uploads\/2025\/12\/1-APUG-FOTO-DIVULGACAO-768x345.jpeg 768w, https:\/\/focotocantinense.com.br\/wp-content\/uploads\/2025\/12\/1-APUG-FOTO-DIVULGACAO-1536x690.jpeg 1536w, https:\/\/focotocantinense.com.br\/wp-content\/uploads\/2025\/12\/1-APUG-FOTO-DIVULGACAO.jpeg 1600w\" sizes=\"auto, (max-width: 1024px) 100vw, 1024px\" \/><\/figure>\n\n\n\n<p><\/p>\n\n\n\n<p><strong>&nbsp;<\/strong><strong>Nova diretoria da APUGSSIND<\/strong><\/p>\n\n\n\n<p><strong>Diretoria Executiva<\/strong><\/p>\n\n\n\n<p><strong>Presidente: Gilberto Correia da Silva<\/strong><\/p>\n\n\n\n<p><strong>Vice-presidente: Ed Wilson Cesar<\/strong><\/p>\n\n\n\n<p><strong>Primeira Secret\u00e1ria: Maria Leci de Bessa Mattos<\/strong><\/p>\n\n\n\n<p><strong>Segundo Secret\u00e1rio: Jos\u00e9 Carlos de Freitas<\/strong><\/p>\n\n\n\n<p><strong>Primeira Tesoureira: Alessandra Martins Correia<\/strong><\/p>\n\n\n\n<p><strong>Segunda Tesoureira: Claudia da Luz Carvelli<\/strong><\/p>\n\n\n\n<p><strong>Diretorias<\/strong><\/p>\n\n\n\n<p><strong>Comunica\u00e7\u00e3o Social: Mirelly da Silva Ribeiro<\/strong><\/p>\n\n\n\n<p><strong>Assuntos de Pol\u00edtica Sindical: Adriano Fernandes Moreira<\/strong><\/p>\n\n\n\n<p><strong>Assuntos Culturais: Mira C\u00e9lia Benvenuto<\/strong><\/p>\n\n\n\n<p><strong>Assuntos Esportivos: Lucirez Maria Leit\u00e3o do Amaral<\/strong><\/p>\n\n\n\n<p><strong>Assuntos Jur\u00eddicos: Kita Maciel<\/strong><\/p>\n\n\n\n<p><strong>Suplentes<\/strong><\/p>\n\n\n\n<p><strong>Paulo Izidio da Silva Rezende<\/strong><\/p>\n\n\n\n<p><strong>Claudia Christina R. Guimar\u00e3es Neri<\/strong><\/p>\n\n\n\n<p><strong>Ellen Fernanda Klinger<\/strong><\/p>\n\n\n\n<p><strong>Sofia Mara de Souza<\/strong><\/p>\n\n\n\n<p><strong>Jaqueline Aparecida P. Takada<\/strong><\/p>\n\n\n\n<p><strong>Ceila Mendon\u00e7a Milhomem<\/strong><\/p>\n\n\n\n<p><strong>Henrique Ruella Torres<\/strong><\/p>\n\n\n\n<p><strong>Fernanda Bogarim B. Chiacchio<\/strong><\/p>\n\n\n\n<p><strong>Wataro Nelson Ogawa<\/strong><\/p>\n\n\n\n<p><strong>Joel Mois\u00e9s Silva Pinho<\/strong><\/p>\n\n\n\n<p><strong>Marcus Geraldo Sobreira Peixoto<\/strong><\/p>\n\n\n\n<p><strong>Ap\u00f3s a posse, foi realizada a primeira reuni\u00e3o da nova diretoria, para planejar as a\u00e7\u00f5es e calend\u00e1rios para 2026. Ainda que em final de ano, j\u00e1 foi agendada uma reuni\u00e3o para a pr\u00f3xima quarta-feira (17\/12) com a Reitoria, \u00e0s 9 horas, no Campus I da Unirg, com expectativa de que seja agendada tamb\u00e9m reuni\u00e3o com o presidente&nbsp; da Funda\u00e7\u00e3o Unirg e com a prefeita Josi Nunes, para apresenta\u00e7\u00e3o dos eleitos e iniciar um canal direto de di\u00e1logo para a condu\u00e7\u00e3o das pautas da Apug.<\/strong><\/p>\n\n\n\n<figure class=\"wp-block-image size-full is-resized\"><img loading=\"lazy\" decoding=\"async\" width=\"727\" height=\"184\" src=\"https:\/\/focotocantinense.com.br\/wp-content\/uploads\/2025\/12\/SHOW-DE-HUMOR-DE-VINICIUS-MARTINS-2.jpeg\" alt=\"\" class=\"wp-image-11555\" style=\"width:840px;height:auto\" srcset=\"https:\/\/focotocantinense.com.br\/wp-content\/uploads\/2025\/12\/SHOW-DE-HUMOR-DE-VINICIUS-MARTINS-2.jpeg 727w, https:\/\/focotocantinense.com.br\/wp-content\/uploads\/2025\/12\/SHOW-DE-HUMOR-DE-VINICIUS-MARTINS-2-300x76.jpeg 300w\" sizes=\"auto, (max-width: 727px) 100vw, 727px\" \/><\/figure>\n","protected":false},"excerpt":{"rendered":"<p>A Associa\u00e7\u00e3o dos Professores Universit\u00e1rios de Gurupi \u2013 ApugSsind, se\u00e7\u00e3o sindical do Andes-SN, realizou nesta sexta-feira, 12 de dezembro, na sede da entidade, a solenidade de posse da nova diretoria, que conduzir\u00e1 o sindicato at\u00e9 12 de dezembro de 2027. O ato tamb\u00e9m ocorreu em formato de assembleia geral e reuniu representantes sindicais, autoridades acad\u00eamicas &hellip;<\/p>\n","protected":false},"author":5,"featured_media":11558,"comment_status":"open","ping_status":"open","sticky":false,"template":"","format":"standard","meta":{"footnotes":""},"categories":[38],"tags":[],"class_list":["post-11557","post","type-post","status-publish","format-standard","has-post-thumbnail","","category-gurupi"],"_links":{"self":[{"href":"https:\/\/focotocantinense.com.br\/index.php?rest_route=\/wp\/v2\/posts\/11557","targetHints":{"allow":["GET"]}}],"collection":[{"href":"https:\/\/focotocantinense.com.br\/index.php?rest_route=\/wp\/v2\/posts"}],"about":[{"href":"https:\/\/focotocantinense.com.br\/index.php?rest_route=\/wp\/v2\/types\/post"}],"author":[{"embeddable":true,"href":"https:\/\/focotocantinense.com.br\/index.php?rest_route=\/wp\/v2\/users\/5"}],"replies":[{"embeddable":true,"href":"https:\/\/focotocantinense.com.br\/index.php?rest_route=%2Fwp%2Fv2%2Fcomments&post=11557"}],"version-history":[{"count":2,"href":"https:\/\/focotocantinense.com.br\/index.php?rest_route=\/wp\/v2\/posts\/11557\/revisions"}],"predecessor-version":[{"id":11562,"href":"https:\/\/focotocantinense.com.br\/index.php?rest_route=\/wp\/v2\/posts\/11557\/revisions\/11562"}],"wp:featuredmedia":[{"embeddable":true,"href":"https:\/\/focotocantinense.com.br\/index.php?rest_route=\/wp\/v2\/media\/11558"}],"wp:attachment":[{"href":"https:\/\/focotocantinense.com.br\/index.php?rest_route=%2Fwp%2Fv2%2Fmedia&parent=11557"}],"wp:term":[{"taxonomy":"category","embeddable":true,"href":"https:\/\/focotocantinense.com.br\/index.php?rest_route=%2Fwp%2Fv2%2Fcategories&post=11557"},{"taxonomy":"post_tag","embeddable":true,"href":"https:\/\/focotocantinense.com.br\/index.php?rest_route=%2Fwp%2Fv2%2Ftags&post=11557"}],"curies":[{"name":"wp","href":"https:\/\/api.w.org\/{rel}","templated":true}]}}