{"id":11552,"date":"2025-12-12T18:41:25","date_gmt":"2025-12-12T21:41:25","guid":{"rendered":"https:\/\/focotocantinense.com.br\/?p=11552"},"modified":"2025-12-12T18:42:27","modified_gmt":"2025-12-12T21:42:27","slug":"paulo-albuquerque-realiza-segundo-show-do-projeto-musicas-em-letras-no-centro-cultural-mauro-cunha","status":"publish","type":"post","link":"https:\/\/focotocantinense.com.br\/?p=11552","title":{"rendered":"Paulo Albuquerque realiza segundo show do projeto \u201cM\u00fasicas e(m) Letras\u201d no Centro Cultural Mauro Cunha"},"content":{"rendered":"\n<figure class=\"wp-block-image size-large is-resized\"><img loading=\"lazy\" decoding=\"async\" width=\"768\" height=\"1024\" src=\"https:\/\/focotocantinense.com.br\/wp-content\/uploads\/2025\/12\/Paulo-Albuquerque-realiza-segundo-show-do-projeto-768x1024.jpeg\" alt=\"\" class=\"wp-image-11553\" style=\"width:388px;height:auto\" srcset=\"https:\/\/focotocantinense.com.br\/wp-content\/uploads\/2025\/12\/Paulo-Albuquerque-realiza-segundo-show-do-projeto-768x1024.jpeg 768w, https:\/\/focotocantinense.com.br\/wp-content\/uploads\/2025\/12\/Paulo-Albuquerque-realiza-segundo-show-do-projeto-225x300.jpeg 225w, https:\/\/focotocantinense.com.br\/wp-content\/uploads\/2025\/12\/Paulo-Albuquerque-realiza-segundo-show-do-projeto.jpeg 1080w\" sizes=\"auto, (max-width: 768px) 100vw, 768px\" \/><\/figure>\n\n\n\n<p>Na noite desta sexta-feira, 12, o cantor e compositor Paulo Albuquerque sobe novamente ao palco do Centro Cultural Mauro Cunha, \u00e0s 20h30, para apresentar o segundo show do projeto \u201cM\u00fasicas e(m) Letras\u201d, iniciativa premiada pela Lei Aldir Blanc. O projeto celebra a arte e a identidade tocantinense ao unir m\u00fasica e poesia em um encontro sens\u00edvel e profundo entre gera\u00e7\u00f5es de artistas do Estado.<\/p>\n\n\n\n<p>Fruto da parceria de Paulo com poetas regionais, o projeto resultou em composi\u00e7\u00f5es in\u00e9ditas que retratam a hist\u00f3ria e a cultura do Tocantins, fortalecendo a express\u00e3o art\u00edstica local e ampliando a visibilidade da produ\u00e7\u00e3o cultural do Estado.<\/p>\n\n\n\n<p>Nesta apresenta\u00e7\u00e3o, o p\u00fablico poder\u00e1 conferir novamente quatro can\u00e7\u00f5es que integram o repert\u00f3rio do projeto: \u201cSorte e o Destino\u201d (Gilson Cavalcante\/Paulo Albuquerque), \u201cDeserto\u201d (Gilson Cavalcante\/Paulo Albuquerque), \u201cAlgo em Comum\u201d (Chico Chokolate, Paulo Albuquerque e Roveroni) e \u201cTerra dos Benjamim\u201d, m\u00fasica composta em parceria com o poeta e historiador Roberto Jos\u00e9 Ribeiro, o professor Robert\u00e3o. Al\u00e9m das obras do projeto, o artista tamb\u00e9m interpretar\u00e1 outras duas can\u00e7\u00f5es do seu repert\u00f3rio autoral.<\/p>\n\n\n\n<p>Paulo Albuquerque destaca a alegria de dar continuidade ao projeto e refor\u00e7a o convite \u00e0 comunidade. \u201c\u00c9 uma grande satisfa\u00e7\u00e3o apresentar mais esse show, fruto de muito trabalho e de parcerias que valorizam nossa cultura. Cada m\u00fasica carrega um peda\u00e7o da nossa hist\u00f3ria e \u00e9 uma honra poder compartilh\u00e1-las com o p\u00fablico. Convido toda a comunidade para prestigiar essa noite especial e celebrar conosco a arte tocantinense\u201d, concluiu.<\/p>\n\n\n\n<p><strong>Projeto aprovado<\/strong><\/p>\n\n\n\n<p>O projeto \u201cM\u00fasicas&nbsp;e(m)&nbsp;Letras\u201d foi aprovado no Edital da Lei Aldir Blanc\/2024, do Governo Federal, por meio do Minist\u00e9rio da Cultura, e \u00e9 operacionalizado pelo Governo do Tocantins, por meio da Secretaria de Cultura. A proposta prev\u00ea a produ\u00e7\u00e3o de quatro videoclipes, j\u00e1 em fase de grava\u00e7\u00e3o, que celebram as parcerias de Paulo Albuquerque com poetas tocantinenses, al\u00e9m da realiza\u00e7\u00e3o de dois shows abertos ao p\u00fablico.<\/p>\n\n\n\n<figure class=\"wp-block-image size-full is-resized\"><img loading=\"lazy\" decoding=\"async\" width=\"727\" height=\"184\" src=\"https:\/\/focotocantinense.com.br\/wp-content\/uploads\/2025\/12\/SHOW-DE-HUMOR-DE-VINICIUS-MARTINS-2.jpeg\" alt=\"\" class=\"wp-image-11555\" style=\"width:840px;height:auto\" srcset=\"https:\/\/focotocantinense.com.br\/wp-content\/uploads\/2025\/12\/SHOW-DE-HUMOR-DE-VINICIUS-MARTINS-2.jpeg 727w, https:\/\/focotocantinense.com.br\/wp-content\/uploads\/2025\/12\/SHOW-DE-HUMOR-DE-VINICIUS-MARTINS-2-300x76.jpeg 300w\" sizes=\"auto, (max-width: 727px) 100vw, 727px\" \/><\/figure>\n","protected":false},"excerpt":{"rendered":"<p>Na noite desta sexta-feira, 12, o cantor e compositor Paulo Albuquerque sobe novamente ao palco do Centro Cultural Mauro Cunha, \u00e0s 20h30, para apresentar o segundo show do projeto \u201cM\u00fasicas e(m) Letras\u201d, iniciativa premiada pela Lei Aldir Blanc. O projeto celebra a arte e a identidade tocantinense ao unir m\u00fasica e poesia em um encontro &hellip;<\/p>\n","protected":false},"author":5,"featured_media":11553,"comment_status":"open","ping_status":"open","sticky":false,"template":"","format":"standard","meta":{"footnotes":""},"categories":[38,1],"tags":[],"class_list":["post-11552","post","type-post","status-publish","format-standard","has-post-thumbnail","","category-gurupi","category-sem-categoria"],"_links":{"self":[{"href":"https:\/\/focotocantinense.com.br\/index.php?rest_route=\/wp\/v2\/posts\/11552","targetHints":{"allow":["GET"]}}],"collection":[{"href":"https:\/\/focotocantinense.com.br\/index.php?rest_route=\/wp\/v2\/posts"}],"about":[{"href":"https:\/\/focotocantinense.com.br\/index.php?rest_route=\/wp\/v2\/types\/post"}],"author":[{"embeddable":true,"href":"https:\/\/focotocantinense.com.br\/index.php?rest_route=\/wp\/v2\/users\/5"}],"replies":[{"embeddable":true,"href":"https:\/\/focotocantinense.com.br\/index.php?rest_route=%2Fwp%2Fv2%2Fcomments&post=11552"}],"version-history":[{"count":2,"href":"https:\/\/focotocantinense.com.br\/index.php?rest_route=\/wp\/v2\/posts\/11552\/revisions"}],"predecessor-version":[{"id":11556,"href":"https:\/\/focotocantinense.com.br\/index.php?rest_route=\/wp\/v2\/posts\/11552\/revisions\/11556"}],"wp:featuredmedia":[{"embeddable":true,"href":"https:\/\/focotocantinense.com.br\/index.php?rest_route=\/wp\/v2\/media\/11553"}],"wp:attachment":[{"href":"https:\/\/focotocantinense.com.br\/index.php?rest_route=%2Fwp%2Fv2%2Fmedia&parent=11552"}],"wp:term":[{"taxonomy":"category","embeddable":true,"href":"https:\/\/focotocantinense.com.br\/index.php?rest_route=%2Fwp%2Fv2%2Fcategories&post=11552"},{"taxonomy":"post_tag","embeddable":true,"href":"https:\/\/focotocantinense.com.br\/index.php?rest_route=%2Fwp%2Fv2%2Ftags&post=11552"}],"curies":[{"name":"wp","href":"https:\/\/api.w.org\/{rel}","templated":true}]}}