{"id":11541,"date":"2025-12-08T02:20:15","date_gmt":"2025-12-08T05:20:15","guid":{"rendered":"https:\/\/focotocantinense.com.br\/?p=11541"},"modified":"2025-12-08T02:20:15","modified_gmt":"2025-12-08T05:20:15","slug":"wanderlei-barbosa-retoma-governo-com-exoneracoes-de-todos-os-secretarios","status":"publish","type":"post","link":"https:\/\/focotocantinense.com.br\/?p=11541","title":{"rendered":"Wanderlei Barbosa retoma governo com exonera\u00e7\u00f5es de todos os secret\u00e1rios"},"content":{"rendered":"\n<p>Mudan\u00e7as publicadas no Di\u00e1rio Oficial incluem retorno de secret\u00e1rios exonerados e novos nomes para Casa Civil, Procuradoria e \u00e1reas estrat\u00e9gicas. Entre os nomeados est\u00e3o titulares da Seguran\u00e7a P\u00fablica, Fazenda, Educa\u00e7\u00e3o e Comunica\u00e7\u00e3o.<\/p>\n\n\n\n<figure class=\"wp-block-image size-full is-resized\"><img loading=\"lazy\" decoding=\"async\" width=\"870\" height=\"550\" src=\"https:\/\/focotocantinense.com.br\/wp-content\/uploads\/2025\/12\/LAUREZ-E-WANDER.jpg\" alt=\"\" class=\"wp-image-11543\" style=\"aspect-ratio:1.5818278114517743;width:366px;height:auto\" srcset=\"https:\/\/focotocantinense.com.br\/wp-content\/uploads\/2025\/12\/LAUREZ-E-WANDER.jpg 870w, https:\/\/focotocantinense.com.br\/wp-content\/uploads\/2025\/12\/LAUREZ-E-WANDER-300x190.jpg 300w, https:\/\/focotocantinense.com.br\/wp-content\/uploads\/2025\/12\/LAUREZ-E-WANDER-768x486.jpg 768w\" sizes=\"auto, (max-width: 870px) 100vw, 870px\" \/><\/figure>\n\n\n\n<p><a class=\"\" href=\"https:\/\/g1.globo.com\/to\/tocantins\/noticia\/2025\/12\/05\/wanderlei-barbosa-retorna-ao-cargo-de-governador-do-tocantins-apos-tres-meses-afastados.ghtml\">O governador Wanderlei Barbosa (Republicanos) reassumiu o comando do governo do Tocantins&nbsp;<\/a>e promoveu uma ampla mudan\u00e7a no primeiro escal\u00e3o. Em edi\u00e7\u00e3o do Di\u00e1rio Oficial publicada neste s\u00e1bado (6), ele exonerou todos os secret\u00e1rios nomeados pelo vice-governador Laurez Moreira (PSD) durante o per\u00edodo em que esteve afastado e trouxe de volta aliados para cargos estrat\u00e9gicos.<\/p>\n\n\n\n<p>Entre os nomes que retornaram est\u00e3o:<\/p>\n\n\n\n<ul class=\"wp-block-list\">\n<li>Bruno Sousa Azevedo, novamente \u00e0 frente da Secretaria da Seguran\u00e7a P\u00fablica;<\/li>\n\n\n\n<li>Donizeth Aparecido Silva, na Secretaria de Estado da Fazenda;<\/li>\n\n\n\n<li>M\u00e1rcio Anderson Raimundo da Rocha, na Secretaria de Estado da Comunica\u00e7\u00e3o;<\/li>\n\n\n\n<li>Paulo C\u00e9sar Benfica Filho, na Secretaria de Estado da Administra\u00e7\u00e3o;<\/li>\n\n\n\n<li>F\u00e1bio Pereira Vaz, na Educa\u00e7\u00e3o;<\/li>\n\n\n\n<li>Katiuscy\u200ba Alves Barbosa Chaves, como chefe de gabinete do governador;<\/li>\n\n\n\n<li>Peterson Queiroz de Ornelas, como comandante-geral do Corpo de Bombeiros;<\/li>\n\n\n\n<li>Marcello de Lima Lelis, no Meio Ambiente;<\/li>\n\n\n\n<li>M\u00e1rcio Ant\u00f4nio Barbosa de Mendon\u00e7a, no comando da Pol\u00edcia Militar;<\/li>\n\n\n\n<li>Milton Neris de Santana, na Ind\u00fastria e Com\u00e9rcio;<\/li>\n\n\n\n<li>Rosilene Fortunato de Souza, como secret\u00e1ria particular.<\/li>\n<\/ul>\n\n\n\n<p><\/p>\n\n\n\n<ul class=\"wp-block-list\">\n<li>Al\u00e9m das recondu\u00e7\u00f5es, Wanderlei nomeou novos integrantes para fun\u00e7\u00f5es estrat\u00e9gicas:<\/li>\n\n\n\n<li>Deocleciano Gomes Filho assumiu a Casa Civil;<\/li>\n\n\n\n<li>Jax James Garcia Pontes, a Procuradoria-Geral do Estado;<\/li>\n\n\n\n<li>Luciano Lima Costa, a Secretaria Executiva da Sa\u00fade;<\/li>\n\n\n\n<li>Elenil da Penha Alves de Brito, a Secretaria Executiva da Ind\u00fastria e Com\u00e9rcio;<\/li>\n\n\n\n<li>Ismael Nunes da Silva J\u00fanior, a Secretaria Executiva da Comunica\u00e7\u00e3o;<\/li>\n\n\n\n<li>Francinaldo Machado B\u00f3, a Casa Militar.<\/li>\n<\/ul>\n\n\n\n<p>Enquanto esteve no cargo de governador em exerc\u00edcio, Laurez nomeou novos secret\u00e1rios e presidentes de autarquias. Com o retorno de Wanderlei Barbosa, todos os gestores foram exonerados. A lista com as exonera\u00e7\u00f5es ocupa tr\u00eas p\u00e1ginas do Di\u00e1rio.<\/p>\n\n\n\n<p><strong>Veja a lista de exonerados:<\/strong><\/p>\n\n\n\n<ul class=\"wp-block-list\">\n<li>Abizair Ant\u00f4nio Paniago \u2013 Secret\u00e1rio de Estado da Seguran\u00e7a P\u00fablica<\/li>\n\n\n\n<li>Ailton Parente Ara\u00fajo \u2013 Chefe de Gabinete do Governador<\/li>\n\n\n\n<li>Ana Carina Mendes Souto \u2013 Secret\u00e1ria de Estado do Trabalho e Desenvolvimento Social<\/li>\n\n\n\n<li>Bet\u00e2nia Nunes Maciel Fonseca \u2013 Secret\u00e1ria Particular do Governador<\/li>\n\n\n\n<li>Carlos Enrique Franco Amastha \u2013 Secret\u00e1rio de Estado da Ind\u00fastria, Com\u00e9rcio e Servi\u00e7os<\/li>\n\n\n\n<li>Cl\u00e1udio Thomaz Coelho de Souza \u2013 Comandante-Geral da Pol\u00edcia Militar \u2013 PMTO<\/li>\n\n\n\n<li>Divaldo Jos\u00e9 da Costa Rezende \u2013 Secret\u00e1rio de Estado do Meio Ambiente e Recursos H\u00eddricos<\/li>\n\n\n\n<li>Eduardo dos Santos Sobrinho \u2013 Secret\u00e1rio de Estado de Assuntos Institucionais<\/li>\n\n\n\n<li>Estelamaris Postal \u2013 Secret\u00e1ria de Estado da Cidadania e Justi\u00e7a<\/li>\n\n\n\n<li>Fabiano Roberto Matos do Vale Filho \u2013 Secret\u00e1rio de Estado de Parcerias e Investimentos<\/li>\n\n\n\n<li>H\u00e9rcules Jackson Moreira Santos \u2013 Secret\u00e1rio de Estado da Educa\u00e7\u00e3o<\/li>\n\n\n\n<li>Irana de Sousa Coelho Aguiar \u2013 Secret\u00e1ria-Chefe da Casa Civil<\/li>\n\n\n\n<li>Jairo Soares Mariano \u2013 Secret\u00e1rio de Estado da Fazenda<\/li>\n\n\n\n<li>Juarez Salim Moreira \u2013 Secret\u00e1rio de Estado dos Esportes e Juventude<\/li>\n\n\n\n<li>Larissa Carlos Rosenda \u2013 Secret\u00e1ria de Estado da Secretaria da Mulher<\/li>\n\n\n\n<li>Leandro Coutinho Noleto \u2013 Secret\u00e1rio Extraordin\u00e1rio de Pol\u00edticas de Governo Descentralizadas<\/li>\n\n\n\n<li>Luiza Rocha Pinheiro \u2013 Secret\u00e1ria de Estado da Comunica\u00e7\u00e3o<\/li>\n\n\n\n<li>M\u00e1rcio Ant\u00f4nio Martins Andrade \u2013 Secret\u00e1rio Extraordin\u00e1rio de A\u00e7\u00f5es Governamentais<\/li>\n\n\n\n<li>Marcos Ant\u00f4nio Duarte da Silva \u2013 Secret\u00e1rio de Estado da Administra\u00e7\u00e3o<\/li>\n\n\n\n<li>Narubia Silva Werreria \u2013 Secret\u00e1ria de Estado dos Povos Origin\u00e1rios e Tradicionais<\/li>\n\n\n\n<li>Nivair Vieira Borges \u2013 Procurador-Geral do Estado<\/li>\n\n\n\n<li>Osires Rodrigues Damaso \u2013 Secret\u00e1rio das Cidades, Habita\u00e7\u00e3o e Desenvolvimento Regional<\/li>\n\n\n\n<li>Raul de Jesus Filho e Neto \u2013 Secret\u00e1rio de Estado da Governadoria<\/li>\n\n\n\n<li>Regina Chaves dos Reis \u2013 Secret\u00e1ria de Estado da Cultura<\/li>\n\n\n\n<li>Romildo Santos Barbosa \u2013 Secret\u00e1rio de Estado do Turismo<\/li>\n\n\n\n<li>Ronaldo Dimas Nogueira Pereira \u2013 Secret\u00e1rio de Estado do Planejamento e Or\u00e7amento<\/li>\n\n\n\n<li>Thiago Franco Santana \u2013 Comandante-Geral do Corpo de Bombeiros Militar \u2013 CBMTO<\/li>\n\n\n\n<li>V\u00e2nio Rodrigues de Souza \u2013 Secret\u00e1rio de Estado da Sa\u00fade<\/li>\n\n\n\n<li>Vitor Oliveira Santos Rocha Teles \u2013 Secret\u00e1rio-Chefe da Casa Militar<\/li>\n\n\n\n<li>Adenieux Rosa Santana \u2013 Presidente do Ruraltins<\/li>\n\n\n\n<li>Afr\u00e2nio Vilar Freire de Carvalho \u2013 Presidente da ATI-TO<\/li>\n\n\n\n<li>Antonio Trabulsi Sobrinho \u2013 Presidente da AGETO<\/li>\n\n\n\n<li>B\u00e1rbara Jesu\u00edna Mendes Gomes \u2013 Presidente do IGEPREV<\/li>\n\n\n\n<li>Cledson da Rocha Lima \u2013 Presidente do Naturatins<\/li>\n\n\n\n<li>Elvio Quirino Pereira \u2013 Presidente da FAPT<\/li>\n\n\n\n<li>Herbert Brito Barros \u2013 Presidente do Itertins<\/li>\n\n\n\n<li>Jos\u00e9 Wilson Saboia Neto \u2013 Presidente do Detran<\/li>\n\n\n\n<li>Lina Ester Barbosa Ribeiro \u2013 Presidente da Ameto<\/li>\n\n\n\n<li>Paulo Ant\u00f4nio de Lima \u2013 Presidente da Adapec<\/li>\n\n\n\n<li>Paulo Ricardo Silva Machado \u2013 Presidente da ATS<\/li>\n\n\n\n<li>Paulo Sidnei Antunes \u2013 Presidente da AEM<\/li>\n\n\n\n<li>Saulo Sardinha Milhomem \u2013 Presidente da ATR<\/li>\n\n\n\n<li>Stalin Juarez Gomes Bucar \u2013 Presidente da Jucetins<\/li>\n<\/ul>\n","protected":false},"excerpt":{"rendered":"<p>Mudan\u00e7as publicadas no Di\u00e1rio Oficial incluem retorno de secret\u00e1rios exonerados e novos nomes para Casa Civil, Procuradoria e \u00e1reas estrat\u00e9gicas. Entre os nomeados est\u00e3o titulares da Seguran\u00e7a P\u00fablica, Fazenda, Educa\u00e7\u00e3o e Comunica\u00e7\u00e3o. O governador Wanderlei Barbosa (Republicanos) reassumiu o comando do governo do Tocantins&nbsp;e promoveu uma ampla mudan\u00e7a no primeiro escal\u00e3o. Em edi\u00e7\u00e3o do Di\u00e1rio &hellip;<\/p>\n","protected":false},"author":5,"featured_media":11542,"comment_status":"open","ping_status":"open","sticky":false,"template":"","format":"standard","meta":{"footnotes":""},"categories":[1],"tags":[],"class_list":["post-11541","post","type-post","status-publish","format-standard","has-post-thumbnail","","category-sem-categoria"],"_links":{"self":[{"href":"https:\/\/focotocantinense.com.br\/index.php?rest_route=\/wp\/v2\/posts\/11541","targetHints":{"allow":["GET"]}}],"collection":[{"href":"https:\/\/focotocantinense.com.br\/index.php?rest_route=\/wp\/v2\/posts"}],"about":[{"href":"https:\/\/focotocantinense.com.br\/index.php?rest_route=\/wp\/v2\/types\/post"}],"author":[{"embeddable":true,"href":"https:\/\/focotocantinense.com.br\/index.php?rest_route=\/wp\/v2\/users\/5"}],"replies":[{"embeddable":true,"href":"https:\/\/focotocantinense.com.br\/index.php?rest_route=%2Fwp%2Fv2%2Fcomments&post=11541"}],"version-history":[{"count":1,"href":"https:\/\/focotocantinense.com.br\/index.php?rest_route=\/wp\/v2\/posts\/11541\/revisions"}],"predecessor-version":[{"id":11544,"href":"https:\/\/focotocantinense.com.br\/index.php?rest_route=\/wp\/v2\/posts\/11541\/revisions\/11544"}],"wp:featuredmedia":[{"embeddable":true,"href":"https:\/\/focotocantinense.com.br\/index.php?rest_route=\/wp\/v2\/media\/11542"}],"wp:attachment":[{"href":"https:\/\/focotocantinense.com.br\/index.php?rest_route=%2Fwp%2Fv2%2Fmedia&parent=11541"}],"wp:term":[{"taxonomy":"category","embeddable":true,"href":"https:\/\/focotocantinense.com.br\/index.php?rest_route=%2Fwp%2Fv2%2Fcategories&post=11541"},{"taxonomy":"post_tag","embeddable":true,"href":"https:\/\/focotocantinense.com.br\/index.php?rest_route=%2Fwp%2Fv2%2Ftags&post=11541"}],"curies":[{"name":"wp","href":"https:\/\/api.w.org\/{rel}","templated":true}]}}