{"id":11537,"date":"2025-12-08T02:04:05","date_gmt":"2025-12-08T05:04:05","guid":{"rendered":"https:\/\/focotocantinense.com.br\/?p=11537"},"modified":"2025-12-08T02:05:48","modified_gmt":"2025-12-08T05:05:48","slug":"wanderlei-barbosa-determina-criacao-de-comissao-para-avaliar-acoes-da-gestao-interina-no-governo-do-tocantins","status":"publish","type":"post","link":"https:\/\/focotocantinense.com.br\/?p=11537","title":{"rendered":"Wanderlei Barbosa determina cria\u00e7\u00e3o de comiss\u00e3o para avaliar a\u00e7\u00f5es da gest\u00e3o interina no governo do Tocantins"},"content":{"rendered":"\n<p>A comiss\u00e3o ser\u00e1 composta por cinco \u00f3rg\u00e3os e deve avaliar as a\u00e7\u00f5es tomadas por Laurez Moreira nos \u00faltimos tr\u00eas meses.&nbsp;<\/p>\n\n\n\n<figure class=\"wp-block-image size-full is-resized\"><img loading=\"lazy\" decoding=\"async\" width=\"753\" height=\"478\" src=\"https:\/\/focotocantinense.com.br\/wp-content\/uploads\/2025\/12\/WANDERLEI-E-LAUREZ.jpg\" alt=\"\" class=\"wp-image-11538\" style=\"width:326px;height:auto\" srcset=\"https:\/\/focotocantinense.com.br\/wp-content\/uploads\/2025\/12\/WANDERLEI-E-LAUREZ.jpg 753w, https:\/\/focotocantinense.com.br\/wp-content\/uploads\/2025\/12\/WANDERLEI-E-LAUREZ-300x190.jpg 300w\" sizes=\"auto, (max-width: 753px) 100vw, 753px\" \/><\/figure>\n\n\n\n<p><a class=\"\" href=\"https:\/\/g1.globo.com\/politica\/politico\/wanderlei-barbosa-castro\/\">Wanderlei Barbosa<\/a>&nbsp;(Republicanos) anunciou a cria\u00e7\u00e3o de uma comiss\u00e3o que ir\u00e1 avaliar os atos realizados por&nbsp;<a class=\"\" href=\"https:\/\/g1.globo.com\/politica\/politico\/laurez-moreira\/\">Laurez Moreira<\/a>&nbsp;(PSD)&nbsp;<a class=\"\" href=\"https:\/\/g1.globo.com\/to\/tocantins\/noticia\/2025\/12\/06\/do-afastamento-ao-retorno-relembre-os-tres-meses-em-que-wanderlei-barbosa-ficou-fora-do-governo-do-tocantins.ghtml\">durante os tr\u00eas meses em que o governador do Tocantins ficou afastado<\/a>. Ser\u00e3o avaliadas a\u00e7\u00f5es como o decreto de emerg\u00eancia na sa\u00fade e contratos iniciados e encerrados.<\/p>\n\n\n\n<p>A medida foi determinada ap\u00f3s&nbsp;<a href=\"https:\/\/g1.globo.com\/to\/tocantins\/noticia\/2025\/12\/05\/wanderlei-barbosa-retorna-ao-cargo-de-governador-do-tocantins-apos-tres-meses-afastados.ghtml\" class=\"\">Wanderlei Barbosa retornar ao cargo de governador<\/a>.&nbsp;<\/p>\n\n\n\n<p>Segundo o estado, a comiss\u00e3o deve avaliar as a\u00e7\u00f5es realizadas nos 93 dias em que o vice Laurez respondeu como governador em exerc\u00eddio. A comiss\u00e3o ser\u00e1 integrada por cinco \u00f3rg\u00e3os, sendo eles:<\/p>\n\n\n\n<ul class=\"wp-block-list\">\n<li>Procuradoria-geral do Estado<\/li>\n\n\n\n<li>Casa Civil<\/li>\n\n\n\n<li>Secretaria do Planejamento<\/li>\n\n\n\n<li>Secretaria da Fazenda<\/li>\n\n\n\n<li>Controladoria Geral do Estado<\/li>\n<\/ul>\n\n\n\n<p><\/p>\n","protected":false},"excerpt":{"rendered":"<p>A comiss\u00e3o ser\u00e1 composta por cinco \u00f3rg\u00e3os e deve avaliar as a\u00e7\u00f5es tomadas por Laurez Moreira nos \u00faltimos tr\u00eas meses.&nbsp; Wanderlei Barbosa&nbsp;(Republicanos) anunciou a cria\u00e7\u00e3o de uma comiss\u00e3o que ir\u00e1 avaliar os atos realizados por&nbsp;Laurez Moreira&nbsp;(PSD)&nbsp;durante os tr\u00eas meses em que o governador do Tocantins ficou afastado. Ser\u00e3o avaliadas a\u00e7\u00f5es como o decreto de emerg\u00eancia &hellip;<\/p>\n","protected":false},"author":5,"featured_media":11538,"comment_status":"open","ping_status":"open","sticky":false,"template":"","format":"standard","meta":{"footnotes":""},"categories":[1],"tags":[],"class_list":["post-11537","post","type-post","status-publish","format-standard","has-post-thumbnail","","category-sem-categoria"],"_links":{"self":[{"href":"https:\/\/focotocantinense.com.br\/index.php?rest_route=\/wp\/v2\/posts\/11537","targetHints":{"allow":["GET"]}}],"collection":[{"href":"https:\/\/focotocantinense.com.br\/index.php?rest_route=\/wp\/v2\/posts"}],"about":[{"href":"https:\/\/focotocantinense.com.br\/index.php?rest_route=\/wp\/v2\/types\/post"}],"author":[{"embeddable":true,"href":"https:\/\/focotocantinense.com.br\/index.php?rest_route=\/wp\/v2\/users\/5"}],"replies":[{"embeddable":true,"href":"https:\/\/focotocantinense.com.br\/index.php?rest_route=%2Fwp%2Fv2%2Fcomments&post=11537"}],"version-history":[{"count":2,"href":"https:\/\/focotocantinense.com.br\/index.php?rest_route=\/wp\/v2\/posts\/11537\/revisions"}],"predecessor-version":[{"id":11540,"href":"https:\/\/focotocantinense.com.br\/index.php?rest_route=\/wp\/v2\/posts\/11537\/revisions\/11540"}],"wp:featuredmedia":[{"embeddable":true,"href":"https:\/\/focotocantinense.com.br\/index.php?rest_route=\/wp\/v2\/media\/11538"}],"wp:attachment":[{"href":"https:\/\/focotocantinense.com.br\/index.php?rest_route=%2Fwp%2Fv2%2Fmedia&parent=11537"}],"wp:term":[{"taxonomy":"category","embeddable":true,"href":"https:\/\/focotocantinense.com.br\/index.php?rest_route=%2Fwp%2Fv2%2Fcategories&post=11537"},{"taxonomy":"post_tag","embeddable":true,"href":"https:\/\/focotocantinense.com.br\/index.php?rest_route=%2Fwp%2Fv2%2Ftags&post=11537"}],"curies":[{"name":"wp","href":"https:\/\/api.w.org\/{rel}","templated":true}]}}