{"id":1153,"date":"2021-04-22T16:02:11","date_gmt":"2021-04-22T19:02:11","guid":{"rendered":"https:\/\/focotocantinense.com.br\/?p=1153"},"modified":"2021-04-22T16:11:28","modified_gmt":"2021-04-22T19:11:28","slug":"cantor-e-compositor-chico-fran-tem-projeto-aprovado-no-edital-da-lei-aldir-blanc-no-to","status":"publish","type":"post","link":"https:\/\/focotocantinense.com.br\/?p=1153","title":{"rendered":"Cantor e compositor Chico Fran tem projeto aprovado no edital da Lei Aldir Blanc no TO"},"content":{"rendered":"\n<p><\/p>\n\n\n\n<p>Quem j\u00e1 andou pelos barzinhos que t\u00eam m\u00fasica ao vivo em Palmas, Tocantins &#8211; antes da pandemia, claro &#8211; j\u00e1 deve ter ouvido ao menos uma das can\u00e7\u00f5es mais populares do cantor e compositor Chico Fran, como &#8220;Irritado&#8221; ou &#8220;T\u00f4 de saco cheio&#8221;. Advogado, mas tamb\u00e9m cantor, poeta e compositor, o artista poder\u00e1 oferecer aos seus f\u00e3s o seu trabalho autoral de forma totalmente gratuita. \u00c9 que o seu projeto &#8220;Chico Fran Entre Amigos&#8221;, que disponibilizar\u00e1 nove de suas m\u00fasicas em plataforma musical virtual, \u00e9 um dos aprovados no edital da Lei Aldir Blanc no Tocantins. Mais informa\u00e7\u00f5es pelo telefone (63) 9 9230-3182 ou pelo e-mail pretextooficina@gmail.com.<\/p>\n\n\n\n<p>O Projeto &#8220;Chico Fran Entre Amigos&#8221; prev\u00ea a grava\u00e7\u00e3o de nove (09) m\u00fasicas in\u00e9ditas de autoria do cantor e compositor cearense, radicado em Palmas, Tocantins, Chico Fran, com parceiros e participa\u00e7\u00f5es especiais. O Projeto ser\u00e1 realizado em um est\u00fadio musical na Capital, com a produ\u00e7\u00e3o musical e arranjos das can\u00e7\u00f5es em mar\u00e7o; grava\u00e7\u00e3o em abril; e disponibiliza\u00e7\u00e3o em plataforma musical virtual (canal do artista no YouTube) em junho desse ano.<\/p>\n\n\n\n<p>Confira, a seguir, a rela\u00e7\u00e3o das m\u00fasicas, bem como os nomes dos int\u00e9rpretes convidados: 01 &#8211; T\u00f4 de saco cheio &#8211; int\u00e9rprete: Chico Fran; 02 &#8211; Irritado &#8211; int\u00e9rpretes: Chico Fran e Matheus Mancine; 03 &#8211; Samba da Cris &#8211; int\u00e9rprete: Chico Fran; 04 &#8211; Isabela &#8211; int\u00e9rpretes: Chico Fran e Humberto Carlos; 05 &#8211; Correndo atr\u00e1s do sim (Chico Fran\/Lucimar) &#8211; int\u00e9rpretes: Chico Fran e Lucimar; 06 &#8211; Morro Branco &#8211; int\u00e9rpretes: Chico Fran e Domingos de Assis; 07 &#8211; Na noite &#8211; int\u00e9rpretes: Chico Fran e Diego Castelo; 08 &#8211; Andejo &#8211; int\u00e9rprete: Chico Fran; 09 &#8211; Sem essa &#8211; int\u00e9rprete: Chico Fran.<\/p>\n\n\n\n<p>De acordo com o cantor e compositor, esse edital, al\u00e9m de ser o primeiro do qual participa e j\u00e1 sai vitorioso, poder\u00e1 alavancar a sua carreira na cena musical do Estado e do Pa\u00eds. &#8220;Eu vejo como uma \u00f3tima oportunidade, at\u00e9 porque, em raz\u00e3o dele, eu irei gravar e disponibilizar essas m\u00fasicas, coisa que, at\u00e9 ent\u00e3o, eu n\u00e3o tinha feito. J\u00e1 havia<\/p>\n\n\n\n<p>gravado v\u00e1rias m\u00fasicas, mas, vamos dizer assim, solteiras, sem um prop\u00f3sito de registro em CD ou DVD. E, \u00e9 claro, que isso ser\u00e1 um marco na minha carreira, sobretudo, porque eu vou fazer esse projeto chegar \u00e0s m\u00e3os de muitas pessoas, que, diga-se de passagem, j\u00e1 est\u00e3o esperando. E como prazer pessoal ser\u00e1 fant\u00e1stico porque sei que sou um cantor m\u00e9dio, um m\u00fasico ruim, mas me acho um compositor muito bom, deixando a mod\u00e9stia de lado&#8221;, afirmou Chico Fran.<\/p>\n\n\n\n<p>Chico Fran<\/p>\n\n\n\n<p>Francisco Batista Filho, cujo nome art\u00edstico \u00e9 Chico Fran, \u00e9 cearense de Catarina onde nasceu em 1953. Divorciado, pai e advogado. Residiu por cerca de 30 anos em S\u00e3o Paulo, Capital e desde 2010 radicou-se em Palmas, Tocantins. Poeta, come\u00e7ou a escrever aos 14 anos, quando participou de um concurso de poesias na Escola Mario Kozel Filho, em S\u00e3o Paulo (SP). \u00c9 autor de mais de 600 poemas e de mais de 150 m\u00fasicas. Possui parcerias com Almir Bispo, de S\u00e3o Paulo (SP), e com Lucimar, Josifran, Clayton Barsatto, Relmivam Milhomem, Ronaldo Teixeira, e Jo\u00e3o \u00cdcaro (In Memorian), todos de Palmas (TO).<\/p>\n\n\n\n<p>Na d\u00e9cada de 1990 tocou muito em barzinhos em S\u00e3o Paulo (SP). De 2000 a mais ou menos 2008, deu uma parada na quest\u00e3o da m\u00fasica, tendo, no entanto, continuado escrevendo. A partir de 2010, em Palmas (TO), estreitou amizades com os parceiros citados, tocou em bares e fez v\u00e1rias participa\u00e7\u00f5es junto com outros artistas locais. Gravou m\u00fasica de sua autoria com a produ\u00e7\u00e3o de Clayton Barsatto e com a produ\u00e7\u00e3o de Frederico Garibaldi &#8220;Fred&#8221;. Participou em 2019 do programa Nosso Som, da TV Assembleia da Assembleia Legislativa do Estado do Tocantins, dispon\u00edvel no canal do YouTube daquela Casa de Leis. Ainda em 2019, participou do Projeto da ADETUC \u2013 Sexta de Cultura, cantando numa feira de arte, realizada na Pra\u00e7a dos Girass\u00f3is em Palmas (TO).<\/p>\n\n\n\n<p>Lei Aldir Blanc<\/p>\n\n\n\n<p>A Lei Aldir Blanc (Projeto de Lei 1.075\/2020) objetivou aos munic\u00edpios a possibilidade de gerarem renda mensal emergencial de R$ 600 aos trabalhadores do setor,<\/p>\n\n\n\n<p>subs\u00eddios para a manuten\u00e7\u00e3o de espa\u00e7os art\u00edstico-culturais e a promo\u00e7\u00e3o de instrumentos como editais e pr\u00eamios, entre outros. O montante aplicado pelo Minist\u00e9rio do Turismo por meio da Secretaria Especial da Cultura &#8211; mas n\u00e3o utillizado por todos os munic\u00edpios brasileiros, infelizmente &#8211; \u00e9 algo in\u00e9dito na hist\u00f3ria dos investimentos p\u00fablicos na \u00e1rea da Cultura, al\u00e9m de representar um aux\u00edlio extremamente necess\u00e1rio aos agentes da Cultura nesse momento de pandemia. Foram R$ 3 bilh\u00f5es em recursos para todo o pa\u00eds. Para o Tocantins, o repasse foi de R$ 35.137.985,22, segundo o Governo do Tocantins, por meio da Ag\u00eancia do Desenvolvimento do Turismo, Cultura e Economia Criativa (Adetuc), dispon\u00edvel no link https:\/\/adetuc.to.gov.br\/noticia\/2020\/10\/7\/conselho-de-politica-cultural-discute-edital-estadual&#8211;para-acesso-aos-recursos-da-lei-aldir-blanc\/<\/p>\n","protected":false},"excerpt":{"rendered":"<p>Quem j\u00e1 andou pelos barzinhos que t\u00eam m\u00fasica ao vivo em Palmas, Tocantins &#8211; antes da pandemia, claro &#8211; j\u00e1 deve ter ouvido ao menos uma das can\u00e7\u00f5es mais populares do cantor e compositor Chico Fran, como &#8220;Irritado&#8221; ou &#8220;T\u00f4 de saco cheio&#8221;. Advogado, mas tamb\u00e9m cantor, poeta e compositor, o artista poder\u00e1 oferecer aos &hellip;<\/p>\n","protected":false},"author":5,"featured_media":1159,"comment_status":"open","ping_status":"open","sticky":false,"template":"","format":"standard","meta":{"footnotes":""},"categories":[1],"tags":[],"class_list":["post-1153","post","type-post","status-publish","format-standard","has-post-thumbnail","","category-sem-categoria"],"_links":{"self":[{"href":"https:\/\/focotocantinense.com.br\/index.php?rest_route=\/wp\/v2\/posts\/1153","targetHints":{"allow":["GET"]}}],"collection":[{"href":"https:\/\/focotocantinense.com.br\/index.php?rest_route=\/wp\/v2\/posts"}],"about":[{"href":"https:\/\/focotocantinense.com.br\/index.php?rest_route=\/wp\/v2\/types\/post"}],"author":[{"embeddable":true,"href":"https:\/\/focotocantinense.com.br\/index.php?rest_route=\/wp\/v2\/users\/5"}],"replies":[{"embeddable":true,"href":"https:\/\/focotocantinense.com.br\/index.php?rest_route=%2Fwp%2Fv2%2Fcomments&post=1153"}],"version-history":[{"count":1,"href":"https:\/\/focotocantinense.com.br\/index.php?rest_route=\/wp\/v2\/posts\/1153\/revisions"}],"predecessor-version":[{"id":1156,"href":"https:\/\/focotocantinense.com.br\/index.php?rest_route=\/wp\/v2\/posts\/1153\/revisions\/1156"}],"wp:featuredmedia":[{"embeddable":true,"href":"https:\/\/focotocantinense.com.br\/index.php?rest_route=\/wp\/v2\/media\/1159"}],"wp:attachment":[{"href":"https:\/\/focotocantinense.com.br\/index.php?rest_route=%2Fwp%2Fv2%2Fmedia&parent=1153"}],"wp:term":[{"taxonomy":"category","embeddable":true,"href":"https:\/\/focotocantinense.com.br\/index.php?rest_route=%2Fwp%2Fv2%2Fcategories&post=1153"},{"taxonomy":"post_tag","embeddable":true,"href":"https:\/\/focotocantinense.com.br\/index.php?rest_route=%2Fwp%2Fv2%2Ftags&post=1153"}],"curies":[{"name":"wp","href":"https:\/\/api.w.org\/{rel}","templated":true}]}}