{"id":11525,"date":"2025-12-06T15:56:27","date_gmt":"2025-12-06T18:56:27","guid":{"rendered":"https:\/\/focotocantinense.com.br\/?p=11525"},"modified":"2025-12-06T15:57:35","modified_gmt":"2025-12-06T18:57:35","slug":"polo-indigena-da-universidade-da-maturidade-em-tocantinia-tem-aula-movimentada","status":"publish","type":"post","link":"https:\/\/focotocantinense.com.br\/?p=11525","title":{"rendered":"Polo ind\u00edgena da Universidade da Maturidade em Tocant\u00ednia tem aula movimentada"},"content":{"rendered":"\n<p><strong><em><br>Por Zacarias Martins<\/em><\/strong><\/p>\n\n\n\n<p>Na sexta-feira, dia 5,&nbsp; uma aula&nbsp; muito especial&nbsp; da&nbsp; Universidade da Maturidade (UMA), Polo Ind\u00edgena de Tocant\u00ednia,&nbsp; que foi realizada na Aldeia Z\u00e9 Brito,&nbsp; com a participa\u00e7\u00e3o de professores e pesquisadores da UMA Palmas.<\/p>\n\n\n\n<figure class=\"wp-block-image size-large is-resized\"><img loading=\"lazy\" decoding=\"async\" width=\"768\" height=\"1024\" src=\"https:\/\/focotocantinense.com.br\/wp-content\/uploads\/2025\/12\/2-O-poeta-e-professor-Andre-Goveia-e-quem-coordena-o-polo-indigena-da-UMA-em-Tocantinia-Foto-Divulgacao-768x1024.jpg\" alt=\"\" class=\"wp-image-11527\" style=\"width:385px;height:auto\" srcset=\"https:\/\/focotocantinense.com.br\/wp-content\/uploads\/2025\/12\/2-O-poeta-e-professor-Andre-Goveia-e-quem-coordena-o-polo-indigena-da-UMA-em-Tocantinia-Foto-Divulgacao-768x1024.jpg 768w, https:\/\/focotocantinense.com.br\/wp-content\/uploads\/2025\/12\/2-O-poeta-e-professor-Andre-Goveia-e-quem-coordena-o-polo-indigena-da-UMA-em-Tocantinia-Foto-Divulgacao-225x300.jpg 225w, https:\/\/focotocantinense.com.br\/wp-content\/uploads\/2025\/12\/2-O-poeta-e-professor-Andre-Goveia-e-quem-coordena-o-polo-indigena-da-UMA-em-Tocantinia-Foto-Divulgacao-1152x1536.jpg 1152w, https:\/\/focotocantinense.com.br\/wp-content\/uploads\/2025\/12\/2-O-poeta-e-professor-Andre-Goveia-e-quem-coordena-o-polo-indigena-da-UMA-em-Tocantinia-Foto-Divulgacao.jpg 1200w\" sizes=\"auto, (max-width: 768px) 100vw, 768px\" \/><\/figure>\n\n\n\n<p><em><strong>O<\/strong><\/em>&nbsp;<strong><em>poeta e professor Andr\u00e9 Goveia \u00e9 quem coordena o polo ind\u00edgena da UMA, em Tocant\u00ednia&nbsp;<\/em><\/strong><\/p>\n\n\n\n<p><strong>Coordena\u00e7\u00e3o<\/strong><\/p>\n\n\n\n<p>O&nbsp; Polo d\u00e1 UMA em Tocant\u00ednia \u00e9 coordenado pelo poeta e professor Andr\u00e9 Goveia, que sob a inspira\u00e7\u00e3o &nbsp;dos fundadores desse movimento, &nbsp;a Dra. Neila Os\u00f3rio e o Dr. Lu\u00eds Sin\u00e9sio Neto, ao longo dos anos, &nbsp;vem desenvolvendo &nbsp;um trabalho louv\u00e1vel de valoriza\u00e7\u00e3o e de despertar da&nbsp; autoestima &nbsp;da pessoa idosa no munic\u00edpio.<\/p>\n\n\n\n<p>Durante a realiza\u00e7\u00e3o dessa aula especial aconteceram apresenta\u00e7\u00f5es culturais com o canto Amanheceu, al\u00e9m de explana\u00e7\u00e3o do significado pelo professor Marcos Swuate. Tamb\u00e9m n\u00e3o faltou o discurso tradicional pela anci\u00e3 e cacique Isabel Xerente.<\/p>\n\n\n\n<figure class=\"wp-block-image size-large\"><img loading=\"lazy\" decoding=\"async\" width=\"1024\" height=\"768\" src=\"https:\/\/focotocantinense.com.br\/wp-content\/uploads\/2025\/12\/3-Tocantinia-conta-com-o-primeiro-polo-indigena-da-Universidade-da-Maturidade-no-Brasil-Foto-Divulgacao-1024x768.jpeg\" alt=\"\" class=\"wp-image-11526\" srcset=\"https:\/\/focotocantinense.com.br\/wp-content\/uploads\/2025\/12\/3-Tocantinia-conta-com-o-primeiro-polo-indigena-da-Universidade-da-Maturidade-no-Brasil-Foto-Divulgacao-1024x768.jpeg 1024w, https:\/\/focotocantinense.com.br\/wp-content\/uploads\/2025\/12\/3-Tocantinia-conta-com-o-primeiro-polo-indigena-da-Universidade-da-Maturidade-no-Brasil-Foto-Divulgacao-300x225.jpeg 300w, https:\/\/focotocantinense.com.br\/wp-content\/uploads\/2025\/12\/3-Tocantinia-conta-com-o-primeiro-polo-indigena-da-Universidade-da-Maturidade-no-Brasil-Foto-Divulgacao-768x576.jpeg 768w, https:\/\/focotocantinense.com.br\/wp-content\/uploads\/2025\/12\/3-Tocantinia-conta-com-o-primeiro-polo-indigena-da-Universidade-da-Maturidade-no-Brasil-Foto-Divulgacao-1536x1152.jpeg 1536w, https:\/\/focotocantinense.com.br\/wp-content\/uploads\/2025\/12\/3-Tocantinia-conta-com-o-primeiro-polo-indigena-da-Universidade-da-Maturidade-no-Brasil-Foto-Divulgacao.jpeg 1600w\" sizes=\"auto, (max-width: 1024px) 100vw, 1024px\" \/><\/figure>\n\n\n\n<p><\/p>\n\n\n\n<p><strong>Conte\u00fado<\/strong><\/p>\n\n\n\n<p>\u201cTodo o conte\u00fado das aulas parte da escuta e orienta\u00e7\u00e3o dos anci\u00e3os ind\u00edgenas que s\u00e3o consideradas bibliotecas vivas e transmitem os saberes por meio da oralidade. Esse p\u00f3lo de ensino aqui na comunidade Xerente \u00e9 o primeiro do pa\u00eds voltado para educa\u00e7\u00e3o de ind\u00edgenas idosos\u201d, explicou Andr\u00e9 Goveia.<\/p>\n\n\n\n<p><strong>Din\u00e2micas<\/strong><\/p>\n\n\n\n<p>A aula contou, ainda, com apresenta\u00e7\u00e3o de din\u00e2micas e partilha de experi\u00eancias culturais,&nbsp; mediadas pelo coordenador do Polo de Tocant\u00ednia,&nbsp; Andr\u00e9 Goveia e pelos professores Orcimar Amorim e Solimar Santos, tendo a participa\u00e7\u00e3o da UMA urbana.&nbsp;<\/p>\n\n\n\n<p>Finalizando com chave de ouro a realiza\u00e7\u00e3o dessa aula especial,&nbsp; houve a entrega de kits escolares e servido um lanche delicioso aos&nbsp; estudantes.<\/p>\n\n\n\n<figure class=\"wp-block-image size-large\"><img loading=\"lazy\" decoding=\"async\" width=\"1024\" height=\"437\" src=\"https:\/\/focotocantinense.com.br\/wp-content\/uploads\/2025\/12\/1-A-comunidade-indigena-Akwe-Xerente-recebe-atencao-especial-dos-professores-da-Universidade-da-Maturidade-Foto-Divulgacao-1024x437.jpeg\" alt=\"\" class=\"wp-image-11529\" srcset=\"https:\/\/focotocantinense.com.br\/wp-content\/uploads\/2025\/12\/1-A-comunidade-indigena-Akwe-Xerente-recebe-atencao-especial-dos-professores-da-Universidade-da-Maturidade-Foto-Divulgacao-1024x437.jpeg 1024w, https:\/\/focotocantinense.com.br\/wp-content\/uploads\/2025\/12\/1-A-comunidade-indigena-Akwe-Xerente-recebe-atencao-especial-dos-professores-da-Universidade-da-Maturidade-Foto-Divulgacao-300x128.jpeg 300w, https:\/\/focotocantinense.com.br\/wp-content\/uploads\/2025\/12\/1-A-comunidade-indigena-Akwe-Xerente-recebe-atencao-especial-dos-professores-da-Universidade-da-Maturidade-Foto-Divulgacao-768x328.jpeg 768w, https:\/\/focotocantinense.com.br\/wp-content\/uploads\/2025\/12\/1-A-comunidade-indigena-Akwe-Xerente-recebe-atencao-especial-dos-professores-da-Universidade-da-Maturidade-Foto-Divulgacao.jpeg 1307w\" sizes=\"auto, (max-width: 1024px) 100vw, 1024px\" \/><\/figure>\n\n\n\n<p><\/p>\n\n\n\n<p><strong>Sobre a UMA Ind\u00edgena<\/strong><\/p>\n\n\n\n<p>O Polo Ind\u00edgena&nbsp; da Universidade da Maturidade&nbsp; em Tocant\u00ednia \u00e9 um projeto de extens\u00e3o inovador da Universidade Federal do Tocantins (UFT), especificamente, que leva educa\u00e7\u00e3o e atividades intergeracionais para idosos da comunidade Xerente (Akw\u1ebd), sendo pioneira no Brasil ao focar nos saberes ancestrais e na l\u00edngua materna, promovendo a continuidade cultural e a inclus\u00e3o social de forma bil\u00edngue (Portugu\u00eas\/Xerente).<\/p>\n\n\n\n<figure class=\"wp-block-image size-full is-resized\"><img loading=\"lazy\" decoding=\"async\" width=\"727\" height=\"184\" src=\"https:\/\/focotocantinense.com.br\/wp-content\/uploads\/2025\/12\/SHOW-DE-HUMOR-DE-VINICIUS-MARTINS-1.jpeg\" alt=\"\" class=\"wp-image-11510\" style=\"width:840px;height:auto\" srcset=\"https:\/\/focotocantinense.com.br\/wp-content\/uploads\/2025\/12\/SHOW-DE-HUMOR-DE-VINICIUS-MARTINS-1.jpeg 727w, https:\/\/focotocantinense.com.br\/wp-content\/uploads\/2025\/12\/SHOW-DE-HUMOR-DE-VINICIUS-MARTINS-1-300x76.jpeg 300w\" sizes=\"auto, (max-width: 727px) 100vw, 727px\" \/><\/figure>\n","protected":false},"excerpt":{"rendered":"<p>Por Zacarias Martins Na sexta-feira, dia 5,&nbsp; uma aula&nbsp; muito especial&nbsp; da&nbsp; Universidade da Maturidade (UMA), Polo Ind\u00edgena de Tocant\u00ednia,&nbsp; que foi realizada na Aldeia Z\u00e9 Brito,&nbsp; com a participa\u00e7\u00e3o de professores e pesquisadores da UMA Palmas. O&nbsp;poeta e professor Andr\u00e9 Goveia \u00e9 quem coordena o polo ind\u00edgena da UMA, em Tocant\u00ednia&nbsp; Coordena\u00e7\u00e3o O&nbsp; Polo &hellip;<\/p>\n","protected":false},"author":5,"featured_media":11526,"comment_status":"open","ping_status":"open","sticky":false,"template":"","format":"standard","meta":{"footnotes":""},"categories":[78],"tags":[],"class_list":["post-11525","post","type-post","status-publish","format-standard","has-post-thumbnail","","category-tocantinia"],"_links":{"self":[{"href":"https:\/\/focotocantinense.com.br\/index.php?rest_route=\/wp\/v2\/posts\/11525","targetHints":{"allow":["GET"]}}],"collection":[{"href":"https:\/\/focotocantinense.com.br\/index.php?rest_route=\/wp\/v2\/posts"}],"about":[{"href":"https:\/\/focotocantinense.com.br\/index.php?rest_route=\/wp\/v2\/types\/post"}],"author":[{"embeddable":true,"href":"https:\/\/focotocantinense.com.br\/index.php?rest_route=\/wp\/v2\/users\/5"}],"replies":[{"embeddable":true,"href":"https:\/\/focotocantinense.com.br\/index.php?rest_route=%2Fwp%2Fv2%2Fcomments&post=11525"}],"version-history":[{"count":2,"href":"https:\/\/focotocantinense.com.br\/index.php?rest_route=\/wp\/v2\/posts\/11525\/revisions"}],"predecessor-version":[{"id":11530,"href":"https:\/\/focotocantinense.com.br\/index.php?rest_route=\/wp\/v2\/posts\/11525\/revisions\/11530"}],"wp:featuredmedia":[{"embeddable":true,"href":"https:\/\/focotocantinense.com.br\/index.php?rest_route=\/wp\/v2\/media\/11526"}],"wp:attachment":[{"href":"https:\/\/focotocantinense.com.br\/index.php?rest_route=%2Fwp%2Fv2%2Fmedia&parent=11525"}],"wp:term":[{"taxonomy":"category","embeddable":true,"href":"https:\/\/focotocantinense.com.br\/index.php?rest_route=%2Fwp%2Fv2%2Fcategories&post=11525"},{"taxonomy":"post_tag","embeddable":true,"href":"https:\/\/focotocantinense.com.br\/index.php?rest_route=%2Fwp%2Fv2%2Ftags&post=11525"}],"curies":[{"name":"wp","href":"https:\/\/api.w.org\/{rel}","templated":true}]}}