{"id":11518,"date":"2025-12-05T17:55:03","date_gmt":"2025-12-05T20:55:03","guid":{"rendered":"https:\/\/focotocantinense.com.br\/?p=11518"},"modified":"2025-12-05T18:47:22","modified_gmt":"2025-12-05T21:47:22","slug":"comite-de-cultura-no-tocantins-realiza-encontro-sobre-empreendedorismo-cultural-em-araguaina","status":"publish","type":"post","link":"https:\/\/focotocantinense.com.br\/?p=11518","title":{"rendered":"Comit\u00ea de Cultura no Tocantins realiza encontro sobre empreendedorismo cultural em Aragua\u00edna"},"content":{"rendered":"\n<p><strong>Por Rodrigo Martins<\/strong><\/p>\n\n\n\n<figure class=\"wp-block-image size-large is-resized\"><img loading=\"lazy\" decoding=\"async\" width=\"819\" height=\"1024\" src=\"https:\/\/focotocantinense.com.br\/wp-content\/uploads\/2025\/12\/comite-sss-819x1024.jpeg\" alt=\"\" class=\"wp-image-11519\" style=\"width:371px;height:auto\" srcset=\"https:\/\/focotocantinense.com.br\/wp-content\/uploads\/2025\/12\/comite-sss-819x1024.jpeg 819w, https:\/\/focotocantinense.com.br\/wp-content\/uploads\/2025\/12\/comite-sss-240x300.jpeg 240w, https:\/\/focotocantinense.com.br\/wp-content\/uploads\/2025\/12\/comite-sss-768x960.jpeg 768w, https:\/\/focotocantinense.com.br\/wp-content\/uploads\/2025\/12\/comite-sss.jpeg 1080w\" sizes=\"auto, (max-width: 819px) 100vw, 819px\" \/><\/figure>\n\n\n\n<p><em><strong>A\u00e7\u00e3o re\u00fane artistas e produtores para di\u00e1logo sobre cria\u00e7\u00e3o, gest\u00e3o e fortalecimento do fazer cultural<\/strong><\/em><\/p>\n\n\n\n<p>O&nbsp;<strong>Comit\u00ea de Cultura no Tocantins<\/strong>&nbsp;promove, no dia&nbsp;<strong>9 de dezembro, \u00e0s 19h30<\/strong>, um encontro dedicado ao debate sobre&nbsp;<strong>empreendedorismo cultural<\/strong>&nbsp;em Aragua\u00edna. A iniciativa \u00e9 coordenada pela&nbsp;<strong>Federa\u00e7\u00e3o Tocantinense de Artes C\u00eanicas (FETAC)<\/strong>&nbsp;e conta com a participa\u00e7\u00e3o da&nbsp;<strong>Associa\u00e7\u00e3o Gurupiense de Artes\u00e3os (AGA)<\/strong>&nbsp;e do&nbsp;<strong>Instituto Social e Cultural Araguaia (ISCA)<\/strong>. A atividade ser\u00e1 realizada no&nbsp;<strong>Cineteatro Artpalco<\/strong>, no Espa\u00e7o Cultural de Aragua\u00edna.<\/p>\n\n\n\n<p>O evento contar\u00e1 com a presen\u00e7a de tr\u00eas profissionais de destaque da cena cultural tocantinense. O m\u00fasico e professor&nbsp;<strong>Diogo Juc\u00e1<\/strong>&nbsp;abordar\u00e1 aspectos da forma\u00e7\u00e3o e do cotidiano art\u00edstico, enquanto o ator e produtor&nbsp;<strong>George Henrique<\/strong>, fundador do Grupo Artpalco, compartilhar\u00e1 perspectivas sobre cria\u00e7\u00e3o, circula\u00e7\u00e3o e sustentabilidade na produ\u00e7\u00e3o cultural da regi\u00e3o. Encerrando a noite, o comediante&nbsp;<strong>Vin\u00edcius Martins<\/strong>&nbsp;apresentar\u00e1 um momento de stand-up, trazendo humor como linguagem de aproxima\u00e7\u00e3o e cr\u00edtica social.<\/p>\n\n\n\n<p>A programa\u00e7\u00e3o inclui ainda uma roda de conversa dedicada a incentivar o di\u00e1logo entre artistas, produtores e p\u00fablico, fortalecendo a articula\u00e7\u00e3o local e ampliando a compreens\u00e3o sobre o papel do empreendedorismo na constru\u00e7\u00e3o de ambientes culturais mais din\u00e2micos e colaborativos. A proposta \u00e9 estimular a profissionaliza\u00e7\u00e3o, a troca de saberes e o desenvolvimento de iniciativas criativas nos territ\u00f3rios.<\/p>\n\n\n\n<p><strong>As inscri\u00e7\u00f5es s\u00e3o gratuitas e podem ser feitas pelo formul\u00e1rio online<\/strong>&nbsp;dispon\u00edvel pelo link:&nbsp;<a href=\"https:\/\/forms.gle\/heoWFvodVq84fpeD7\" rel=\"noreferrer noopener\" target=\"_blank\">https:\/\/forms.gle\/heoWFvodVq84fpeD7<\/a>.<\/p>\n\n\n\n<p>A a\u00e7\u00e3o integra o conjunto de iniciativas apoiadas pelo&nbsp;<strong>Comit\u00ea de Cultura no Tocantins<\/strong>, coordenado pela&nbsp;<strong>FETAC<\/strong>, com participa\u00e7\u00e3o da&nbsp;<strong>AGA<\/strong>&nbsp;e do&nbsp;<strong>ISCA<\/strong>, e que atua em colabora\u00e7\u00e3o com o&nbsp;<strong>Minist\u00e9rio da Cultura<\/strong>, por meio do&nbsp;<strong>Programa Nacional dos Comit\u00eas de Cultura (PNCC)<\/strong>. O encontro refor\u00e7a o compromisso do Comit\u00ea em promover forma\u00e7\u00e3o, fortalecer redes culturais e ampliar a participa\u00e7\u00e3o social no campo da cultura.<\/p>\n\n\n\n<figure class=\"wp-block-image size-full is-resized\"><img loading=\"lazy\" decoding=\"async\" width=\"727\" height=\"184\" src=\"https:\/\/focotocantinense.com.br\/wp-content\/uploads\/2025\/12\/SHOW-DE-HUMOR-DE-VINICIUS-MARTINS-1.jpeg\" alt=\"\" class=\"wp-image-11510\" style=\"width:840px;height:auto\" srcset=\"https:\/\/focotocantinense.com.br\/wp-content\/uploads\/2025\/12\/SHOW-DE-HUMOR-DE-VINICIUS-MARTINS-1.jpeg 727w, https:\/\/focotocantinense.com.br\/wp-content\/uploads\/2025\/12\/SHOW-DE-HUMOR-DE-VINICIUS-MARTINS-1-300x76.jpeg 300w\" sizes=\"auto, (max-width: 727px) 100vw, 727px\" \/><\/figure>\n","protected":false},"excerpt":{"rendered":"<p>Por Rodrigo Martins A\u00e7\u00e3o re\u00fane artistas e produtores para di\u00e1logo sobre cria\u00e7\u00e3o, gest\u00e3o e fortalecimento do fazer cultural O&nbsp;Comit\u00ea de Cultura no Tocantins&nbsp;promove, no dia&nbsp;9 de dezembro, \u00e0s 19h30, um encontro dedicado ao debate sobre&nbsp;empreendedorismo cultural&nbsp;em Aragua\u00edna. A iniciativa \u00e9 coordenada pela&nbsp;Federa\u00e7\u00e3o Tocantinense de Artes C\u00eanicas (FETAC)&nbsp;e conta com a participa\u00e7\u00e3o da&nbsp;Associa\u00e7\u00e3o Gurupiense de Artes\u00e3os &hellip;<\/p>\n","protected":false},"author":5,"featured_media":11523,"comment_status":"open","ping_status":"open","sticky":false,"template":"","format":"standard","meta":{"footnotes":""},"categories":[45],"tags":[],"class_list":["post-11518","post","type-post","status-publish","format-standard","has-post-thumbnail","","category-araguaina"],"_links":{"self":[{"href":"https:\/\/focotocantinense.com.br\/index.php?rest_route=\/wp\/v2\/posts\/11518","targetHints":{"allow":["GET"]}}],"collection":[{"href":"https:\/\/focotocantinense.com.br\/index.php?rest_route=\/wp\/v2\/posts"}],"about":[{"href":"https:\/\/focotocantinense.com.br\/index.php?rest_route=\/wp\/v2\/types\/post"}],"author":[{"embeddable":true,"href":"https:\/\/focotocantinense.com.br\/index.php?rest_route=\/wp\/v2\/users\/5"}],"replies":[{"embeddable":true,"href":"https:\/\/focotocantinense.com.br\/index.php?rest_route=%2Fwp%2Fv2%2Fcomments&post=11518"}],"version-history":[{"count":1,"href":"https:\/\/focotocantinense.com.br\/index.php?rest_route=\/wp\/v2\/posts\/11518\/revisions"}],"predecessor-version":[{"id":11520,"href":"https:\/\/focotocantinense.com.br\/index.php?rest_route=\/wp\/v2\/posts\/11518\/revisions\/11520"}],"wp:featuredmedia":[{"embeddable":true,"href":"https:\/\/focotocantinense.com.br\/index.php?rest_route=\/wp\/v2\/media\/11523"}],"wp:attachment":[{"href":"https:\/\/focotocantinense.com.br\/index.php?rest_route=%2Fwp%2Fv2%2Fmedia&parent=11518"}],"wp:term":[{"taxonomy":"category","embeddable":true,"href":"https:\/\/focotocantinense.com.br\/index.php?rest_route=%2Fwp%2Fv2%2Fcategories&post=11518"},{"taxonomy":"post_tag","embeddable":true,"href":"https:\/\/focotocantinense.com.br\/index.php?rest_route=%2Fwp%2Fv2%2Ftags&post=11518"}],"curies":[{"name":"wp","href":"https:\/\/api.w.org\/{rel}","templated":true}]}}