{"id":11515,"date":"2025-12-05T13:35:03","date_gmt":"2025-12-05T16:35:03","guid":{"rendered":"https:\/\/focotocantinense.com.br\/?p=11515"},"modified":"2025-12-05T13:35:04","modified_gmt":"2025-12-05T16:35:04","slug":"exclusivo-stf-suspende-afastamento-de-wanderlei-barbosa-e-autoriza-retorno-ao-comando-do-governo-do-tocantins","status":"publish","type":"post","link":"https:\/\/focotocantinense.com.br\/?p=11515","title":{"rendered":"EXCLUSIVO | STF suspende afastamento de Wanderlei Barbosa e autoriza retorno ao comando do Governo do Tocantins"},"content":{"rendered":"\n<p>Ministro Nunes Marques concede liminar e garante retorno imediato do governador ao cargo.<\/p>\n\n\n\n<figure class=\"wp-block-image size-full is-resized\"><img loading=\"lazy\" decoding=\"async\" width=\"753\" height=\"465\" src=\"https:\/\/focotocantinense.com.br\/wp-content\/uploads\/2025\/09\/170222.jpg\" alt=\"\" class=\"wp-image-10983\" style=\"width:292px;height:auto\" srcset=\"https:\/\/focotocantinense.com.br\/wp-content\/uploads\/2025\/09\/170222.jpg 753w, https:\/\/focotocantinense.com.br\/wp-content\/uploads\/2025\/09\/170222-300x185.jpg 300w\" sizes=\"auto, (max-width: 753px) 100vw, 753px\" \/><\/figure>\n\n\n\n<p>O ministro Nunes Marques, do Supremo Tribunal Federal (STF), concedeu liminar nesta quinta-feira, 05, para suspender o afastamento cautelar do governador do Tocantins, Wanderlei Barbosa (W.B.C.), determinado anteriormente pelo Superior Tribunal de Justi\u00e7a (STJ). Com a decis\u00e3o, Barbosa est\u00e1 autorizado a reassumir imediatamente o comando do Poder Executivo estadual at\u00e9 que o m\u00e9rito do habeas corpus seja julgado pela Segunda Turma da Corte.&nbsp;&nbsp;<\/p>\n\n\n\n<p>Turismo Tocantins<\/p>\n\n\n\n<p>O governador havia sido afastado por decis\u00e3o do STJ por 180 dias, no \u00e2mbito de uma investiga\u00e7\u00e3o que apura suposto desvio de recursos p\u00fablicos na Secretaria do Trabalho e Desenvolvimento Social (SETAS), envolvendo contratos de fornecimento de cestas b\u00e1sicas durante a fase mais cr\u00edtica da pandemia da Covid-19, entre os anos de 2020 e 2021.&nbsp;<\/p>\n\n\n\n<p>Segundo a decis\u00e3o, embora existam ind\u00edcios levantados pela Pol\u00edcia Federal sobre a poss\u00edvel participa\u00e7\u00e3o do governador em crimes contra a administra\u00e7\u00e3o p\u00fablica, como peculato, corrup\u00e7\u00e3o passiva, organiza\u00e7\u00e3o criminosa e lavagem de dinheiro, n\u00e3o ficou comprovada a necessidade, nem a proporcionalidade do afastamento no momento atual.<\/p>\n\n\n\n<p><strong>Falta de contemporaneidade foi fator decisivo<\/strong><\/p>\n\n\n\n<p>Um dos principais fundamentos da decis\u00e3o foi a aus\u00eancia de contemporaneidade entre os fatos investigados e a medida extrema de afastamento. De acordo com o ministro relator, as supostas irregularidades teriam ocorrido durante os anos de 2020 e 2021, enquanto a decis\u00e3o de afastamento s\u00f3 foi determinada em outubro de 2025 \u2014 um intervalo de cerca de quatro anos.&nbsp;<\/p>\n\n\n\n<p><\/p>\n","protected":false},"excerpt":{"rendered":"<p>Ministro Nunes Marques concede liminar e garante retorno imediato do governador ao cargo. O ministro Nunes Marques, do Supremo Tribunal Federal (STF), concedeu liminar nesta quinta-feira, 05, para suspender o afastamento cautelar do governador do Tocantins, Wanderlei Barbosa (W.B.C.), determinado anteriormente pelo Superior Tribunal de Justi\u00e7a (STJ). Com a decis\u00e3o, Barbosa est\u00e1 autorizado a reassumir &hellip;<\/p>\n","protected":false},"author":5,"featured_media":11516,"comment_status":"open","ping_status":"open","sticky":false,"template":"","format":"standard","meta":{"footnotes":""},"categories":[1],"tags":[],"class_list":["post-11515","post","type-post","status-publish","format-standard","has-post-thumbnail","","category-sem-categoria"],"_links":{"self":[{"href":"https:\/\/focotocantinense.com.br\/index.php?rest_route=\/wp\/v2\/posts\/11515","targetHints":{"allow":["GET"]}}],"collection":[{"href":"https:\/\/focotocantinense.com.br\/index.php?rest_route=\/wp\/v2\/posts"}],"about":[{"href":"https:\/\/focotocantinense.com.br\/index.php?rest_route=\/wp\/v2\/types\/post"}],"author":[{"embeddable":true,"href":"https:\/\/focotocantinense.com.br\/index.php?rest_route=\/wp\/v2\/users\/5"}],"replies":[{"embeddable":true,"href":"https:\/\/focotocantinense.com.br\/index.php?rest_route=%2Fwp%2Fv2%2Fcomments&post=11515"}],"version-history":[{"count":1,"href":"https:\/\/focotocantinense.com.br\/index.php?rest_route=\/wp\/v2\/posts\/11515\/revisions"}],"predecessor-version":[{"id":11517,"href":"https:\/\/focotocantinense.com.br\/index.php?rest_route=\/wp\/v2\/posts\/11515\/revisions\/11517"}],"wp:featuredmedia":[{"embeddable":true,"href":"https:\/\/focotocantinense.com.br\/index.php?rest_route=\/wp\/v2\/media\/11516"}],"wp:attachment":[{"href":"https:\/\/focotocantinense.com.br\/index.php?rest_route=%2Fwp%2Fv2%2Fmedia&parent=11515"}],"wp:term":[{"taxonomy":"category","embeddable":true,"href":"https:\/\/focotocantinense.com.br\/index.php?rest_route=%2Fwp%2Fv2%2Fcategories&post=11515"},{"taxonomy":"post_tag","embeddable":true,"href":"https:\/\/focotocantinense.com.br\/index.php?rest_route=%2Fwp%2Fv2%2Ftags&post=11515"}],"curies":[{"name":"wp","href":"https:\/\/api.w.org\/{rel}","templated":true}]}}