{"id":11503,"date":"2025-12-04T20:37:26","date_gmt":"2025-12-04T23:37:26","guid":{"rendered":"https:\/\/focotocantinense.com.br\/?p=11503"},"modified":"2025-12-04T20:37:51","modified_gmt":"2025-12-04T23:37:51","slug":"comite-de-cultura-no-tocantins-fortalece-acoes-da-teia-tocantins-2025-como-parceiro-na-formacao-mobilizacao-e-atividades-socioculturais","status":"publish","type":"post","link":"https:\/\/focotocantinense.com.br\/?p=11503","title":{"rendered":"Comit\u00ea de Cultura no Tocantins fortalece a\u00e7\u00f5es da Teia Tocantins 2025 como parceiro na Forma\u00e7\u00e3o, Mobiliza\u00e7\u00e3o e atividades socioculturais"},"content":{"rendered":"\n<p>A Teia Tocantins 2025: Pontos de Cultura pela Justi\u00e7a Clim\u00e1tica ser\u00e1 realizada de 12 a 14 de dezembro, com programa\u00e7\u00e3o em Palmas e Taquaru\u00e7u, reunindo representantes de Pontos e Pont\u00f5es de Cultura de todo o Estado. Esta edi\u00e7\u00e3o tem como foco dialogar sobre diversidade cultural, sustentabilidade, implementa\u00e7\u00e3o da Pol\u00edtica Nacional de Cultura Viva (PNCV) e o papel da cultura diante da emerg\u00eancia clim\u00e1tica.<\/p>\n\n\n\n<figure class=\"wp-block-image size-full is-resized\"><img loading=\"lazy\" decoding=\"async\" width=\"883\" height=\"546\" src=\"https:\/\/focotocantinense.com.br\/wp-content\/uploads\/2025\/12\/aaaaaaaaaaaaa.jpeg\" alt=\"\" class=\"wp-image-11504\" style=\"aspect-ratio:1.6172312135250586;width:381px;height:auto\" srcset=\"https:\/\/focotocantinense.com.br\/wp-content\/uploads\/2025\/12\/aaaaaaaaaaaaa.jpeg 883w, https:\/\/focotocantinense.com.br\/wp-content\/uploads\/2025\/12\/aaaaaaaaaaaaa-300x186.jpeg 300w, https:\/\/focotocantinense.com.br\/wp-content\/uploads\/2025\/12\/aaaaaaaaaaaaa-768x475.jpeg 768w\" sizes=\"auto, (max-width: 883px) 100vw, 883px\" \/><\/figure>\n\n\n\n<p><\/p>\n\n\n\n<p>Al\u00e9m da parceria entre o Governo do Estado, por meio da Secretaria da Cultura (Secult), do Minist\u00e9rio da Cultura (MinC) e da Comiss\u00e3o Organizadora do Colegiado GT Rede Tocantins, a edi\u00e7\u00e3o 2025 ganha refor\u00e7o importante: o Comit\u00ea de Cultura no Tocantins \u00e9 parceiro oficial nas a\u00e7\u00f5es de Forma\u00e7\u00e3o, Mobiliza\u00e7\u00e3o e atividades socioculturais da Teia, contribuindo diretamente para a qualifica\u00e7\u00e3o da programa\u00e7\u00e3o e amplia\u00e7\u00e3o da participa\u00e7\u00e3o social.<\/p>\n\n\n\n<p>O coordenador-geral do Comit\u00ea, Kak\u00e1 Nogueira, destaca que a colabora\u00e7\u00e3o refor\u00e7a o compromisso da institui\u00e7\u00e3o com o fortalecimento da Cultura Viva no Estado. \u201cA Teia \u00e9 um espa\u00e7o fundamental de articula\u00e7\u00e3o, escuta e constru\u00e7\u00e3o coletiva. Para n\u00f3s, do Comit\u00ea de Cultura, participar dessa mobiliza\u00e7\u00e3o significa fortalecer a rede, apoiar os Pontos de Cultura e contribuir para que o Tocantins avance na implementa\u00e7\u00e3o efetiva da Pol\u00edtica Nacional Cultura Viva. Estamos juntos para promover a\u00e7\u00f5es formativas, mobiliza\u00e7\u00f5es nos territ\u00f3rios e atividades socioculturais que reflitam a pot\u00eancia da nossa diversidade e o compromisso com a justi\u00e7a clim\u00e1tica\u201d, afirmou.<\/p>\n\n\n\n<p>A secret\u00e1ria de Estado da Cultura, Regina Reis, refor\u00e7a que a Teia Estadual consolida o compromisso do Tocantins com a cultura comunit\u00e1ria e a atua\u00e7\u00e3o territorial. \u201cA Teia \u00e9 um espa\u00e7o de escuta qualificada e de constru\u00e7\u00e3o coletiva. Quando promovemos a troca entre mestres, fazedores de cultura, movimentos tradicionais e agentes comunit\u00e1rios, fortalecemos toda a pol\u00edtica cultural do Estado. Este encontro reafirma o papel dos Pontos e Pont\u00f5es de Cultura como protagonistas na preserva\u00e7\u00e3o dos saberes e na defesa de um futuro sustent\u00e1vel, em di\u00e1logo com os desafios ambientais que impactam diretamente os territ\u00f3rios\u201d, destacou.<\/p>\n\n\n\n<p><strong>Programa\u00e7\u00e3o<\/strong><\/p>\n\n\n\n<p>A programa\u00e7\u00e3o se organiza em tr\u00eas eixos centrais:<\/p>\n\n\n\n<p>1.&nbsp;&nbsp;&nbsp;&nbsp;&nbsp;&nbsp;&nbsp;&nbsp; G\u00eaneros, Diversidade Cultural e Direitos Humanos<\/p>\n\n\n\n<p>2.&nbsp;&nbsp;&nbsp;&nbsp;&nbsp;&nbsp;&nbsp;&nbsp; Cultura Viva, Sustentabilidade e Justi\u00e7a Clim\u00e1tica no Cerrado<\/p>\n\n\n\n<p>3.&nbsp;&nbsp;&nbsp;&nbsp;&nbsp;&nbsp;&nbsp;&nbsp; Implementa\u00e7\u00e3o, Governan\u00e7a e Gest\u00e3o da PNCV<\/p>\n\n\n\n<p>Al\u00e9m das atividades formativas, a Teia contar\u00e1 com oficinas, apresenta\u00e7\u00f5es art\u00edsticas, circuitos culturais, feira de economia solid\u00e1ria, intera\u00e7\u00f5es est\u00e9ticas e espa\u00e7os de conviv\u00eancia nos Pontos e Pont\u00f5es de Cultura de Taquaru\u00e7u. Tamb\u00e9m estar\u00e1 presente o diretor de Promo\u00e7\u00e3o das Culturas Tradicionais e Populares do MinC, Sebasti\u00e3o Jos\u00e9 Soares, representante da Secretaria de Cidadania e Diversidade Cultural.<\/p>\n\n\n\n<p><strong>Escuta ativa<\/strong><\/p>\n\n\n\n<p>Como prepara\u00e7\u00e3o para o evento, a Secult realizou em 14 de novembro uma agenda de escuta ativa com Pontos e Pont\u00f5es de Cultura, incluindo visitas ao Pote de Ouro, Clube do Artesanato de Taquaru\u00e7u, Circo Os Kaco, Canto das Artes e Casa do Artes\u00e3o \u2014 institui\u00e7\u00f5es que receber\u00e3o parte da programa\u00e7\u00e3o.<\/p>\n\n\n\n<p><strong>Sobre a Teia Tocantins<\/strong><\/p>\n\n\n\n<p>A Teia \u00e9 o encontro que celebra a diversidade cultural viva do Tocantins, reunindo grupos, coletivos e organiza\u00e7\u00f5es certificadas como Pontos e Pont\u00f5es de Cultura. Em sintonia com o tema nacional, integra cultura, meio ambiente e sustentabilidade, refor\u00e7ando o papel dos territ\u00f3rios culturais como agentes de transforma\u00e7\u00e3o social e ecol\u00f3gica.<\/p>\n\n\n\n<p>O encontro integra a prepara\u00e7\u00e3o para a 6\u00aa Teia Nacional \u2013 Pontos de Cultura pela Justi\u00e7a Clim\u00e1tica, que acontecer\u00e1 em mar\u00e7o de 2026, em Aracruz (ES). Atualmente, mais de 9 mil iniciativas s\u00e3o certificadas como Pontos ou Pont\u00f5es de Cultura no pa\u00eds, atuando em a\u00e7\u00f5es art\u00edsticas, comunit\u00e1rias e educativas.<\/p>\n\n\n\n<p>A Teia Tocantins 2025 conta com a participa\u00e7\u00e3o da Comiss\u00e3o Nacional de Pontos de Cultura (CNPdC), do Minist\u00e9rio da Cultura, do GT Rede Tocantins, da Secult, do Comit\u00ea de Cultura no Tocantins e de diversas institui\u00e7\u00f5es parceiras, em alinhamento com a PNCV, a Pol\u00edtica Nacional Aldir Blanc, o Sistema Nacional de Cultura e as diretrizes do Governo Federal.<\/p>\n\n\n\n<p><strong>Comit\u00ea<\/strong><\/p>\n\n\n\n<p>O&nbsp;Comit\u00ea de Cultura&nbsp;no Tocantins \u00e9 resultado de uma parceria entre a Federa\u00e7\u00e3o Tocantinense de Artes C\u00eanicas (FETAC), a Associa\u00e7\u00e3o Gurupiense de Artes\u00e3os (AGA) e o Instituto Social Cultural Araguaia (ISCA). Com sede em Palmas, o&nbsp;comit\u00ea&nbsp;faz parte do Programa Nacional de Comit\u00eas de&nbsp;Cultura&nbsp;do Minist\u00e9rio da&nbsp;Cultura&nbsp;e conta com representa\u00e7\u00f5es regionais: uma em Gurupi, que cobre as regi\u00f5es sul e sudeste do estado, e outra em Aragua\u00edna, respons\u00e1vel pela atua\u00e7\u00e3o no norte do Tocantins.<\/p>\n\n\n\n<figure class=\"wp-block-image size-full is-resized\"><img loading=\"lazy\" decoding=\"async\" width=\"727\" height=\"184\" src=\"https:\/\/focotocantinense.com.br\/wp-content\/uploads\/2025\/12\/SHOW-DE-HUMOR-DE-VINICIUS-MARTINS.jpeg\" alt=\"\" class=\"wp-image-11505\" style=\"width:840px;height:auto\" srcset=\"https:\/\/focotocantinense.com.br\/wp-content\/uploads\/2025\/12\/SHOW-DE-HUMOR-DE-VINICIUS-MARTINS.jpeg 727w, https:\/\/focotocantinense.com.br\/wp-content\/uploads\/2025\/12\/SHOW-DE-HUMOR-DE-VINICIUS-MARTINS-300x76.jpeg 300w\" sizes=\"auto, (max-width: 727px) 100vw, 727px\" \/><\/figure>\n","protected":false},"excerpt":{"rendered":"<p>A Teia Tocantins 2025: Pontos de Cultura pela Justi\u00e7a Clim\u00e1tica ser\u00e1 realizada de 12 a 14 de dezembro, com programa\u00e7\u00e3o em Palmas e Taquaru\u00e7u, reunindo representantes de Pontos e Pont\u00f5es de Cultura de todo o Estado. Esta edi\u00e7\u00e3o tem como foco dialogar sobre diversidade cultural, sustentabilidade, implementa\u00e7\u00e3o da Pol\u00edtica Nacional de Cultura Viva (PNCV) e &hellip;<\/p>\n","protected":false},"author":5,"featured_media":11504,"comment_status":"open","ping_status":"open","sticky":false,"template":"","format":"standard","meta":{"footnotes":""},"categories":[38],"tags":[],"class_list":["post-11503","post","type-post","status-publish","format-standard","has-post-thumbnail","","category-gurupi"],"_links":{"self":[{"href":"https:\/\/focotocantinense.com.br\/index.php?rest_route=\/wp\/v2\/posts\/11503","targetHints":{"allow":["GET"]}}],"collection":[{"href":"https:\/\/focotocantinense.com.br\/index.php?rest_route=\/wp\/v2\/posts"}],"about":[{"href":"https:\/\/focotocantinense.com.br\/index.php?rest_route=\/wp\/v2\/types\/post"}],"author":[{"embeddable":true,"href":"https:\/\/focotocantinense.com.br\/index.php?rest_route=\/wp\/v2\/users\/5"}],"replies":[{"embeddable":true,"href":"https:\/\/focotocantinense.com.br\/index.php?rest_route=%2Fwp%2Fv2%2Fcomments&post=11503"}],"version-history":[{"count":2,"href":"https:\/\/focotocantinense.com.br\/index.php?rest_route=\/wp\/v2\/posts\/11503\/revisions"}],"predecessor-version":[{"id":11507,"href":"https:\/\/focotocantinense.com.br\/index.php?rest_route=\/wp\/v2\/posts\/11503\/revisions\/11507"}],"wp:featuredmedia":[{"embeddable":true,"href":"https:\/\/focotocantinense.com.br\/index.php?rest_route=\/wp\/v2\/media\/11504"}],"wp:attachment":[{"href":"https:\/\/focotocantinense.com.br\/index.php?rest_route=%2Fwp%2Fv2%2Fmedia&parent=11503"}],"wp:term":[{"taxonomy":"category","embeddable":true,"href":"https:\/\/focotocantinense.com.br\/index.php?rest_route=%2Fwp%2Fv2%2Fcategories&post=11503"},{"taxonomy":"post_tag","embeddable":true,"href":"https:\/\/focotocantinense.com.br\/index.php?rest_route=%2Fwp%2Fv2%2Ftags&post=11503"}],"curies":[{"name":"wp","href":"https:\/\/api.w.org\/{rel}","templated":true}]}}