{"id":1150,"date":"2021-04-22T15:49:50","date_gmt":"2021-04-22T18:49:50","guid":{"rendered":"https:\/\/focotocantinense.com.br\/?p=1150"},"modified":"2021-04-22T15:49:53","modified_gmt":"2021-04-22T18:49:53","slug":"medalhoes-da-musica-tocantinense-aprovam-projeto-feira-de-ca-da-cantora-keila-lipe-selecionado-no-promic-da-prefeitura-de-palmas","status":"publish","type":"post","link":"https:\/\/focotocantinense.com.br\/?p=1150","title":{"rendered":"Medalh\u00f5es da m\u00fasica tocantinense aprovam projeto \u201cFeira de C\u00e1\u201d, da cantora Keila Lipe, selecionado no Promic da Prefeitura de Palmas"},"content":{"rendered":"\n<p>A depender das b\u00eanc\u00e3os dos grandes nomes da can\u00e7\u00e3o autoral no Tocantins, o projeto \u201cFeira de C\u00e1 &#8211; Keila Lipe Interpreta Sucessos Tocantinenses nas Feiras de Palmas\u201d, j\u00e1 \u00e9 um sucesso antes mesmo da sua realiza\u00e7\u00e3o. Nomes como Gen\u00e9sio Tocantins, Doriv\u00e3 e Braguinha Barroso, que assinam parte das can\u00e7\u00f5es do repert\u00f3rio do show, d\u00e3o o ok para o \u00eaxito da a\u00e7\u00e3o. \u201cFeira de C\u00e1&#8230;\u201d consiste em quatro (04) shows da artista acompanhada de uma banda nas principais feiras livres da capital e ser\u00e1 realizado no primeiro semestre desse ano. Mais informa\u00e7\u00f5es pelo telefone (63) 9 9230-3182 ou pelo e-mail pretextooficina@gmail.com.<\/p>\n\n\n\n<p>O repert\u00f3rio dos quatro shows ser\u00e1 o seguinte: Bossa para Graciosa, Camale\u00e3o, e Catiabai\u00e3o todas de Luiz Teixeira; De Ponta a Cabe\u00e7a , de Keila Lipe; Flauta de Taboca, Senzala, Cantador de Cora\u00e7\u00e3o, e Interior, todas de Lucimar; Lua da Saudade, Canto de Arriba\u00e7\u00e3o, e Coco Livre, todas de Gen\u00e9sio Tocantins; Feira de C\u00e1, de Doriv\u00e3, Antonio Roveroni, Paulo Albuquerque, Chico Chokolate e Ronaldo Teixeira; O Rezad\u00f4, de Braguinha Barroso e Pomp\u00edlio Diniz; Can\u00e7\u00f5es Aladas, de Qu\u00e9sia Carvalho; e Sussa, de Everton dos Andes. A dire\u00e7\u00e3o musical \u00e9 de Lucimar e a produ\u00e7\u00e3o de Marcelo Sousa.<\/p>\n\n\n\n<p>Para Gen\u00e9sio Tocantins, cantor e compositor, que j\u00e1 levou a bandeira do Estado para o pa\u00eds e o mundo em sua linda trajet\u00f3ria, esse projeto \u00e9 muito importante porque ressalta o espa\u00e7o das feiras livres como local de maior tradi\u00e7\u00e3o cultural de um povo. \u201cConheci Keila Lipe ainda em Aragua\u00edna. Quando ela veio para c\u00e1 (Palmas), sempre demonstrou toda uma proximidade com os cantores e compositores, com os poetas, com os escritores. \u00c9 uma int\u00e9rprete de uma qualidade excepcional, \u00e9 uma artista que faz a gente sentir que o Tocantins tem grandes talentos, tem grandes autores, cantores, int\u00e9rpretes dessa poesia amaz\u00f4nica, dessa poesia tocantinense, da poesia desse cerrado que tem uma caracter\u00edstica pr\u00f3pria. E, com certeza, vem construindo essa identidade e esse<\/p>\n\n\n\n<p>sentimento de pertencer a este lugar. O projeto Feira de C\u00e1 t\u00e1 muito claro, fala justamente disso, a tradi\u00e7\u00e3o das feiras do interior do Brasil, n\u00e3o s\u00f3 do interior do Tocantins, mas do mundo. Nas feiras \u00e9 onde circulam as culturas, as artes, as pessoas, o povo que vai tanto adquirir produtos mais naturais, como ouvir os preg\u00f5es dos feirantes. \u00c9 um espa\u00e7o dedicado a muita prosa e poesia, as feiras, al\u00e9m de contar com a quest\u00e3o dos cheiros, dos temperos, das comidas, das bebidas, das pa\u00e7ocas, e por a\u00ed vai. Ela est\u00e1 de parab\u00e9ns pelo projeto, pela ideia, e desejo amplo sucesso para essa minha amiga, Keila Lipe\u201d, disse.<\/p>\n\n\n\n<p>De acordo com Doriv\u00e3, o j\u00e1 conhecido Passarim do Jalap\u00e3o, que tem levado a bandeira da m\u00fasica feita no Tocantins para todos os cantos, \u00e9 uma honra estar nesse projeto. \u201cPra mim est\u00e1 sendo uma honra participar desse projeto como autor, como compositor. Porque ele tem um t\u00edtulo muito sugestivo, a partir de uma can\u00e7\u00e3o na qual eu participei, de um coletivo junto com Ronaldo Teixeira, com Chico Chokolate, Paulo Albuquerque e Roveroni. E a gente tinha esse sonho de juntar esse coletivo para fazer m\u00fasica e, numa noitada dessas, a gente conseguiu tirar essa m\u00fasica do embornal. Ela parece que j\u00e1 estava l\u00e1. A gente chegou, foi brincando e a m\u00fasica nasceu. Ent\u00e3o, eu acho bacana m\u00fasicas que nascem de coletivos assim, porque pinta muitas ideias bacanas. E o t\u00edtulo \u00e9 Feira de C\u00e1, como eu sou um apaixonado pelas feiras, sou filho das feiras, minha m\u00e3e tinha banca na feira, eu nasci praticamente dentro das feiras, do mercado municipal de Gurupi. E fico muito feliz de estar participando desse projeto, ser convidado pela Keila Lipe. Que Feira de C\u00e1 possa encantar Palmas, o Tocantins e o Brasil\u201d, afirmou.<\/p>\n\n\n\n<p>Braguinha Barroso, lend\u00e1rio festivaleiro e cantador das coisas do norte goiano, hoje Tocantins, e que j\u00e1 teve at\u00e9 no festival de \u00c1guas Claras, em Iacanga, interior de S\u00e3o Paulo, na d\u00e9cada de 1980, afirma que Keila Lipe \u00e9 uma das grades vozes femininas do estado na atualidade. \u201cFalar da Keila Lipe \u00e9 muito bom, porque al\u00e9m de ser uma grande cantora, \u00e9 uma pessoa maravilhosa. Ent\u00e3o, esse projeto da Feira de C\u00e1, feira de c\u00e1, feira de l\u00e1, \u00e9 um projeto muito bom, maravilhoso, \u00e9 a integra\u00e7\u00e3o da nossa cultura diretamente junto ao nosso povo, o trabalhador. \u00c9 importante de um modo geral, ainda mais que ela t\u00e1 levando um trabalho cheio de cren\u00e7as e magias. Ela vai cantar a m\u00fasica \u2018Rezad\u00f4\u2019, minha e<\/p>\n\n\n\n<p>de Pomp\u00edlio Diniz. V\u00e3o l\u00e1, gente, porque ela t\u00e1 bezendo. Onde ela passa \u00e9 s\u00f3 b\u00eanc\u00e3os. Salve, salve Keila Lipe!\u201d, destacou.<\/p>\n\n\n\n<p>Aprovado no Programa Municipal de Incentivo \u00e0 Cultura (Promic), da Funda\u00e7\u00e3o Cultural de Palmas, \u00f3rg\u00e3o da Prefeitura Municipal de Palmas, o projeto prev\u00ea a realiza\u00e7\u00e3o de quatro (04) apresenta\u00e7\u00f5es \u00fanicas nas feiras da 304 Sul, 407 Norte, 1.106 Sul e da Feira do Bosque, com um repert\u00f3rio composto por grandes medalh\u00f5es da m\u00fasica popular do Tocantins, como Gen\u00e9sio Tocantins, Braguinha Barroso, Lucimar, Everton dos Andes, Doriv\u00e3 e outros. Tem como proposta levar lazer, entretenimento e cultura aos feirantes e aos usu\u00e1rios das feiras populares de Palmas, por meio da realiza\u00e7\u00e3o de shows musicais itinerantes e gratuitos da cantora e int\u00e9prete Keila Lipe e Banda. Devido a pandemia, o Projeto ser\u00e1 realizado em datas oportunas ainda nesse primeiro semestre desse ano. Al\u00e9m de figurino exclusivo, a cantora ser\u00e1 acompanhada por uma banda completa. Para tanto, os ensaios j\u00e1 est\u00e3o sendo realizados em um est\u00fadio musical na Capital.<\/p>\n\n\n\n<p>Keila Lipe<\/p>\n\n\n\n<p>A cantora e int\u00e9rprete Keila Lipe atua no mercado musical tocantinense h\u00e1 mais de 20 anos com apresenta\u00e7\u00f5es em shows e premia\u00e7\u00f5es em v\u00e1rios festivais. Possui um CD gravado: \u201ckeilalipe.com\/luizteixeira\u201d de autoria e produ\u00e7\u00e3o do compositor Luiz Teixeira. Participou de v\u00e1rias colet\u00e2neas e projetos com artistas como Lucimar Pereira, Gen\u00e9sio Tocantins, Jura\u00edldes da Cruz, Braguinha Barroso, dentre outros. Com um repertorio ecl\u00e9tico, sua prioridade \u00e9 a MPB e a m\u00fasica regional. Como uma representante leg\u00edtima da MPB, participou do evento internacional \u201cAno do Brasil na Fran\u00e7a\u201d, em Paris, em 2005. Atua na noite palmense cantando nos melhores bares da Capital e em eventos institucionais.<\/p>\n\n\n\n<p>Promic<\/p>\n\n\n\n<p>O Programa Municipal de Incentivo \u00e0 Cultura (Promic), fomenta, por meio de edital, projetos art\u00edsticos, culturais e de cidadania com recursos financeiros do Fundo Municipal de Apoio \u00e0 Cultura, da Prefeitura Municipal de Palmas, por meio da Funda\u00e7\u00e3o Cultural de Palmas. O Promic tem como objetivo fomentar, incentivar, valorizar, estimular, fortalecer,<\/p>\n\n\n\n<p>capacitar e difundir bens e servi\u00e7os culturais em Palmas, patrocinando por meio de sele\u00e7\u00e3o p\u00fablica, projetos que buscam realizar pesquisas, cria\u00e7\u00e3o, produ\u00e7\u00e3o e circula\u00e7\u00e3o de trabalhos culturais e art\u00edsticos.<\/p>\n\n\n\n<p>Servi\u00e7o<\/p>\n\n\n\n<p>O qu\u00ea: Projeto &#8220;Feira de C\u00e1 &#8211; Keila Lipe Interpreta Sucessos da M\u00fasica Popular Tocantinense nas Feiras de Palmas<\/p>\n\n\n\n<p>Como: realiza\u00e7\u00e3o de shows musicais com acesso gratuito<\/p>\n\n\n\n<p>Onde: Feiras livres da 304 Sul; 407 Norte; 1.106 Sul e Feira do Bosque<\/p>\n\n\n\n<p>Quando: a definir (primeiro semestre de 2021)<\/p>\n\n\n\n<p>Informa\u00e7\u00f5es: (63) 9 9230-3182 \/ pretextooficina@gmail.com<\/p>\n\n\n\n<p>Imagem dispon\u00edvel para donwnload: https:\/\/bityli.com\/spkQO<\/p>\n\n\n\n<p>Pretexto \u2014 oficina de comunica\u00e7\u00e3o e cultura \u00e9: Ronaldo Coelho Teixeira \u2014 jornalista e gestor cultural. ARNE 63, Rua 6, QI-8, Lote 24 \u2013 77006-626 &#8211; Palmas-TO. (63) 9 9230-3182 (zap). pretextooficina@gmail.com &#8211; Os textos podem ser reproduzidos para divulga\u00e7\u00e3o, desde que sejam citadas a fonte.<\/p>\n","protected":false},"excerpt":{"rendered":"<p>A depender das b\u00eanc\u00e3os dos grandes nomes da can\u00e7\u00e3o autoral no Tocantins, o projeto \u201cFeira de C\u00e1 &#8211; Keila Lipe Interpreta Sucessos Tocantinenses nas Feiras de Palmas\u201d, j\u00e1 \u00e9 um sucesso antes mesmo da sua realiza\u00e7\u00e3o. Nomes como Gen\u00e9sio Tocantins, Doriv\u00e3 e Braguinha Barroso, que assinam parte das can\u00e7\u00f5es do repert\u00f3rio do show, d\u00e3o o &hellip;<\/p>\n","protected":false},"author":5,"featured_media":1154,"comment_status":"open","ping_status":"open","sticky":false,"template":"","format":"standard","meta":{"footnotes":""},"categories":[1],"tags":[],"class_list":["post-1150","post","type-post","status-publish","format-standard","has-post-thumbnail","","category-sem-categoria"],"_links":{"self":[{"href":"https:\/\/focotocantinense.com.br\/index.php?rest_route=\/wp\/v2\/posts\/1150","targetHints":{"allow":["GET"]}}],"collection":[{"href":"https:\/\/focotocantinense.com.br\/index.php?rest_route=\/wp\/v2\/posts"}],"about":[{"href":"https:\/\/focotocantinense.com.br\/index.php?rest_route=\/wp\/v2\/types\/post"}],"author":[{"embeddable":true,"href":"https:\/\/focotocantinense.com.br\/index.php?rest_route=\/wp\/v2\/users\/5"}],"replies":[{"embeddable":true,"href":"https:\/\/focotocantinense.com.br\/index.php?rest_route=%2Fwp%2Fv2%2Fcomments&post=1150"}],"version-history":[{"count":1,"href":"https:\/\/focotocantinense.com.br\/index.php?rest_route=\/wp\/v2\/posts\/1150\/revisions"}],"predecessor-version":[{"id":1151,"href":"https:\/\/focotocantinense.com.br\/index.php?rest_route=\/wp\/v2\/posts\/1150\/revisions\/1151"}],"wp:featuredmedia":[{"embeddable":true,"href":"https:\/\/focotocantinense.com.br\/index.php?rest_route=\/wp\/v2\/media\/1154"}],"wp:attachment":[{"href":"https:\/\/focotocantinense.com.br\/index.php?rest_route=%2Fwp%2Fv2%2Fmedia&parent=1150"}],"wp:term":[{"taxonomy":"category","embeddable":true,"href":"https:\/\/focotocantinense.com.br\/index.php?rest_route=%2Fwp%2Fv2%2Fcategories&post=1150"},{"taxonomy":"post_tag","embeddable":true,"href":"https:\/\/focotocantinense.com.br\/index.php?rest_route=%2Fwp%2Fv2%2Ftags&post=1150"}],"curies":[{"name":"wp","href":"https:\/\/api.w.org\/{rel}","templated":true}]}}