{"id":11499,"date":"2025-12-04T18:11:34","date_gmt":"2025-12-04T21:11:34","guid":{"rendered":"https:\/\/focotocantinense.com.br\/?p=11499"},"modified":"2025-12-04T18:11:34","modified_gmt":"2025-12-04T21:11:34","slug":"deputado-federal-toinho-andrade-participa-da-inauguracao-do-cat-em-pindorama-do-tocantins","status":"publish","type":"post","link":"https:\/\/focotocantinense.com.br\/?p=11499","title":{"rendered":"Deputado Federal Toinho Andrade participa da inaugura\u00e7\u00e3o do CAT em Pindorama do Tocantins"},"content":{"rendered":"\n<figure class=\"wp-block-image size-large is-resized\"><img loading=\"lazy\" decoding=\"async\" width=\"1024\" height=\"576\" src=\"https:\/\/focotocantinense.com.br\/wp-content\/uploads\/2025\/12\/WhatsApp-Image-2025-12-04-at-14.59.15-1024x576.jpeg\" alt=\"\" class=\"wp-image-11500\" style=\"width:343px;height:auto\" srcset=\"https:\/\/focotocantinense.com.br\/wp-content\/uploads\/2025\/12\/WhatsApp-Image-2025-12-04-at-14.59.15-1024x576.jpeg 1024w, https:\/\/focotocantinense.com.br\/wp-content\/uploads\/2025\/12\/WhatsApp-Image-2025-12-04-at-14.59.15-300x169.jpeg 300w, https:\/\/focotocantinense.com.br\/wp-content\/uploads\/2025\/12\/WhatsApp-Image-2025-12-04-at-14.59.15-768x432.jpeg 768w, https:\/\/focotocantinense.com.br\/wp-content\/uploads\/2025\/12\/WhatsApp-Image-2025-12-04-at-14.59.15.jpeg 1280w\" sizes=\"auto, (max-width: 1024px) 100vw, 1024px\" \/><\/figure>\n\n\n\n<p>O Deputado Federal Toinho Andrade participou, nesta semana, de uma grande conquista para Pindorama do Tocantins: a inaugura\u00e7\u00e3o do CAT \u2013 Centro de Atendimento ao Turista. O novo espa\u00e7o foi entregue ao lado do Governador Laurez Moreira, do Prefeito Dr. Thiago Tapaj\u00f3s, do Vice-Prefeito Almir Batista, al\u00e9m de diversas autoridades do Governo do Estado, em uma cerim\u00f4nia que celebra a busca pelo fortalecimento e desenvolvimento tur\u00edstico e econ\u00f4mico do munic\u00edpio.<\/p>\n\n\n\n<p>O Centro de Atendimento chega como um importante instrumento para impulsionar o turismo local, oferecendo informa\u00e7\u00f5es, acolhimento e suporte aos visitantes. Al\u00e9m disso, o espa\u00e7o vai gerar novas oportunidades, movimentar a economia e valorizar ainda mais as riquezas culturais e naturais da regi\u00e3o.<\/p>\n\n\n\n<p>Para o deputado Toinho Andrade, a inaugura\u00e7\u00e3o do Centro representa um passo significativo na promo\u00e7\u00e3o do potencial tur\u00edstico de Pindorama:<br>\u201cO turismo \u00e9 uma das grandes for\u00e7as de desenvolvimento do Tocantins. Este espa\u00e7o vai ajudar a abrir portas, movimentar a economia e dar ainda mais visibilidade \u00e0s belezas da nossa terra.\u201d<\/p>\n\n\n\n<figure class=\"wp-block-image size-large\"><img loading=\"lazy\" decoding=\"async\" width=\"1024\" height=\"576\" src=\"https:\/\/focotocantinense.com.br\/wp-content\/uploads\/2025\/12\/WhatsApp-Image-2025-12-04-at-14.59.15-1-1024x576.jpeg\" alt=\"\" class=\"wp-image-11501\" srcset=\"https:\/\/focotocantinense.com.br\/wp-content\/uploads\/2025\/12\/WhatsApp-Image-2025-12-04-at-14.59.15-1-1024x576.jpeg 1024w, https:\/\/focotocantinense.com.br\/wp-content\/uploads\/2025\/12\/WhatsApp-Image-2025-12-04-at-14.59.15-1-300x169.jpeg 300w, https:\/\/focotocantinense.com.br\/wp-content\/uploads\/2025\/12\/WhatsApp-Image-2025-12-04-at-14.59.15-1-768x432.jpeg 768w, https:\/\/focotocantinense.com.br\/wp-content\/uploads\/2025\/12\/WhatsApp-Image-2025-12-04-at-14.59.15-1.jpeg 1280w\" sizes=\"auto, (max-width: 1024px) 100vw, 1024px\" \/><\/figure>\n\n\n\n<p>A entrega do CAT reafirma o compromisso das lideran\u00e7as com investimentos estrat\u00e9gicos voltados ao crescimento sustent\u00e1vel e ao fortalecimento do turismo em Pindorama do Tocantins.<\/p>\n\n\n\n<p><\/p>\n","protected":false},"excerpt":{"rendered":"<p>O Deputado Federal Toinho Andrade participou, nesta semana, de uma grande conquista para Pindorama do Tocantins: a inaugura\u00e7\u00e3o do CAT \u2013 Centro de Atendimento ao Turista. O novo espa\u00e7o foi entregue ao lado do Governador Laurez Moreira, do Prefeito Dr. Thiago Tapaj\u00f3s, do Vice-Prefeito Almir Batista, al\u00e9m de diversas autoridades do Governo do Estado, em &hellip;<\/p>\n","protected":false},"author":5,"featured_media":11501,"comment_status":"open","ping_status":"open","sticky":false,"template":"","format":"standard","meta":{"footnotes":""},"categories":[1],"tags":[],"class_list":["post-11499","post","type-post","status-publish","format-standard","has-post-thumbnail","","category-sem-categoria"],"_links":{"self":[{"href":"https:\/\/focotocantinense.com.br\/index.php?rest_route=\/wp\/v2\/posts\/11499","targetHints":{"allow":["GET"]}}],"collection":[{"href":"https:\/\/focotocantinense.com.br\/index.php?rest_route=\/wp\/v2\/posts"}],"about":[{"href":"https:\/\/focotocantinense.com.br\/index.php?rest_route=\/wp\/v2\/types\/post"}],"author":[{"embeddable":true,"href":"https:\/\/focotocantinense.com.br\/index.php?rest_route=\/wp\/v2\/users\/5"}],"replies":[{"embeddable":true,"href":"https:\/\/focotocantinense.com.br\/index.php?rest_route=%2Fwp%2Fv2%2Fcomments&post=11499"}],"version-history":[{"count":1,"href":"https:\/\/focotocantinense.com.br\/index.php?rest_route=\/wp\/v2\/posts\/11499\/revisions"}],"predecessor-version":[{"id":11502,"href":"https:\/\/focotocantinense.com.br\/index.php?rest_route=\/wp\/v2\/posts\/11499\/revisions\/11502"}],"wp:featuredmedia":[{"embeddable":true,"href":"https:\/\/focotocantinense.com.br\/index.php?rest_route=\/wp\/v2\/media\/11501"}],"wp:attachment":[{"href":"https:\/\/focotocantinense.com.br\/index.php?rest_route=%2Fwp%2Fv2%2Fmedia&parent=11499"}],"wp:term":[{"taxonomy":"category","embeddable":true,"href":"https:\/\/focotocantinense.com.br\/index.php?rest_route=%2Fwp%2Fv2%2Fcategories&post=11499"},{"taxonomy":"post_tag","embeddable":true,"href":"https:\/\/focotocantinense.com.br\/index.php?rest_route=%2Fwp%2Fv2%2Ftags&post=11499"}],"curies":[{"name":"wp","href":"https:\/\/api.w.org\/{rel}","templated":true}]}}