{"id":11491,"date":"2025-12-02T17:37:46","date_gmt":"2025-12-02T20:37:46","guid":{"rendered":"https:\/\/focotocantinense.com.br\/?p=11491"},"modified":"2025-12-02T17:40:41","modified_gmt":"2025-12-02T20:40:41","slug":"atletas-tocantinenses-viajam-para-sao-paulo-para-disputar-a-copinha-feminina-e-representam-o-talento-esportivo-do-tocantins","status":"publish","type":"post","link":"https:\/\/focotocantinense.com.br\/?p=11491","title":{"rendered":"Atletas tocantinenses viajam para S\u00e3o Paulo para disputar a Copinha Feminina e representam o talento esportivo do Tocantins"},"content":{"rendered":"\n<p><strong><em>Por Jonas Amaral<\/em><\/strong><\/p>\n\n\n\n<p>A manh\u00e3 desta ter\u00e7a-feira, 2 de dezembro, come\u00e7ou com malas prontas, ansiedade no ar e um sentimento de realiza\u00e7\u00e3o para duas jovens atletas tocantinenses que embarcam logo mais \u00e0 noite. Kelly da Cruz Souza, 16 anos, e Mhabya Cardoso dos Santos, 19, deixam o Tocantins e seguem rumo a S\u00e3o Paulo para disputar a Copinha Feminina, competi\u00e7\u00e3o que transformou o futebol de base em vitrine nacional. As duas fazem parte do elenco do Alian\u00e7a Futebol Feminino, tradicional pot\u00eancia do futebol goiano, ap\u00f3s trajet\u00f3rias constru\u00eddas e lapidadas dentro da Associa\u00e7\u00e3o Esportiva de Concei\u00e7\u00e3o \u00c1guia Real, sob o olhar atento do diretor esportivo M\u00e1rcio Leite.<\/p>\n\n\n\n<figure class=\"wp-block-image size-full is-resized\"><img loading=\"lazy\" decoding=\"async\" width=\"768\" height=\"473\" src=\"https:\/\/focotocantinense.com.br\/wp-content\/uploads\/2025\/12\/AMARAL.jpeg\" alt=\"\" class=\"wp-image-11492\" style=\"width:406px;height:auto\" srcset=\"https:\/\/focotocantinense.com.br\/wp-content\/uploads\/2025\/12\/AMARAL.jpeg 768w, https:\/\/focotocantinense.com.br\/wp-content\/uploads\/2025\/12\/AMARAL-300x185.jpeg 300w\" sizes=\"auto, (max-width: 768px) 100vw, 768px\" \/><\/figure>\n\n\n\n<p><em><strong>Kelly da Cruz e Mhabya Cardoso, reveladas pelo projeto \u00c1guia Real, encaram Flamengo, Corinthians e Crici\u00fama na maior competi\u00e7\u00e3o de base do futebol feminino brasileiro.<\/strong><\/em><\/p>\n\n\n\n<p><strong><em>O talento precoce que ganhou asas<\/em><\/strong><\/p>\n\n\n\n<p>A hist\u00f3ria de Kelly come\u00e7a em Peixe-TO, onde a bola chegou antes mesmo que a adolesc\u00eancia. Aos 8 anos ela j\u00e1 integrava projetos esportivos municipais, aprimorando fundamentos e demonstrando uma maturidade incomum para a idade. Quando completou 14 anos, sua presen\u00e7a em quadra j\u00e1 se igualava \u00e0 de atletas mais velhas, antecipando o que viria pela frente.<\/p>\n\n\n\n<p>O interc\u00e2mbio com o \u00c1guia Real transformou esse potencial em t\u00e9cnica apurada. N\u00e3o tardaram os resultados: vice-campe\u00e3 da Ta\u00e7a Nilton Santos Sub-15, em Palmas, e destaque no vice-campeonato Sub-17 pelo Polivalente, em 2024. Em 2025, sua for\u00e7a competitiva se consolidou ao vencer a Ta\u00e7a das Favelas representando o setor Gentil Meireles, al\u00e9m de disputar o Goiano Sub-17 pelo Alian\u00e7a, clube que agora a leva \u00e0 Copinha.<\/p>\n\n\n\n<p><strong><em>A volta por cima que virou cap\u00edtulo de supera\u00e7\u00e3o<\/em><\/strong><\/p>\n\n\n\n<p>Enquanto Kelly desenvolvia sua trajet\u00f3ria entre escolinhas e projetos municipais, Mhabya, natural de Concei\u00e7\u00e3o do Tocantins, escrevia um caminho marcado por versatilidade e resist\u00eancia emocional. Come\u00e7ou no futsal, modalidade na qual foi campe\u00e3 estudantil regional pelo Col\u00e9gio Estadual Coronel Jos\u00e9 Francisco de Azevedo. Em 2022 trocou as quadras pelo campo e encontrou no projeto \u00c1guia Real o ambiente ideal para evoluir.<\/p>\n\n\n\n<p>Seu nome ganhou destaque em 2024, quando defendeu o 100 Limites, de Aragua\u00edna, conquistando a Copa Nilton Santos Sub-18, o Society local e o Campeonato Estadual contra o Para\u00edso. A dispensa inesperada, por\u00e9m, for\u00e7ou um recome\u00e7o. Longe de desanimar, Mhabya retornou ao \u00c1guia Real e reencontrou seu melhor futebol.<\/p>\n\n\n<div class=\"wp-block-image\">\n<figure class=\"aligncenter\"><img decoding=\"async\" src=\"https:\/\/portaldoamaral.com.br\/wp-content\/uploads\/2025\/12\/Aguia-Real.jpg\" alt=\"\" class=\"wp-image-179165\"\/><\/figure>\n<\/div>\n\n\n<p><\/p>\n\n\n\n<p>A virada definitiva aconteceu em 2025, quando foi aprovada em testes pelo Alian\u00e7a \u2014 o maior campe\u00e3o goiano da hist\u00f3ria. A estreia foi simb\u00f3lica: marcou o gol da virada na vit\u00f3ria por 4 a 2 sobre o Hidrolandense e assumiu a camisa 10. Liderou a equipe ao t\u00edtulo estadual Sub-20, venceu os JUBs Nacional pela UniEvang\u00e9lica, faturou a Ta\u00e7a das Favelas e&nbsp;recentemente&nbsp;atuou no Goian\u00e3o Profissional, experi\u00eancia que refor\u00e7a sua identidade de atleta madura e decisiva.<\/p>\n\n\n<div class=\"wp-block-image\">\n<figure class=\"aligncenter\"><img decoding=\"async\" src=\"https:\/\/portaldoamaral.com.br\/wp-content\/uploads\/2025\/12\/Real.jpg\" alt=\"\" class=\"wp-image-179164\"\/><\/figure>\n<\/div>\n\n\n<p><\/p>\n\n\n\n<p><strong><em>A Copinha como vitrine e divisor de futuro<\/em><\/strong><\/p>\n\n\n\n<p>Embarcadas para S\u00e3o Paulo, as duas jovens carregam mais do que expectativas individuais: representam o esfor\u00e7o coletivo de um projeto esportivo que transforma vidas no interior do Tocantins. A Copinha Feminina, por reunir atletas promissoras de todo o pa\u00eds, desponta como o cen\u00e1rio ideal para que Kelly e Mhabya ampliem horizontes e chamem aten\u00e7\u00e3o de clubes profissionais.<\/p>\n\n\n\n<p>O trabalho desenvolvido pela Associa\u00e7\u00e3o Esportiva de Concei\u00e7\u00e3o \u00c1guia Real, conduzido por M\u00e1rcio Leite, mostra que talento, quando encontrado e acompanhado de forma respons\u00e1vel, encontra caminhos. O futebol brasileiro cresce quando hist\u00f3rias como estas ganham espa\u00e7o.<\/p>\n\n\n\n<figure class=\"wp-block-image size-full is-resized\"><img loading=\"lazy\" decoding=\"async\" width=\"727\" height=\"184\" src=\"https:\/\/focotocantinense.com.br\/wp-content\/uploads\/2025\/11\/SHOW-DE-HUMOR-DE-VINICIUS-MARTINS-7.jpeg\" alt=\"\" class=\"wp-image-11460\" style=\"width:840px;height:auto\" srcset=\"https:\/\/focotocantinense.com.br\/wp-content\/uploads\/2025\/11\/SHOW-DE-HUMOR-DE-VINICIUS-MARTINS-7.jpeg 727w, https:\/\/focotocantinense.com.br\/wp-content\/uploads\/2025\/11\/SHOW-DE-HUMOR-DE-VINICIUS-MARTINS-7-300x76.jpeg 300w\" sizes=\"auto, (max-width: 727px) 100vw, 727px\" \/><\/figure>\n","protected":false},"excerpt":{"rendered":"<p>Por Jonas Amaral A manh\u00e3 desta ter\u00e7a-feira, 2 de dezembro, come\u00e7ou com malas prontas, ansiedade no ar e um sentimento de realiza\u00e7\u00e3o para duas jovens atletas tocantinenses que embarcam logo mais \u00e0 noite. Kelly da Cruz Souza, 16 anos, e Mhabya Cardoso dos Santos, 19, deixam o Tocantins e seguem rumo a S\u00e3o Paulo para &hellip;<\/p>\n","protected":false},"author":5,"featured_media":11492,"comment_status":"open","ping_status":"open","sticky":false,"template":"","format":"standard","meta":{"footnotes":""},"categories":[38],"tags":[],"class_list":["post-11491","post","type-post","status-publish","format-standard","has-post-thumbnail","","category-gurupi"],"_links":{"self":[{"href":"https:\/\/focotocantinense.com.br\/index.php?rest_route=\/wp\/v2\/posts\/11491","targetHints":{"allow":["GET"]}}],"collection":[{"href":"https:\/\/focotocantinense.com.br\/index.php?rest_route=\/wp\/v2\/posts"}],"about":[{"href":"https:\/\/focotocantinense.com.br\/index.php?rest_route=\/wp\/v2\/types\/post"}],"author":[{"embeddable":true,"href":"https:\/\/focotocantinense.com.br\/index.php?rest_route=\/wp\/v2\/users\/5"}],"replies":[{"embeddable":true,"href":"https:\/\/focotocantinense.com.br\/index.php?rest_route=%2Fwp%2Fv2%2Fcomments&post=11491"}],"version-history":[{"count":4,"href":"https:\/\/focotocantinense.com.br\/index.php?rest_route=\/wp\/v2\/posts\/11491\/revisions"}],"predecessor-version":[{"id":11497,"href":"https:\/\/focotocantinense.com.br\/index.php?rest_route=\/wp\/v2\/posts\/11491\/revisions\/11497"}],"wp:featuredmedia":[{"embeddable":true,"href":"https:\/\/focotocantinense.com.br\/index.php?rest_route=\/wp\/v2\/media\/11492"}],"wp:attachment":[{"href":"https:\/\/focotocantinense.com.br\/index.php?rest_route=%2Fwp%2Fv2%2Fmedia&parent=11491"}],"wp:term":[{"taxonomy":"category","embeddable":true,"href":"https:\/\/focotocantinense.com.br\/index.php?rest_route=%2Fwp%2Fv2%2Fcategories&post=11491"},{"taxonomy":"post_tag","embeddable":true,"href":"https:\/\/focotocantinense.com.br\/index.php?rest_route=%2Fwp%2Fv2%2Ftags&post=11491"}],"curies":[{"name":"wp","href":"https:\/\/api.w.org\/{rel}","templated":true}]}}